{"id":2334,"date":"2025-03-24T23:27:45","date_gmt":"2025-03-25T02:27:45","guid":{"rendered":"https:\/\/lapatriafutbolera.com.ar\/?p=2334"},"modified":"2025-03-24T23:33:54","modified_gmt":"2025-03-25T02:33:54","slug":"el-corazon-de-maradona-un-misterio-revelado-y-clave-en-el-juicio-por-su-muerte","status":"publish","type":"post","link":"https:\/\/lapatriafutbolera.com.ar\/index.php\/2025\/03\/24\/el-corazon-de-maradona-un-misterio-revelado-y-clave-en-el-juicio-por-su-muerte\/","title":{"rendered":"El coraz\u00f3n de Maradona"},"content":{"rendered":"\n<p>Un misterio revelado y clave en el juicio por su muerte: la sorprendente verdad detr\u00e1s del \u00f3rgano m\u00e1s simb\u00f3lico del \u00eddolo argentino, pieza esencial para esclarecer responsabilidades judiciales tras su muerte.<\/p>\n\n\n\n<p id=\"paragraph_1\">El&nbsp;<strong>coraz\u00f3n de Maradona<\/strong>&nbsp;es uno de los elementos clave que protagonizan el juicio iniciado este martes 11 de marzo de 2025 en los&nbsp;<a href=\"https:\/\/www.elespanol.com\/deportes\/futbol\/20250311\/comienza-juicio-muerte-maradona-acusados-claves-ultimas-semanas-diego\/930157315_0.html?utm_cmp_rs=linksinline\"><strong>Tribunales de San Isidro<\/strong><\/a>.<\/p>\n\n\n\n<p id=\"paragraph_2\">A casi&nbsp;<a href=\"https:\/\/www.elespanol.com\/deportes\/futbol\/20241124\/anos-muerte-maradona-avanzado-juicio-leyenda-futbol\/903160071_0.html?utm_cmp_rs=linksinline\"><strong>cinco a\u00f1os de la muerte del astro argentino<\/strong><\/a>, este \u00f3rgano ha vuelto al centro del debate judicial y medi\u00e1tico debido a su relevancia simb\u00f3lica y a la informaci\u00f3n crucial que aport\u00f3 sobre su estado de salud en el momento del fallecimiento.<\/p>\n\n\n\n<p id=\"paragraph_1\">El&nbsp;<strong>coraz\u00f3n de Maradona<\/strong>&nbsp;es uno de los elementos clave que protagonizan el juicio iniciado este martes 11 de marzo de 2025 en los&nbsp;<a href=\"https:\/\/www.elespanol.com\/deportes\/futbol\/20250311\/comienza-juicio-muerte-maradona-acusados-claves-ultimas-semanas-diego\/930157315_0.html?utm_cmp_rs=linksinline\"><strong>Tribunales de San Isidro<\/strong><\/a>.<\/p>\n\n\n\n<p id=\"paragraph_2\">A casi&nbsp;<a href=\"https:\/\/www.elespanol.com\/deportes\/futbol\/20241124\/anos-muerte-maradona-avanzado-juicio-leyenda-futbol\/903160071_0.html?utm_cmp_rs=linksinline\"><strong>cinco a\u00f1os de la muerte del astro argentino<\/strong><\/a>, este \u00f3rgano ha vuelto al centro del debate judicial y medi\u00e1tico debido a su relevancia simb\u00f3lica y a la informaci\u00f3n crucial que aport\u00f3 sobre su estado de salud en el momento del fallecimiento.<\/p>\n\n\n\n<p id=\"paragraph_3\">Desde su extracci\u00f3n, ocurrida el 25 de noviembre de 2020, el&nbsp;<strong>coraz\u00f3n de Diego Armando Maradona<\/strong>&nbsp;permanece resguardado en el&nbsp;<strong>Departamento de Anatom\u00eda Patol\u00f3gica de la Polic\u00eda Bonaerense<\/strong>, ubicado en la ciudad de La Plata.<\/p>\n\n\n\n<p>Su&nbsp;<strong>conservaci\u00f3n en formol<\/strong>&nbsp;durante al menos diez a\u00f1os fue decidida por la justicia argentina con el objetivo de preservar evidencia fundamental para la causa que investiga la muerte del \u00eddolo argentino.<\/p>\n\n\n\n<h3 class=\"wp-block-heading\">El doble del peso<\/h3>\n\n\n\n<p id=\"paragraph_5\">El m\u00e9dico forense&nbsp;<strong>Federico Corasatini<\/strong>, encargado de la autopsia, explic\u00f3 recientemente en una entrevista en&nbsp;<em>Cope<\/em>&nbsp;que el coraz\u00f3n de Maradona&nbsp;<strong>pesaba aproximadamente 503 gramos<\/strong>, pr\u00e1cticamente el doble del peso normal para una persona adulta sana.<\/p>\n\n\n\n<p id=\"paragraph_6\">Seg\u00fan Corasatini, aunque se esperaba un coraz\u00f3n ligeramente m\u00e1s grande debido a su pasado como deportista de \u00e9lite, el&nbsp;<strong>peso registrado era alarmante<\/strong>&nbsp;y claramente indicaba una afecci\u00f3n cardiovascular cr\u00f3nica.<\/p>\n\n\n\n<p id=\"paragraph_7\">Esto es atribuible a m\u00faltiples episodios anteriores relacionados con&nbsp;<strong>problemas card\u00edacos graves<\/strong>, incluyendo arritmias y varios microinfartos acumulados durante a\u00f1os.<\/p>\n\n\n\n<h3 class=\"wp-block-heading\">Clave en el juicio<\/h3>\n\n\n\n<p id=\"paragraph_8\">La importancia de este \u00f3rgano en la investigaci\u00f3n es crucial: permiti\u00f3 a los especialistas&nbsp;<a href=\"https:\/\/www.elespanol.com\/deportes\/futbol\/20250311\/mafia-medica-mato-diego-armando-maradona-duro-relato-familia-juicio-muerte\/930407221_0.html?utm_cmp_rs=linksinline\"><strong>determinar con precisi\u00f3n la causa inmediata de su muerte<\/strong><\/a>, definida como un edema agudo de pulm\u00f3n originado por una insuficiencia card\u00edaca severa.<\/p>\n\n\n\n<p id=\"paragraph_9\">Este diagn\u00f3stico es uno de los pilares sobre los que se sustenta la&nbsp;<strong>acusaci\u00f3n que sostiene que la muerte de Diego Maradona<\/strong>&nbsp;podr\u00eda haberse evitado con la atenci\u00f3n m\u00e9dica adecuada.<\/p>\n\n\n\n<p id=\"paragraph_10\">En el juicio iniciado este martes en los tribunales de San Isidro, el fiscal&nbsp;<strong>Patricio Ferrari<\/strong>&nbsp;utiliz\u00f3 precisamente la evidencia obtenida del coraz\u00f3n para ilustrar las condiciones m\u00e9dicas en que el exfutbolista transit\u00f3 sus \u00faltimos d\u00edas.<\/p>\n\n\n\n<p id=\"paragraph_11\">Este argumento apunta directamente contra el&nbsp;<strong>equipo m\u00e9dico que supervis\u00f3 su internaci\u00f3n domiciliaria<\/strong>, cuestionando su responsabilidad y la calidad de atenci\u00f3n brindada.<\/p>\n\n\n\n<h3 class=\"wp-block-heading\">Objeto de culto<\/h3>\n\n\n\n<p id=\"paragraph_12\">El proceso judicial ha puesto adem\u00e1s en evidencia otros aspectos dram\u00e1ticos relacionados con el coraz\u00f3n del Diez.<\/p>\n\n\n\n<p id=\"paragraph_13\">D\u00edas despu\u00e9s de su fallecimiento, existieron alertas concretas sobre la intenci\u00f3n de la barra brava de&nbsp;<strong>Gimnasia y Esgrima La Plata<\/strong>, equipo del que Maradona era entrenador en el momento de su muerte, de robar el coraz\u00f3n como un macabro trofeo.<\/p>\n\n\n\n<p id=\"paragraph_14\">Esto llev\u00f3 a que el&nbsp;<strong>traslado del \u00f3rgano<\/strong>, realizado el 2 de diciembre de 2020 hacia el Departamento de Anatom\u00eda Patol\u00f3gica en La Plata, estuviese acompa\u00f1ado por un&nbsp;<strong>intenso operativo de seguridad<\/strong>&nbsp;que incluy\u00f3 retenes y vigilancia policial estricta.<\/p>\n\n\n\n<p id=\"paragraph_15\">Actualmente, el coraz\u00f3n permanece sumergido en formol en las instalaciones de la&nbsp;<strong>Polic\u00eda Cient\u00edfica Bonaerense<\/strong>&nbsp;y, seg\u00fan la decisi\u00f3n judicial vigente, all\u00ed deber\u00e1 estar conservado por un m\u00ednimo de diez a\u00f1os. Este per\u00edodo podr\u00eda incluso prolongarse debido al&nbsp;<strong>inter\u00e9s cient\u00edfico y jur\u00eddico<\/strong>&nbsp;que todav\u00eda despierta el an\u00e1lisis del \u00f3rgano.<\/p>\n\n\n\n<h3 class=\"wp-block-heading\">El \u00faltimo homenaje<\/h3>\n\n\n\n<p id=\"paragraph_16\">En cuanto al futuro del coraz\u00f3n de Maradona, no existe a\u00fan una determinaci\u00f3n firme sobre su destino final. Aunque inicialmente la familia no solicit\u00f3 su devoluci\u00f3n inmediata, existe la posibilidad de que en el futuro pueda ser reunido con los restos enterrados del astro argentino, que descansan en el&nbsp;<strong>cementerio privado Jard\u00edn de Bella Vista<\/strong>, junto a sus padres.<\/p>\n\n\n\n<p id=\"paragraph_17\">Esta eventual restituci\u00f3n podr\u00eda vincularse tambi\u00e9n a la&nbsp;<strong>construcci\u00f3n de un mausoleo<\/strong>&nbsp;que, aunque fue planteado como homenaje tras su fallecimiento, hasta ahora no ha sido concretado.<\/p>\n\n\n\n<p id=\"paragraph_18\">La familia, los seguidores y la justicia&nbsp;<strong>a\u00fan no han llegado a un acuerdo definitivo<\/strong>&nbsp;sobre esta cuesti\u00f3n que, inevitablemente, tiene fuertes connotaciones emocionales y simb\u00f3licas.<\/p>\n","protected":false},"excerpt":{"rendered":"<p>Un misterio revelado y clave en el juicio por su muerte: la sorprendente verdad detr\u00e1s&#8230;<\/p>\n","protected":false},"author":4,"featured_media":2336,"comment_status":"open","ping_status":"open","sticky":false,"template":"","format":"standard","meta":{"footnotes":""},"categories":[167],"tags":[],"class_list":["post-2334","post","type-post","status-publish","format-standard","has-post-thumbnail","hentry","category-maradona-el-juicio"],"yoast_head":"<!-- This site is optimized with the Yoast SEO plugin v19.5.1 - https:\/\/yoast.com\/wordpress\/plugins\/seo\/ -->\n<title>El coraz\u00f3n de Maradona - LA PATRIA FUTBOLERA<\/title>\n<meta name=\"robots\" content=\"index, follow, max-snippet:-1, max-image-preview:large, max-video-preview:-1\" \/>\n<link rel=\"canonical\" href=\"https:\/\/lapatriafutbolera.com.ar\/index.php\/2025\/03\/24\/el-corazon-de-maradona-un-misterio-revelado-y-clave-en-el-juicio-por-su-muerte\/\" \/>\n<meta property=\"og:locale\" content=\"es_ES\" \/>\n<meta property=\"og:type\" content=\"article\" \/>\n<meta property=\"og:title\" content=\"El coraz\u00f3n de Maradona - LA PATRIA FUTBOLERA\" \/>\n<meta property=\"og:description\" content=\"Un misterio revelado y clave en el juicio por su muerte: la sorprendente verdad detr\u00e1s...\" \/>\n<meta property=\"og:url\" content=\"https:\/\/lapatriafutbolera.com.ar\/index.php\/2025\/03\/24\/el-corazon-de-maradona-un-misterio-revelado-y-clave-en-el-juicio-por-su-muerte\/\" \/>\n<meta property=\"og:site_name\" content=\"LA PATRIA FUTBOLERA\" \/>\n<meta property=\"article:published_time\" content=\"2025-03-25T02:27:45+00:00\" \/>\n<meta property=\"article:modified_time\" content=\"2025-03-25T02:33:54+00:00\" \/>\n<meta property=\"og:image\" content=\"https:\/\/lapatriafutbolera.com.ar\/wp-content\/uploads\/2025\/03\/556205662_171946489_1706x960.webp\" \/>\n\t<meta property=\"og:image:width\" content=\"1706\" \/>\n\t<meta property=\"og:image:height\" content=\"960\" \/>\n\t<meta property=\"og:image:type\" content=\"image\/webp\" \/>\n<meta name=\"author\" content=\"Redacci\u00f3n LPF\" \/>\n<meta name=\"twitter:card\" content=\"summary_large_image\" \/>\n<meta name=\"twitter:label1\" content=\"Escrito por\" \/>\n\t<meta name=\"twitter:data1\" content=\"Redacci\u00f3n LPF\" \/>\n\t<meta name=\"twitter:label2\" content=\"Tiempo de lectura\" \/>\n\t<meta name=\"twitter:data2\" content=\"4 minutos\" \/>\n<script type=\"application\/ld+json\" class=\"yoast-schema-graph\">{\"@context\":\"https:\/\/schema.org\",\"@graph\":[{\"@type\":\"Article\",\"@id\":\"https:\/\/lapatriafutbolera.com.ar\/index.php\/2025\/03\/24\/el-corazon-de-maradona-un-misterio-revelado-y-clave-en-el-juicio-por-su-muerte\/#article\",\"isPartOf\":{\"@id\":\"https:\/\/lapatriafutbolera.com.ar\/index.php\/2025\/03\/24\/el-corazon-de-maradona-un-misterio-revelado-y-clave-en-el-juicio-por-su-muerte\/\"},\"author\":{\"name\":\"Redacci\u00f3n LPF\",\"@id\":\"https:\/\/lapatriafutbolera.com.ar\/#\/schema\/person\/eb56fb3a7e76133611d5b2d9f706bd97\"},\"headline\":\"El coraz\u00f3n de Maradona\",\"datePublished\":\"2025-03-25T02:27:45+00:00\",\"dateModified\":\"2025-03-25T02:33:54+00:00\",\"mainEntityOfPage\":{\"@id\":\"https:\/\/lapatriafutbolera.com.ar\/index.php\/2025\/03\/24\/el-corazon-de-maradona-un-misterio-revelado-y-clave-en-el-juicio-por-su-muerte\/\"},\"wordCount\":839,\"commentCount\":0,\"publisher\":{\"@id\":\"https:\/\/lapatriafutbolera.com.ar\/#organization\"},\"articleSection\":[\"MARADONA: EL JUICIO\"],\"inLanguage\":\"es-AR\",\"potentialAction\":[{\"@type\":\"CommentAction\",\"name\":\"Comment\",\"target\":[\"https:\/\/lapatriafutbolera.com.ar\/index.php\/2025\/03\/24\/el-corazon-de-maradona-un-misterio-revelado-y-clave-en-el-juicio-por-su-muerte\/#respond\"]}]},{\"@type\":\"WebPage\",\"@id\":\"https:\/\/lapatriafutbolera.com.ar\/index.php\/2025\/03\/24\/el-corazon-de-maradona-un-misterio-revelado-y-clave-en-el-juicio-por-su-muerte\/\",\"url\":\"https:\/\/lapatriafutbolera.com.ar\/index.php\/2025\/03\/24\/el-corazon-de-maradona-un-misterio-revelado-y-clave-en-el-juicio-por-su-muerte\/\",\"name\":\"El coraz\u00f3n de Maradona - LA PATRIA FUTBOLERA\",\"isPartOf\":{\"@id\":\"https:\/\/lapatriafutbolera.com.ar\/#website\"},\"datePublished\":\"2025-03-25T02:27:45+00:00\",\"dateModified\":\"2025-03-25T02:33:54+00:00\",\"breadcrumb\":{\"@id\":\"https:\/\/lapatriafutbolera.com.ar\/index.php\/2025\/03\/24\/el-corazon-de-maradona-un-misterio-revelado-y-clave-en-el-juicio-por-su-muerte\/#breadcrumb\"},\"inLanguage\":\"es-AR\",\"potentialAction\":[{\"@type\":\"ReadAction\",\"target\":[\"https:\/\/lapatriafutbolera.com.ar\/index.php\/2025\/03\/24\/el-corazon-de-maradona-un-misterio-revelado-y-clave-en-el-juicio-por-su-muerte\/\"]}]},{\"@type\":\"BreadcrumbList\",\"@id\":\"https:\/\/lapatriafutbolera.com.ar\/index.php\/2025\/03\/24\/el-corazon-de-maradona-un-misterio-revelado-y-clave-en-el-juicio-por-su-muerte\/#breadcrumb\",\"itemListElement\":[{\"@type\":\"ListItem\",\"position\":1,\"name\":\"Inicio\",\"item\":\"https:\/\/lapatriafutbolera.com.ar\/\"},{\"@type\":\"ListItem\",\"position\":2,\"name\":\"El coraz\u00f3n de Maradona\"}]},{\"@type\":\"WebSite\",\"@id\":\"https:\/\/lapatriafutbolera.com.ar\/#website\",\"url\":\"https:\/\/lapatriafutbolera.com.ar\/\",\"name\":\"LA PATRIA FUTBOLERA\",\"description\":\"\",\"publisher\":{\"@id\":\"https:\/\/lapatriafutbolera.com.ar\/#organization\"},\"potentialAction\":[{\"@type\":\"SearchAction\",\"target\":{\"@type\":\"EntryPoint\",\"urlTemplate\":\"https:\/\/lapatriafutbolera.com.ar\/?s={search_term_string}\"},\"query-input\":\"required name=search_term_string\"}],\"inLanguage\":\"es-AR\"},{\"@type\":\"Organization\",\"@id\":\"https:\/\/lapatriafutbolera.com.ar\/#organization\",\"name\":\"LA PATRIA FUTBOLERA\",\"url\":\"https:\/\/lapatriafutbolera.com.ar\/\",\"sameAs\":[],\"logo\":{\"@type\":\"ImageObject\",\"inLanguage\":\"es-AR\",\"@id\":\"https:\/\/lapatriafutbolera.com.ar\/#\/schema\/logo\/image\/\",\"url\":\"https:\/\/lapatriafutbolera.com.ar\/wp-content\/uploads\/2025\/03\/cropped-LA-PATRIA-14.jpg\",\"contentUrl\":\"https:\/\/lapatriafutbolera.com.ar\/wp-content\/uploads\/2025\/03\/cropped-LA-PATRIA-14.jpg\",\"width\":1308,\"height\":221,\"caption\":\"LA PATRIA FUTBOLERA\"},\"image\":{\"@id\":\"https:\/\/lapatriafutbolera.com.ar\/#\/schema\/logo\/image\/\"}},{\"@type\":\"Person\",\"@id\":\"https:\/\/lapatriafutbolera.com.ar\/#\/schema\/person\/eb56fb3a7e76133611d5b2d9f706bd97\",\"name\":\"Redacci\u00f3n LPF\",\"image\":{\"@type\":\"ImageObject\",\"inLanguage\":\"es-AR\",\"@id\":\"https:\/\/lapatriafutbolera.com.ar\/#\/schema\/person\/image\/\",\"url\":\"https:\/\/secure.gravatar.com\/avatar\/57dc12e3750972170624cd118ca21d4157841e9e7b211e6dfe7a00b61088d285?s=96&d=mm&r=g\",\"contentUrl\":\"https:\/\/secure.gravatar.com\/avatar\/57dc12e3750972170624cd118ca21d4157841e9e7b211e6dfe7a00b61088d285?s=96&d=mm&r=g\",\"caption\":\"Redacci\u00f3n LPF\"},\"sameAs\":[\"http:\/\/lapatriafutbolera.com.ar\"],\"url\":\"https:\/\/lapatriafutbolera.com.ar\/index.php\/author\/redaccion-lpf\/\"}]}<\/script>\n<!-- \/ Yoast SEO plugin. -->","yoast_head_json":{"title":"El coraz\u00f3n de Maradona - LA PATRIA FUTBOLERA","robots":{"index":"index","follow":"follow","max-snippet":"max-snippet:-1","max-image-preview":"max-image-preview:large","max-video-preview":"max-video-preview:-1"},"canonical":"https:\/\/lapatriafutbolera.com.ar\/index.php\/2025\/03\/24\/el-corazon-de-maradona-un-misterio-revelado-y-clave-en-el-juicio-por-su-muerte\/","og_locale":"es_ES","og_type":"article","og_title":"El coraz\u00f3n de Maradona - LA PATRIA FUTBOLERA","og_description":"Un misterio revelado y clave en el juicio por su muerte: la sorprendente verdad detr\u00e1s...","og_url":"https:\/\/lapatriafutbolera.com.ar\/index.php\/2025\/03\/24\/el-corazon-de-maradona-un-misterio-revelado-y-clave-en-el-juicio-por-su-muerte\/","og_site_name":"LA PATRIA FUTBOLERA","article_published_time":"2025-03-25T02:27:45+00:00","article_modified_time":"2025-03-25T02:33:54+00:00","og_image":[{"width":1706,"height":960,"url":"https:\/\/lapatriafutbolera.com.ar\/wp-content\/uploads\/2025\/03\/556205662_171946489_1706x960.webp","type":"image\/webp"}],"author":"Redacci\u00f3n LPF","twitter_card":"summary_large_image","twitter_misc":{"Escrito por":"Redacci\u00f3n LPF","Tiempo de lectura":"4 minutos"},"schema":{"@context":"https:\/\/schema.org","@graph":[{"@type":"Article","@id":"https:\/\/lapatriafutbolera.com.ar\/index.php\/2025\/03\/24\/el-corazon-de-maradona-un-misterio-revelado-y-clave-en-el-juicio-por-su-muerte\/#article","isPartOf":{"@id":"https:\/\/lapatriafutbolera.com.ar\/index.php\/2025\/03\/24\/el-corazon-de-maradona-un-misterio-revelado-y-clave-en-el-juicio-por-su-muerte\/"},"author":{"name":"Redacci\u00f3n LPF","@id":"https:\/\/lapatriafutbolera.com.ar\/#\/schema\/person\/eb56fb3a7e76133611d5b2d9f706bd97"},"headline":"El coraz\u00f3n de Maradona","datePublished":"2025-03-25T02:27:45+00:00","dateModified":"2025-03-25T02:33:54+00:00","mainEntityOfPage":{"@id":"https:\/\/lapatriafutbolera.com.ar\/index.php\/2025\/03\/24\/el-corazon-de-maradona-un-misterio-revelado-y-clave-en-el-juicio-por-su-muerte\/"},"wordCount":839,"commentCount":0,"publisher":{"@id":"https:\/\/lapatriafutbolera.com.ar\/#organization"},"articleSection":["MARADONA: EL JUICIO"],"inLanguage":"es-AR","potentialAction":[{"@type":"CommentAction","name":"Comment","target":["https:\/\/lapatriafutbolera.com.ar\/index.php\/2025\/03\/24\/el-corazon-de-maradona-un-misterio-revelado-y-clave-en-el-juicio-por-su-muerte\/#respond"]}]},{"@type":"WebPage","@id":"https:\/\/lapatriafutbolera.com.ar\/index.php\/2025\/03\/24\/el-corazon-de-maradona-un-misterio-revelado-y-clave-en-el-juicio-por-su-muerte\/","url":"https:\/\/lapatriafutbolera.com.ar\/index.php\/2025\/03\/24\/el-corazon-de-maradona-un-misterio-revelado-y-clave-en-el-juicio-por-su-muerte\/","name":"El coraz\u00f3n de Maradona - LA PATRIA FUTBOLERA","isPartOf":{"@id":"https:\/\/lapatriafutbolera.com.ar\/#website"},"datePublished":"2025-03-25T02:27:45+00:00","dateModified":"2025-03-25T02:33:54+00:00","breadcrumb":{"@id":"https:\/\/lapatriafutbolera.com.ar\/index.php\/2025\/03\/24\/el-corazon-de-maradona-un-misterio-revelado-y-clave-en-el-juicio-por-su-muerte\/#breadcrumb"},"inLanguage":"es-AR","potentialAction":[{"@type":"ReadAction","target":["https:\/\/lapatriafutbolera.com.ar\/index.php\/2025\/03\/24\/el-corazon-de-maradona-un-misterio-revelado-y-clave-en-el-juicio-por-su-muerte\/"]}]},{"@type":"BreadcrumbList","@id":"https:\/\/lapatriafutbolera.com.ar\/index.php\/2025\/03\/24\/el-corazon-de-maradona-un-misterio-revelado-y-clave-en-el-juicio-por-su-muerte\/#breadcrumb","itemListElement":[{"@type":"ListItem","position":1,"name":"Inicio","item":"https:\/\/lapatriafutbolera.com.ar\/"},{"@type":"ListItem","position":2,"name":"El coraz\u00f3n de Maradona"}]},{"@type":"WebSite","@id":"https:\/\/lapatriafutbolera.com.ar\/#website","url":"https:\/\/lapatriafutbolera.com.ar\/","name":"LA PATRIA FUTBOLERA","description":"","publisher":{"@id":"https:\/\/lapatriafutbolera.com.ar\/#organization"},"potentialAction":[{"@type":"SearchAction","target":{"@type":"EntryPoint","urlTemplate":"https:\/\/lapatriafutbolera.com.ar\/?s={search_term_string}"},"query-input":"required name=search_term_string"}],"inLanguage":"es-AR"},{"@type":"Organization","@id":"https:\/\/lapatriafutbolera.com.ar\/#organization","name":"LA PATRIA FUTBOLERA","url":"https:\/\/lapatriafutbolera.com.ar\/","sameAs":[],"logo":{"@type":"ImageObject","inLanguage":"es-AR","@id":"https:\/\/lapatriafutbolera.com.ar\/#\/schema\/logo\/image\/","url":"https:\/\/lapatriafutbolera.com.ar\/wp-content\/uploads\/2025\/03\/cropped-LA-PATRIA-14.jpg","contentUrl":"https:\/\/lapatriafutbolera.com.ar\/wp-content\/uploads\/2025\/03\/cropped-LA-PATRIA-14.jpg","width":1308,"height":221,"caption":"LA PATRIA FUTBOLERA"},"image":{"@id":"https:\/\/lapatriafutbolera.com.ar\/#\/schema\/logo\/image\/"}},{"@type":"Person","@id":"https:\/\/lapatriafutbolera.com.ar\/#\/schema\/person\/eb56fb3a7e76133611d5b2d9f706bd97","name":"Redacci\u00f3n LPF","image":{"@type":"ImageObject","inLanguage":"es-AR","@id":"https:\/\/lapatriafutbolera.com.ar\/#\/schema\/person\/image\/","url":"https:\/\/secure.gravatar.com\/avatar\/57dc12e3750972170624cd118ca21d4157841e9e7b211e6dfe7a00b61088d285?s=96&d=mm&r=g","contentUrl":"https:\/\/secure.gravatar.com\/avatar\/57dc12e3750972170624cd118ca21d4157841e9e7b211e6dfe7a00b61088d285?s=96&d=mm&r=g","caption":"Redacci\u00f3n LPF"},"sameAs":["http:\/\/lapatriafutbolera.com.ar"],"url":"https:\/\/lapatriafutbolera.com.ar\/index.php\/author\/redaccion-lpf\/"}]}},"_links":{"self":[{"href":"https:\/\/lapatriafutbolera.com.ar\/index.php\/wp-json\/wp\/v2\/posts\/2334","targetHints":{"allow":["GET"]}}],"collection":[{"href":"https:\/\/lapatriafutbolera.com.ar\/index.php\/wp-json\/wp\/v2\/posts"}],"about":[{"href":"https:\/\/lapatriafutbolera.com.ar\/index.php\/wp-json\/wp\/v2\/types\/post"}],"author":[{"embeddable":true,"href":"https:\/\/lapatriafutbolera.com.ar\/index.php\/wp-json\/wp\/v2\/users\/4"}],"replies":[{"embeddable":true,"href":"https:\/\/lapatriafutbolera.com.ar\/index.php\/wp-json\/wp\/v2\/comments?post=2334"}],"version-history":[{"count":2,"href":"https:\/\/lapatriafutbolera.com.ar\/index.php\/wp-json\/wp\/v2\/posts\/2334\/revisions"}],"predecessor-version":[{"id":2342,"href":"https:\/\/lapatriafutbolera.com.ar\/index.php\/wp-json\/wp\/v2\/posts\/2334\/revisions\/2342"}],"wp:featuredmedia":[{"embeddable":true,"href":"https:\/\/lapatriafutbolera.com.ar\/index.php\/wp-json\/wp\/v2\/media\/2336"}],"wp:attachment":[{"href":"https:\/\/lapatriafutbolera.com.ar\/index.php\/wp-json\/wp\/v2\/media?parent=2334"}],"wp:term":[{"taxonomy":"category","embeddable":true,"href":"https:\/\/lapatriafutbolera.com.ar\/index.php\/wp-json\/wp\/v2\/categories?post=2334"},{"taxonomy":"post_tag","embeddable":true,"href":"https:\/\/lapatriafutbolera.com.ar\/index.php\/wp-json\/wp\/v2\/tags?post=2334"}],"curies":[{"name":"wp","href":"https:\/\/api.w.org\/{rel}","templated":true}]}}