{"id":2338,"date":"2025-03-10T23:29:06","date_gmt":"2025-03-11T02:29:06","guid":{"rendered":"https:\/\/lapatriafutbolera.com.ar\/?p=2338"},"modified":"2025-03-24T23:32:34","modified_gmt":"2025-03-25T02:32:34","slug":"una-mafia-medica-mato-a-diego-armando-maradona","status":"publish","type":"post","link":"https:\/\/lapatriafutbolera.com.ar\/index.php\/2025\/03\/10\/una-mafia-medica-mato-a-diego-armando-maradona\/","title":{"rendered":"Una &#8220;mafia m\u00e9dica&#8221; mat\u00f3 a Diego Armando Maradona"},"content":{"rendered":"\n<p>El duro relato de la familia antes del juicio por su muerte: familiares del astro argentino denuncian negligencia y encubrimiento por parte del equipo m\u00e9dico que lo atendi\u00f3 en sus \u00faltimos d\u00edas.<\/p>\n\n\n\n<p id=\"paragraph_1\">El&nbsp;<a href=\"https:\/\/www.elespanol.com\/deportes\/futbol\/20250311\/comienza-juicio-muerte-maradona-acusados-claves-ultimas-semanas-diego\/930157315_0.html?utm_cmp_rs=linksinline\"><strong>juicio por la muerte de Diego Armando Maradona<\/strong><\/a>&nbsp;comienza este martes en Buenos Aires, con un fuerte se\u00f1alamiento de la familia del astro argentino hacia los&nbsp;<strong>m\u00e9dicos que lo atendieron<\/strong>&nbsp;en sus \u00faltimos d\u00edas.<\/p>\n\n\n\n<p id=\"paragraph_2\"><strong>Siete miembros<\/strong>&nbsp;de su equipo m\u00e9dico enfrentan cargos por homicidio simple con dolo eventual, lo que podr\u00eda llevarlos a cumplir&nbsp;<strong>hasta 25 a\u00f1os de prisi\u00f3n<\/strong>.<\/p>\n\n\n\n<p>La familia del exfutbolista ha denunciado la\u00a0<strong>existencia de una &#8220;mafia m\u00e9dica&#8221;<\/strong>\u00a0que habr\u00eda contribuido a su fallecimiento por negligencia, encubrimiento y falta de atenci\u00f3n adecuada.<\/p>\n\n\n\n<p id=\"paragraph_1\">El&nbsp;<a href=\"https:\/\/www.elespanol.com\/deportes\/futbol\/20250311\/comienza-juicio-muerte-maradona-acusados-claves-ultimas-semanas-diego\/930157315_0.html?utm_cmp_rs=linksinline\"><strong>juicio por la muerte de Diego Armando Maradona<\/strong><\/a>&nbsp;comienza este martes en Buenos Aires, con un fuerte se\u00f1alamiento de la familia del astro argentino hacia los&nbsp;<strong>m\u00e9dicos que lo atendieron<\/strong>&nbsp;en sus \u00faltimos d\u00edas.<\/p>\n\n\n\n<p id=\"paragraph_2\"><strong>Siete miembros<\/strong>&nbsp;de su equipo m\u00e9dico enfrentan cargos por homicidio simple con dolo eventual, lo que podr\u00eda llevarlos a cumplir&nbsp;<strong>hasta 25 a\u00f1os de prisi\u00f3n<\/strong>.<\/p>\n\n\n\n<p id=\"paragraph_3\">La familia del exfutbolista ha denunciado la&nbsp;<strong>existencia de una &#8220;mafia m\u00e9dica&#8221;<\/strong>&nbsp;que habr\u00eda contribuido a su fallecimiento por negligencia, encubrimiento y falta de atenci\u00f3n adecuada.<\/p>\n\n\n\n<figure class=\"wp-block-image\"><img decoding=\"async\" src=\"https:\/\/s1.elespanol.com\/2021\/11\/23\/actualidad\/629447886_215924142_320x180.jpg\" alt=\"\"\/><\/figure>\n\n\n\n<p><a href=\"https:\/\/www.elespanol.com\/deportes\/futbol\/20241124\/anos-muerte-maradona-avanzado-juicio-leyenda-futbol\/903160071_0.html?utm_cmp_rs=relatednewsinline\">Cuatro a\u00f1os sin Maradona: c\u00f3mo ha avanzado el juicio por la muerte de la leyenda del f\u00fatbol<\/a><\/p>\n\n\n\n<p>https:\/\/buy.tinypass.com\/checkout\/template\/cacheableShow?aid=HEQTYbTpKq&#038;templateId=OTRADDHM3531&#038;offerId=fakeOfferId&#038;experienceId=EX45RE0NQC9S&#038;iframeId=offer_08b64aa0ee54af399cf9-0&#038;displayMode=inline&#038;pianoIdUrl=https%3A%2F%2Fsocial.elespanol.com%2Fid%2F&#038;widget=template&#038;url=https%3A%2F%2Fwww.elespanol.com%2Fdeportes%2Ffutbol%2F20250311%2Fmafia-medica-mato-diego-armando-maradona-duro-relato-familia-juicio-muerte%2F930407221_0.html<\/p>\n\n\n\n<p id=\"paragraph_4\"><strong>Dalma Maradona<\/strong>, hija mayor del \u00eddolo, ha sido una de las voces m\u00e1s cr\u00edticas, asegurando que existen pruebas que demuestran irregularidades graves en el tratamiento de su padre.<\/p>\n\n\n\n<p id=\"paragraph_5\">&#8220;<strong>Mi madre tiene miedo, pero yo no puedo callarme<\/strong>. La gente debe saber la verdad&#8221;, expres\u00f3 en una reciente entrevista.<\/p>\n\n\n\n<h3 class=\"wp-block-heading\">Un juicio complejo<\/h3>\n\n\n\n<p id=\"paragraph_6\">El caso se centra en el&nbsp;<strong>periodo entre el 3 y el 25 de noviembre de 2020<\/strong>.&nbsp;<strong>Maradona,<\/strong>&nbsp;quien hab\u00eda sido operado de un hematoma subdural en la cabeza, fue dado de alta y trasladado a su domicilio, donde permaneci\u00f3&nbsp;<strong>bajo el cuidado de un equipo m\u00e9dico<\/strong>.<\/p>\n\n\n\n<p id=\"paragraph_7\">Sin embargo, la Fiscal\u00eda sostiene que esta&nbsp;<strong>internaci\u00f3n domiciliaria no cumpli\u00f3 con los est\u00e1ndares necesarios<\/strong>&nbsp;y que los profesionales a cargo cometieron graves errores.<\/p>\n\n\n\n<p id=\"paragraph_8\">Un informe pericial elaborado en 2021 concluy\u00f3 que la&nbsp;<strong>atenci\u00f3n brindada a Maradona fue &#8220;inapropiada, deficiente y temeraria&#8221;<\/strong>, destacando que el estado en el que se encontraba requer\u00eda una infraestructura m\u00e9dica m\u00e1s completa.<\/p>\n\n\n\n<p id=\"paragraph_1\">El&nbsp;<a href=\"https:\/\/www.elespanol.com\/deportes\/futbol\/20250311\/comienza-juicio-muerte-maradona-acusados-claves-ultimas-semanas-diego\/930157315_0.html?utm_cmp_rs=linksinline\"><strong>juicio por la muerte de Diego Armando Maradona<\/strong><\/a>&nbsp;comienza este martes en Buenos Aires, con un fuerte se\u00f1alamiento de la familia del astro argentino hacia los&nbsp;<strong>m\u00e9dicos que lo atendieron<\/strong>&nbsp;en sus \u00faltimos d\u00edas.<\/p>\n\n\n\n<p id=\"paragraph_2\"><strong>Siete miembros<\/strong>&nbsp;de su equipo m\u00e9dico enfrentan cargos por homicidio simple con dolo eventual, lo que podr\u00eda llevarlos a cumplir&nbsp;<strong>hasta 25 a\u00f1os de prisi\u00f3n<\/strong>.<\/p>\n\n\n\n<p id=\"paragraph_3\">La familia del exfutbolista ha denunciado la&nbsp;<strong>existencia de una &#8220;mafia m\u00e9dica&#8221;<\/strong>&nbsp;que habr\u00eda contribuido a su fallecimiento por negligencia, encubrimiento y falta de atenci\u00f3n adecuada.<\/p>\n\n\n\n<figure class=\"wp-block-image\"><img decoding=\"async\" src=\"https:\/\/s1.elespanol.com\/2021\/11\/23\/actualidad\/629447886_215924142_320x180.jpg\" alt=\"\"\/><\/figure>\n\n\n\n<p><a href=\"https:\/\/www.elespanol.com\/deportes\/futbol\/20241124\/anos-muerte-maradona-avanzado-juicio-leyenda-futbol\/903160071_0.html?utm_cmp_rs=relatednewsinline\">Cuatro a\u00f1os sin Maradona: c\u00f3mo ha avanzado el juicio por la muerte de la leyenda del f\u00fatbol<\/a><\/p>\n\n\n\n<p>https:\/\/buy.tinypass.com\/checkout\/template\/cacheableShow?aid=HEQTYbTpKq&#038;templateId=OTRADDHM3531&#038;offerId=fakeOfferId&#038;experienceId=EX45RE0NQC9S&#038;iframeId=offer_08b64aa0ee54af399cf9-0&#038;displayMode=inline&#038;pianoIdUrl=https%3A%2F%2Fsocial.elespanol.com%2Fid%2F&#038;widget=template&#038;url=https%3A%2F%2Fwww.elespanol.com%2Fdeportes%2Ffutbol%2F20250311%2Fmafia-medica-mato-diego-armando-maradona-duro-relato-familia-juicio-muerte%2F930407221_0.html<\/p>\n\n\n\n<p id=\"paragraph_4\"><strong>Dalma Maradona<\/strong>, hija mayor del \u00eddolo, ha sido una de las voces m\u00e1s cr\u00edticas, asegurando que existen pruebas que demuestran irregularidades graves en el tratamiento de su padre.<\/p>\n\n\n\n<p id=\"paragraph_5\">&#8220;<strong>Mi madre tiene miedo, pero yo no puedo callarme<\/strong>. La gente debe saber la verdad&#8221;, expres\u00f3 en una reciente entrevista.<\/p>\n\n\n\n<figure class=\"wp-block-embed is-type-rich is-provider-gestor-del-servicio wp-block-embed-gestor-del-servicio\"><div class=\"wp-block-embed__wrapper\">\nhttps:\/\/youtube.com\/watch?v=E_CxXR87_P4%3Fsi%3D6L6Y4Lqoeymv63TB\n<\/div><\/figure>\n\n\n\n<h3 class=\"wp-block-heading\">Un juicio complejo<\/h3>\n\n\n\n<p id=\"paragraph_6\">El caso se centra en el&nbsp;<strong>periodo entre el 3 y el 25 de noviembre de 2020<\/strong>.&nbsp;<strong>Maradona,<\/strong>&nbsp;quien hab\u00eda sido operado de un hematoma subdural en la cabeza, fue dado de alta y trasladado a su domicilio, donde permaneci\u00f3&nbsp;<strong>bajo el cuidado de un equipo m\u00e9dico<\/strong>.<\/p>\n\n\n\n<p id=\"paragraph_7\">Sin embargo, la Fiscal\u00eda sostiene que esta&nbsp;<strong>internaci\u00f3n domiciliaria no cumpli\u00f3 con los est\u00e1ndares necesarios<\/strong>&nbsp;y que los profesionales a cargo cometieron graves errores.<\/p>\n\n\n\n<p id=\"paragraph_8\">Un informe pericial elaborado en 2021 concluy\u00f3 que la&nbsp;<strong>atenci\u00f3n brindada a Maradona fue &#8220;inapropiada, deficiente y temeraria&#8221;<\/strong>, destacando que el estado en el que se encontraba requer\u00eda una infraestructura m\u00e9dica m\u00e1s completa.<\/p>\n\n\n\n<figure class=\"wp-block-image\"><img decoding=\"async\" src=\"https:\/\/s1.elespanol.com\/2024\/01\/13\/deportes\/futbol\/824677804_239110875_320x180.jpg\" alt=\"\"\/><\/figure>\n\n\n\n<p><a href=\"https:\/\/www.elespanol.com\/deportes\/futbol\/20240113\/hijo-maradona-asegura-mataron-padre-idea-culpable\/824667671_0.html?utm_cmp_rs=relatednewsinline\">El hijo de Maradona asegura que mataron a su padre: &#8220;Tengo una idea de qui\u00e9n es el culpable&#8221;<\/a><\/p>\n\n\n\n<p id=\"paragraph_9\">La falta de monitoreo card\u00edaco, el acceso limitado a medicamentos esenciales y la ausencia de controles estrictos fueron algunos de los factores se\u00f1alados en el reporte.<\/p>\n\n\n\n<p id=\"paragraph_10\">Entre los acusados figuran&nbsp;<strong>Leopoldo Luque<\/strong>, neurocirujano y m\u00e9dico de cabecera de Maradona, y&nbsp;<strong>Agustina Cosachov<\/strong>, psiquiatra responsable de recetar la medicaci\u00f3n.<\/p>\n\n\n\n<p id=\"paragraph_11\">Ambos enfrentan cargos por haber permitido la internaci\u00f3n domiciliaria sin garantizar un entorno adecuado para el tratamiento del exfutbolista.<\/p>\n\n\n\n<p id=\"paragraph_12\">Tambi\u00e9n est\u00e1n imputados&nbsp;<strong>Carlos D\u00edaz<\/strong>, psic\u00f3logo especializado en adicciones;&nbsp;<strong>Nancy Forlini<\/strong>, jefa m\u00e9dica de cuidados domiciliarios;&nbsp;<strong>Mariano Perroni<\/strong>, coordinador de enfermeros; y los enfermeros&nbsp;<strong>Ricardo Almir\u00f3n<\/strong>&nbsp;y&nbsp;<strong>Pedro Pablo Di Spagna<\/strong>.<\/p>\n\n\n\n<p>Uno de los puntos clave del juicio es la existencia de audios y documentos que revelar\u00edan&nbsp;<strong>conversaciones entre los profesionales involucrados<\/strong>, en los que se reflejar\u00eda una presunta indiferencia ante el deterioro de Maradona. &#8220;<strong>Lo est\u00e1n dejando morir<\/strong>&#8220;, habr\u00eda advertido un testigo en uno de los mensajes investigados.<\/p>\n\n\n\n<p id=\"paragraph_14\">La autopsia oficial determin\u00f3 que&nbsp;<strong>Maradona falleci\u00f3 por &#8220;edema agudo de pulm\u00f3n secundario a insuficiencia card\u00edaca cr\u00f3nica&#8221;,<\/strong>&nbsp;sin presencia de drogas o alcohol en su organismo.<\/p>\n\n\n\n<p>Sin embargo, la Fiscal\u00eda sostiene que, de haber recibido la atenci\u00f3n m\u00e9dica adecuada, el desenlace podr\u00eda haberse evitado. El juicio contar\u00e1 con la participaci\u00f3n de\u00a0<strong>m\u00e1s de 200 testigos<\/strong>\u00a0y se prev\u00e9 que dure varios meses.<\/p>\n\n\n\n<p>La defensa de los acusados argumenta que Maradona ten\u00eda una salud deteriorada debido a su historial de adicciones y problemas card\u00edacos, y que su fallecimiento fue consecuencia natural de su condici\u00f3n.<\/p>\n\n\n\n<p>Mientras tanto, la familia del astro busca justicia y respuestas. &#8220;No quiero venganza, quiero que se sepa la verdad y que paguen los responsables&#8221;, ha manifestado Dalma Maradona.<\/p>\n\n\n\n<p>Con el inicio del proceso judicial, el mundo del f\u00fatbol y la sociedad argentina siguen con atenci\u00f3n cada detalle de un juicio que podr\u00eda marcar un antes y un despu\u00e9s en la historia del pa\u00eds.<a href=\"https:\/\/www.elespanol.com\/deportes\/futbol\/20201202\/maradona-casa-habitacion-murio-indignado-toda-argentina\/540475950_3.html\"><\/a><a href=\"https:\/\/www.elespanol.com\/deportes\/futbol\/20201202\/maradona-casa-habitacion-murio-indignado-toda-argentina\/540475950_3.html\"><\/a><\/p>\n","protected":false},"excerpt":{"rendered":"<p>El duro relato de la familia antes del juicio por su muerte: familiares del astro&#8230;<\/p>\n","protected":false},"author":3,"featured_media":2340,"comment_status":"open","ping_status":"open","sticky":false,"template":"","format":"standard","meta":{"footnotes":""},"categories":[167],"tags":[],"class_list":["post-2338","post","type-post","status-publish","format-standard","has-post-thumbnail","hentry","category-maradona-el-juicio"],"yoast_head":"<!-- This site is optimized with the Yoast SEO plugin v19.5.1 - https:\/\/yoast.com\/wordpress\/plugins\/seo\/ -->\n<title>Una &quot;mafia m\u00e9dica&quot; mat\u00f3 a Diego Armando Maradona - LA PATRIA FUTBOLERA<\/title>\n<meta name=\"robots\" content=\"index, follow, max-snippet:-1, max-image-preview:large, max-video-preview:-1\" \/>\n<link rel=\"canonical\" href=\"https:\/\/lapatriafutbolera.com.ar\/index.php\/2025\/03\/10\/una-mafia-medica-mato-a-diego-armando-maradona\/\" \/>\n<meta property=\"og:locale\" content=\"es_ES\" \/>\n<meta property=\"og:type\" content=\"article\" \/>\n<meta property=\"og:title\" content=\"Una &quot;mafia m\u00e9dica&quot; mat\u00f3 a Diego Armando Maradona - LA PATRIA FUTBOLERA\" \/>\n<meta property=\"og:description\" content=\"El duro relato de la familia antes del juicio por su muerte: familiares del astro...\" \/>\n<meta property=\"og:url\" content=\"https:\/\/lapatriafutbolera.com.ar\/index.php\/2025\/03\/10\/una-mafia-medica-mato-a-diego-armando-maradona\/\" \/>\n<meta property=\"og:site_name\" content=\"LA PATRIA FUTBOLERA\" \/>\n<meta property=\"article:published_time\" content=\"2025-03-11T02:29:06+00:00\" \/>\n<meta property=\"article:modified_time\" content=\"2025-03-25T02:32:34+00:00\" \/>\n<meta property=\"og:image\" content=\"https:\/\/lapatriafutbolera.com.ar\/wp-content\/uploads\/2025\/03\/930417348_253803632_1706x960.webp\" \/>\n\t<meta property=\"og:image:width\" content=\"1706\" \/>\n\t<meta property=\"og:image:height\" content=\"960\" \/>\n\t<meta property=\"og:image:type\" content=\"image\/webp\" \/>\n<meta name=\"author\" content=\"Mart\u00edn Ripari\" \/>\n<meta name=\"twitter:card\" content=\"summary_large_image\" \/>\n<meta name=\"twitter:label1\" content=\"Escrito por\" \/>\n\t<meta name=\"twitter:data1\" content=\"Mart\u00edn Ripari\" \/>\n\t<meta name=\"twitter:label2\" content=\"Tiempo de lectura\" \/>\n\t<meta name=\"twitter:data2\" content=\"5 minutos\" \/>\n<script type=\"application\/ld+json\" class=\"yoast-schema-graph\">{\"@context\":\"https:\/\/schema.org\",\"@graph\":[{\"@type\":\"Article\",\"@id\":\"https:\/\/lapatriafutbolera.com.ar\/index.php\/2025\/03\/10\/una-mafia-medica-mato-a-diego-armando-maradona\/#article\",\"isPartOf\":{\"@id\":\"https:\/\/lapatriafutbolera.com.ar\/index.php\/2025\/03\/10\/una-mafia-medica-mato-a-diego-armando-maradona\/\"},\"author\":{\"name\":\"Mart\u00edn Ripari\",\"@id\":\"https:\/\/lapatriafutbolera.com.ar\/#\/schema\/person\/dc3d1ee3d5b1b3798150a5bbc781935d\"},\"headline\":\"Una &#8220;mafia m\u00e9dica&#8221; mat\u00f3 a Diego Armando Maradona\",\"datePublished\":\"2025-03-11T02:29:06+00:00\",\"dateModified\":\"2025-03-25T02:32:34+00:00\",\"mainEntityOfPage\":{\"@id\":\"https:\/\/lapatriafutbolera.com.ar\/index.php\/2025\/03\/10\/una-mafia-medica-mato-a-diego-armando-maradona\/\"},\"wordCount\":1224,\"commentCount\":0,\"publisher\":{\"@id\":\"https:\/\/lapatriafutbolera.com.ar\/#organization\"},\"articleSection\":[\"MARADONA: EL JUICIO\"],\"inLanguage\":\"es-AR\",\"potentialAction\":[{\"@type\":\"CommentAction\",\"name\":\"Comment\",\"target\":[\"https:\/\/lapatriafutbolera.com.ar\/index.php\/2025\/03\/10\/una-mafia-medica-mato-a-diego-armando-maradona\/#respond\"]}]},{\"@type\":\"WebPage\",\"@id\":\"https:\/\/lapatriafutbolera.com.ar\/index.php\/2025\/03\/10\/una-mafia-medica-mato-a-diego-armando-maradona\/\",\"url\":\"https:\/\/lapatriafutbolera.com.ar\/index.php\/2025\/03\/10\/una-mafia-medica-mato-a-diego-armando-maradona\/\",\"name\":\"Una \\\"mafia m\u00e9dica\\\" mat\u00f3 a Diego Armando Maradona - LA PATRIA FUTBOLERA\",\"isPartOf\":{\"@id\":\"https:\/\/lapatriafutbolera.com.ar\/#website\"},\"datePublished\":\"2025-03-11T02:29:06+00:00\",\"dateModified\":\"2025-03-25T02:32:34+00:00\",\"breadcrumb\":{\"@id\":\"https:\/\/lapatriafutbolera.com.ar\/index.php\/2025\/03\/10\/una-mafia-medica-mato-a-diego-armando-maradona\/#breadcrumb\"},\"inLanguage\":\"es-AR\",\"potentialAction\":[{\"@type\":\"ReadAction\",\"target\":[\"https:\/\/lapatriafutbolera.com.ar\/index.php\/2025\/03\/10\/una-mafia-medica-mato-a-diego-armando-maradona\/\"]}]},{\"@type\":\"BreadcrumbList\",\"@id\":\"https:\/\/lapatriafutbolera.com.ar\/index.php\/2025\/03\/10\/una-mafia-medica-mato-a-diego-armando-maradona\/#breadcrumb\",\"itemListElement\":[{\"@type\":\"ListItem\",\"position\":1,\"name\":\"Inicio\",\"item\":\"https:\/\/lapatriafutbolera.com.ar\/\"},{\"@type\":\"ListItem\",\"position\":2,\"name\":\"Una &#8220;mafia m\u00e9dica&#8221; mat\u00f3 a Diego Armando Maradona\"}]},{\"@type\":\"WebSite\",\"@id\":\"https:\/\/lapatriafutbolera.com.ar\/#website\",\"url\":\"https:\/\/lapatriafutbolera.com.ar\/\",\"name\":\"LA PATRIA FUTBOLERA\",\"description\":\"\",\"publisher\":{\"@id\":\"https:\/\/lapatriafutbolera.com.ar\/#organization\"},\"potentialAction\":[{\"@type\":\"SearchAction\",\"target\":{\"@type\":\"EntryPoint\",\"urlTemplate\":\"https:\/\/lapatriafutbolera.com.ar\/?s={search_term_string}\"},\"query-input\":\"required name=search_term_string\"}],\"inLanguage\":\"es-AR\"},{\"@type\":\"Organization\",\"@id\":\"https:\/\/lapatriafutbolera.com.ar\/#organization\",\"name\":\"LA PATRIA FUTBOLERA\",\"url\":\"https:\/\/lapatriafutbolera.com.ar\/\",\"sameAs\":[],\"logo\":{\"@type\":\"ImageObject\",\"inLanguage\":\"es-AR\",\"@id\":\"https:\/\/lapatriafutbolera.com.ar\/#\/schema\/logo\/image\/\",\"url\":\"https:\/\/lapatriafutbolera.com.ar\/wp-content\/uploads\/2025\/03\/cropped-LA-PATRIA-14.jpg\",\"contentUrl\":\"https:\/\/lapatriafutbolera.com.ar\/wp-content\/uploads\/2025\/03\/cropped-LA-PATRIA-14.jpg\",\"width\":1308,\"height\":221,\"caption\":\"LA PATRIA FUTBOLERA\"},\"image\":{\"@id\":\"https:\/\/lapatriafutbolera.com.ar\/#\/schema\/logo\/image\/\"}},{\"@type\":\"Person\",\"@id\":\"https:\/\/lapatriafutbolera.com.ar\/#\/schema\/person\/dc3d1ee3d5b1b3798150a5bbc781935d\",\"name\":\"Mart\u00edn Ripari\",\"image\":{\"@type\":\"ImageObject\",\"inLanguage\":\"es-AR\",\"@id\":\"https:\/\/lapatriafutbolera.com.ar\/#\/schema\/person\/image\/\",\"url\":\"https:\/\/secure.gravatar.com\/avatar\/0db7df26707fd8adc2b24ae87259322b0aea8d9eaf092366b1d208b0b180ee7e?s=96&d=mm&r=g\",\"contentUrl\":\"https:\/\/secure.gravatar.com\/avatar\/0db7df26707fd8adc2b24ae87259322b0aea8d9eaf092366b1d208b0b180ee7e?s=96&d=mm&r=g\",\"caption\":\"Mart\u00edn Ripari\"},\"url\":\"https:\/\/lapatriafutbolera.com.ar\/index.php\/author\/martin-ripari\/\"}]}<\/script>\n<!-- \/ Yoast SEO plugin. -->","yoast_head_json":{"title":"Una \"mafia m\u00e9dica\" mat\u00f3 a Diego Armando Maradona - LA PATRIA FUTBOLERA","robots":{"index":"index","follow":"follow","max-snippet":"max-snippet:-1","max-image-preview":"max-image-preview:large","max-video-preview":"max-video-preview:-1"},"canonical":"https:\/\/lapatriafutbolera.com.ar\/index.php\/2025\/03\/10\/una-mafia-medica-mato-a-diego-armando-maradona\/","og_locale":"es_ES","og_type":"article","og_title":"Una \"mafia m\u00e9dica\" mat\u00f3 a Diego Armando Maradona - LA PATRIA FUTBOLERA","og_description":"El duro relato de la familia antes del juicio por su muerte: familiares del astro...","og_url":"https:\/\/lapatriafutbolera.com.ar\/index.php\/2025\/03\/10\/una-mafia-medica-mato-a-diego-armando-maradona\/","og_site_name":"LA PATRIA FUTBOLERA","article_published_time":"2025-03-11T02:29:06+00:00","article_modified_time":"2025-03-25T02:32:34+00:00","og_image":[{"width":1706,"height":960,"url":"https:\/\/lapatriafutbolera.com.ar\/wp-content\/uploads\/2025\/03\/930417348_253803632_1706x960.webp","type":"image\/webp"}],"author":"Mart\u00edn Ripari","twitter_card":"summary_large_image","twitter_misc":{"Escrito por":"Mart\u00edn Ripari","Tiempo de lectura":"5 minutos"},"schema":{"@context":"https:\/\/schema.org","@graph":[{"@type":"Article","@id":"https:\/\/lapatriafutbolera.com.ar\/index.php\/2025\/03\/10\/una-mafia-medica-mato-a-diego-armando-maradona\/#article","isPartOf":{"@id":"https:\/\/lapatriafutbolera.com.ar\/index.php\/2025\/03\/10\/una-mafia-medica-mato-a-diego-armando-maradona\/"},"author":{"name":"Mart\u00edn Ripari","@id":"https:\/\/lapatriafutbolera.com.ar\/#\/schema\/person\/dc3d1ee3d5b1b3798150a5bbc781935d"},"headline":"Una &#8220;mafia m\u00e9dica&#8221; mat\u00f3 a Diego Armando Maradona","datePublished":"2025-03-11T02:29:06+00:00","dateModified":"2025-03-25T02:32:34+00:00","mainEntityOfPage":{"@id":"https:\/\/lapatriafutbolera.com.ar\/index.php\/2025\/03\/10\/una-mafia-medica-mato-a-diego-armando-maradona\/"},"wordCount":1224,"commentCount":0,"publisher":{"@id":"https:\/\/lapatriafutbolera.com.ar\/#organization"},"articleSection":["MARADONA: EL JUICIO"],"inLanguage":"es-AR","potentialAction":[{"@type":"CommentAction","name":"Comment","target":["https:\/\/lapatriafutbolera.com.ar\/index.php\/2025\/03\/10\/una-mafia-medica-mato-a-diego-armando-maradona\/#respond"]}]},{"@type":"WebPage","@id":"https:\/\/lapatriafutbolera.com.ar\/index.php\/2025\/03\/10\/una-mafia-medica-mato-a-diego-armando-maradona\/","url":"https:\/\/lapatriafutbolera.com.ar\/index.php\/2025\/03\/10\/una-mafia-medica-mato-a-diego-armando-maradona\/","name":"Una \"mafia m\u00e9dica\" mat\u00f3 a Diego Armando Maradona - LA PATRIA FUTBOLERA","isPartOf":{"@id":"https:\/\/lapatriafutbolera.com.ar\/#website"},"datePublished":"2025-03-11T02:29:06+00:00","dateModified":"2025-03-25T02:32:34+00:00","breadcrumb":{"@id":"https:\/\/lapatriafutbolera.com.ar\/index.php\/2025\/03\/10\/una-mafia-medica-mato-a-diego-armando-maradona\/#breadcrumb"},"inLanguage":"es-AR","potentialAction":[{"@type":"ReadAction","target":["https:\/\/lapatriafutbolera.com.ar\/index.php\/2025\/03\/10\/una-mafia-medica-mato-a-diego-armando-maradona\/"]}]},{"@type":"BreadcrumbList","@id":"https:\/\/lapatriafutbolera.com.ar\/index.php\/2025\/03\/10\/una-mafia-medica-mato-a-diego-armando-maradona\/#breadcrumb","itemListElement":[{"@type":"ListItem","position":1,"name":"Inicio","item":"https:\/\/lapatriafutbolera.com.ar\/"},{"@type":"ListItem","position":2,"name":"Una &#8220;mafia m\u00e9dica&#8221; mat\u00f3 a Diego Armando Maradona"}]},{"@type":"WebSite","@id":"https:\/\/lapatriafutbolera.com.ar\/#website","url":"https:\/\/lapatriafutbolera.com.ar\/","name":"LA PATRIA FUTBOLERA","description":"","publisher":{"@id":"https:\/\/lapatriafutbolera.com.ar\/#organization"},"potentialAction":[{"@type":"SearchAction","target":{"@type":"EntryPoint","urlTemplate":"https:\/\/lapatriafutbolera.com.ar\/?s={search_term_string}"},"query-input":"required name=search_term_string"}],"inLanguage":"es-AR"},{"@type":"Organization","@id":"https:\/\/lapatriafutbolera.com.ar\/#organization","name":"LA PATRIA FUTBOLERA","url":"https:\/\/lapatriafutbolera.com.ar\/","sameAs":[],"logo":{"@type":"ImageObject","inLanguage":"es-AR","@id":"https:\/\/lapatriafutbolera.com.ar\/#\/schema\/logo\/image\/","url":"https:\/\/lapatriafutbolera.com.ar\/wp-content\/uploads\/2025\/03\/cropped-LA-PATRIA-14.jpg","contentUrl":"https:\/\/lapatriafutbolera.com.ar\/wp-content\/uploads\/2025\/03\/cropped-LA-PATRIA-14.jpg","width":1308,"height":221,"caption":"LA PATRIA FUTBOLERA"},"image":{"@id":"https:\/\/lapatriafutbolera.com.ar\/#\/schema\/logo\/image\/"}},{"@type":"Person","@id":"https:\/\/lapatriafutbolera.com.ar\/#\/schema\/person\/dc3d1ee3d5b1b3798150a5bbc781935d","name":"Mart\u00edn Ripari","image":{"@type":"ImageObject","inLanguage":"es-AR","@id":"https:\/\/lapatriafutbolera.com.ar\/#\/schema\/person\/image\/","url":"https:\/\/secure.gravatar.com\/avatar\/0db7df26707fd8adc2b24ae87259322b0aea8d9eaf092366b1d208b0b180ee7e?s=96&d=mm&r=g","contentUrl":"https:\/\/secure.gravatar.com\/avatar\/0db7df26707fd8adc2b24ae87259322b0aea8d9eaf092366b1d208b0b180ee7e?s=96&d=mm&r=g","caption":"Mart\u00edn Ripari"},"url":"https:\/\/lapatriafutbolera.com.ar\/index.php\/author\/martin-ripari\/"}]}},"_links":{"self":[{"href":"https:\/\/lapatriafutbolera.com.ar\/index.php\/wp-json\/wp\/v2\/posts\/2338","targetHints":{"allow":["GET"]}}],"collection":[{"href":"https:\/\/lapatriafutbolera.com.ar\/index.php\/wp-json\/wp\/v2\/posts"}],"about":[{"href":"https:\/\/lapatriafutbolera.com.ar\/index.php\/wp-json\/wp\/v2\/types\/post"}],"author":[{"embeddable":true,"href":"https:\/\/lapatriafutbolera.com.ar\/index.php\/wp-json\/wp\/v2\/users\/3"}],"replies":[{"embeddable":true,"href":"https:\/\/lapatriafutbolera.com.ar\/index.php\/wp-json\/wp\/v2\/comments?post=2338"}],"version-history":[{"count":1,"href":"https:\/\/lapatriafutbolera.com.ar\/index.php\/wp-json\/wp\/v2\/posts\/2338\/revisions"}],"predecessor-version":[{"id":2341,"href":"https:\/\/lapatriafutbolera.com.ar\/index.php\/wp-json\/wp\/v2\/posts\/2338\/revisions\/2341"}],"wp:featuredmedia":[{"embeddable":true,"href":"https:\/\/lapatriafutbolera.com.ar\/index.php\/wp-json\/wp\/v2\/media\/2340"}],"wp:attachment":[{"href":"https:\/\/lapatriafutbolera.com.ar\/index.php\/wp-json\/wp\/v2\/media?parent=2338"}],"wp:term":[{"taxonomy":"category","embeddable":true,"href":"https:\/\/lapatriafutbolera.com.ar\/index.php\/wp-json\/wp\/v2\/categories?post=2338"},{"taxonomy":"post_tag","embeddable":true,"href":"https:\/\/lapatriafutbolera.com.ar\/index.php\/wp-json\/wp\/v2\/tags?post=2338"}],"curies":[{"name":"wp","href":"https:\/\/api.w.org\/{rel}","templated":true}]}}