{"id":243,"date":"2022-08-30T09:00:36","date_gmt":"2022-08-30T12:00:36","guid":{"rendered":"https:\/\/lapatriafutbolera.com.ar\/?p=243"},"modified":"2022-08-30T09:04:11","modified_gmt":"2022-08-30T12:04:11","slug":"barrilete-cosmico-version-sinfonica","status":"publish","type":"post","link":"https:\/\/lapatriafutbolera.com.ar\/index.php\/2022\/08\/30\/barrilete-cosmico-version-sinfonica\/","title":{"rendered":"BARRILETE C\u00d3SMICO, versi\u00f3n sinf\u00f3nica"},"content":{"rendered":"\n<p><strong><em>El Coro Municipal de C\u00f3rdoba interpreta la obra del mejor gol de la historia con los relatos de V\u00edctor Hugo Morales.\u00a0<\/em><\/strong><\/p>\n\n\n\n<p><strong>El fanatismo por Diego Maradona no conoce de l\u00edmites ni de rubros.<\/strong>\u00a0A lo largo de la historia, distintos protagonistas de la m\u00fasica le han rendido su pleites\u00eda al jugador de todos los tiempos.<\/p>\n\n\n<div class=\"wp-block-image\">\n<figure class=\"aligncenter size-large\"><img loading=\"lazy\" decoding=\"async\" width=\"1024\" height=\"576\" src=\"https:\/\/lapatriafutbolera.com.ar\/wp-content\/uploads\/2022\/08\/maradona-gol-inglaterra-ingleses-1024x576.webp\" alt=\"\" class=\"wp-image-246\" srcset=\"https:\/\/lapatriafutbolera.com.ar\/wp-content\/uploads\/2022\/08\/maradona-gol-inglaterra-ingleses-1024x576.webp 1024w, https:\/\/lapatriafutbolera.com.ar\/wp-content\/uploads\/2022\/08\/maradona-gol-inglaterra-ingleses-300x169.webp 300w, https:\/\/lapatriafutbolera.com.ar\/wp-content\/uploads\/2022\/08\/maradona-gol-inglaterra-ingleses-768x432.webp 768w, https:\/\/lapatriafutbolera.com.ar\/wp-content\/uploads\/2022\/08\/maradona-gol-inglaterra-ingleses.webp 1200w\" sizes=\"auto, (max-width: 1024px) 100vw, 1024px\" \/><figcaption><em><strong>El segundo gol a Shilton: el momento en que el hombre se convierte en mito. Diego, inmortal.<\/strong><\/em><\/figcaption><\/figure>\n<\/div>\n\n\n<p>Desde Andr\u00e9s Calamaro a Rodrigo, pasando por Manu Chao, Los Piojos y los Ratones Paranoicos, son muchos los int\u00e9rpretes que le dedicaron una canci\u00f3n al 10.&nbsp;<\/p>\n\n\n\n<p>En los \u00faltimos d\u00edas, el\u00a0<strong>Coro Municipal de C\u00f3rdoba<\/strong>\u00a0se sum\u00f3 a la lista, en su 50\u00b0 aniversario, con una creativa interpretaci\u00f3n del hist\u00f3rico gol a Inglaterra en el Mundial 86&#8242; con el relato de V\u00edctor Hugo Morales que inmortaliz\u00f3 la frase &#8220;Barrilete C\u00f3smico&#8221;.\u00a0<\/p>\n\n\n<div class=\"wp-block-image\">\n<figure class=\"aligncenter size-full\"><img loading=\"lazy\" decoding=\"async\" width=\"800\" height=\"400\" src=\"https:\/\/lapatriafutbolera.com.ar\/wp-content\/uploads\/2022\/08\/WhatsApp-Image-2021-12-13-at-14.14.14-800x400-1.jpeg\" alt=\"\" class=\"wp-image-245\" srcset=\"https:\/\/lapatriafutbolera.com.ar\/wp-content\/uploads\/2022\/08\/WhatsApp-Image-2021-12-13-at-14.14.14-800x400-1.jpeg 800w, https:\/\/lapatriafutbolera.com.ar\/wp-content\/uploads\/2022\/08\/WhatsApp-Image-2021-12-13-at-14.14.14-800x400-1-300x150.jpeg 300w, https:\/\/lapatriafutbolera.com.ar\/wp-content\/uploads\/2022\/08\/WhatsApp-Image-2021-12-13-at-14.14.14-800x400-1-768x384.jpeg 768w\" sizes=\"auto, (max-width: 800px) 100vw, 800px\" \/><figcaption><em><strong>El Coro Municipal de la Ciudad de C\u00f3rdoba; interpretes de la versi\u00f3n sinf\u00f3nica del relato del mas gol mas importante de Diego.<\/strong><\/em><\/figcaption><\/figure>\n<\/div>\n\n\n<h2 class=\"wp-block-heading\">&#8220;BARRILETE C\u00d3SMICO&#8221;, el relato completo de V\u00edctor Hugo Morales<\/h2>\n\n\n\n<p>&#8220;<em>&#8230;La va a tocar para Diego, ah\u00ed la tiene Maradona, lo marcan dos, pisa la pelota Maradona, arranca por la derecha el genio del f\u00fatbol mundial, y deja el tendal y va a tocar para Burruchaga\u2026\u00a0<strong>\u00a1Siempre Maradona! \u00a1Genio! \u00a1Genio! \u00a1Genio! Ta-ta-ta-ta-ta-ta\u2026 Goooooool\u2026 Gooooool\u2026<\/strong>\u00a0\u00a1Quiero llorar! \u00a1Dios santo, viva el f\u00fatbol! \u00a1Golaaaaaaazooooooo! \u00a1Diegooooooool! \u00a1Maradona! Es para llorar, perd\u00f3nenme\u2026 Maradona, en corrida memorable, en la jugada de todos los tiempos\u2026\u00a0<strong>barrilete c\u00f3smico\u2026 \u00bfde qu\u00e9 planeta viniste? \u00a1Para dejar en el camino a tanto ingl\u00e9s!<\/strong>\u00a0\u00a1Para que el pa\u00eds sea un pu\u00f1o apretado, gritando por Argentina!\u2026 Argentina 2 \u2013 Inglaterra 0\u2026 Diegol, Diegol, Diego Armando Maradona\u2026 Gracias Dios, por el f\u00fatbol, por Maradona, por estas l\u00e1grimas, por este Argentina 2 \u2013 Inglaterra 0&#8230;<\/em>&#8220;.<\/p>\n\n\n\n<figure class=\"wp-block-video\"><video height=\"720\" style=\"aspect-ratio: 720 \/ 720;\" width=\"720\" controls src=\"https:\/\/lapatriafutbolera.com.ar\/wp-content\/uploads\/2022\/08\/Maradona-sinfonico_-el-relato-del-mejor-gol-de-la-historia-hecho-por-un-coro.mp4\"><\/video><figcaption>La sublime interpretaci\u00f3n del Coro Municipal de C\u00f3rdoba, con el relato de V\u00edctor Hugo como tel\u00f3n de fondo.<\/figcaption><\/figure>\n","protected":false},"excerpt":{"rendered":"<p>El Coro Municipal de C\u00f3rdoba interpreta la obra del mejor gol de la historia con&#8230;<\/p>\n","protected":false},"author":3,"featured_media":244,"comment_status":"open","ping_status":"open","sticky":false,"template":"","format":"standard","meta":{"footnotes":""},"categories":[12],"tags":[],"class_list":["post-243","post","type-post","status-publish","format-standard","has-post-thumbnail","hentry","category-maradoneando"],"yoast_head":"<!-- This site is optimized with the Yoast SEO plugin v19.5.1 - https:\/\/yoast.com\/wordpress\/plugins\/seo\/ -->\n<title>BARRILETE C\u00d3SMICO, versi\u00f3n sinf\u00f3nica - LA PATRIA FUTBOLERA<\/title>\n<meta name=\"robots\" content=\"index, follow, max-snippet:-1, max-image-preview:large, max-video-preview:-1\" \/>\n<link rel=\"canonical\" href=\"https:\/\/lapatriafutbolera.com.ar\/index.php\/2022\/08\/30\/barrilete-cosmico-version-sinfonica\/\" \/>\n<meta property=\"og:locale\" content=\"es_ES\" \/>\n<meta property=\"og:type\" content=\"article\" \/>\n<meta property=\"og:title\" content=\"BARRILETE C\u00d3SMICO, versi\u00f3n sinf\u00f3nica - LA PATRIA FUTBOLERA\" \/>\n<meta property=\"og:description\" content=\"El Coro Municipal de C\u00f3rdoba interpreta la obra del mejor gol de la historia con...\" \/>\n<meta property=\"og:url\" content=\"https:\/\/lapatriafutbolera.com.ar\/index.php\/2022\/08\/30\/barrilete-cosmico-version-sinfonica\/\" \/>\n<meta property=\"og:site_name\" content=\"LA PATRIA FUTBOLERA\" \/>\n<meta property=\"article:published_time\" content=\"2022-08-30T12:00:36+00:00\" \/>\n<meta property=\"article:modified_time\" content=\"2022-08-30T12:04:11+00:00\" \/>\n<meta property=\"og:image\" content=\"https:\/\/lapatriafutbolera.com.ar\/wp-content\/uploads\/2022\/08\/descarga-18.jpg\" \/>\n\t<meta property=\"og:image:width\" content=\"274\" \/>\n\t<meta property=\"og:image:height\" content=\"184\" \/>\n\t<meta property=\"og:image:type\" content=\"image\/jpeg\" \/>\n<meta name=\"author\" content=\"Mart\u00edn Ripari\" \/>\n<meta name=\"twitter:card\" content=\"summary_large_image\" \/>\n<meta name=\"twitter:label1\" content=\"Escrito por\" \/>\n\t<meta name=\"twitter:data1\" content=\"Mart\u00edn Ripari\" \/>\n\t<meta name=\"twitter:label2\" content=\"Tiempo de lectura\" \/>\n\t<meta name=\"twitter:data2\" content=\"2 minutos\" \/>\n<script type=\"application\/ld+json\" class=\"yoast-schema-graph\">{\"@context\":\"https:\/\/schema.org\",\"@graph\":[{\"@type\":\"Article\",\"@id\":\"https:\/\/lapatriafutbolera.com.ar\/index.php\/2022\/08\/30\/barrilete-cosmico-version-sinfonica\/#article\",\"isPartOf\":{\"@id\":\"https:\/\/lapatriafutbolera.com.ar\/index.php\/2022\/08\/30\/barrilete-cosmico-version-sinfonica\/\"},\"author\":{\"name\":\"Mart\u00edn Ripari\",\"@id\":\"https:\/\/lapatriafutbolera.com.ar\/#\/schema\/person\/dc3d1ee3d5b1b3798150a5bbc781935d\"},\"headline\":\"BARRILETE C\u00d3SMICO, versi\u00f3n sinf\u00f3nica\",\"datePublished\":\"2022-08-30T12:00:36+00:00\",\"dateModified\":\"2022-08-30T12:04:11+00:00\",\"mainEntityOfPage\":{\"@id\":\"https:\/\/lapatriafutbolera.com.ar\/index.php\/2022\/08\/30\/barrilete-cosmico-version-sinfonica\/\"},\"wordCount\":344,\"commentCount\":0,\"publisher\":{\"@id\":\"https:\/\/lapatriafutbolera.com.ar\/#organization\"},\"articleSection\":[\"Maradoneando\"],\"inLanguage\":\"es-AR\",\"potentialAction\":[{\"@type\":\"CommentAction\",\"name\":\"Comment\",\"target\":[\"https:\/\/lapatriafutbolera.com.ar\/index.php\/2022\/08\/30\/barrilete-cosmico-version-sinfonica\/#respond\"]}]},{\"@type\":\"WebPage\",\"@id\":\"https:\/\/lapatriafutbolera.com.ar\/index.php\/2022\/08\/30\/barrilete-cosmico-version-sinfonica\/\",\"url\":\"https:\/\/lapatriafutbolera.com.ar\/index.php\/2022\/08\/30\/barrilete-cosmico-version-sinfonica\/\",\"name\":\"BARRILETE C\u00d3SMICO, versi\u00f3n sinf\u00f3nica - LA PATRIA FUTBOLERA\",\"isPartOf\":{\"@id\":\"https:\/\/lapatriafutbolera.com.ar\/#website\"},\"datePublished\":\"2022-08-30T12:00:36+00:00\",\"dateModified\":\"2022-08-30T12:04:11+00:00\",\"breadcrumb\":{\"@id\":\"https:\/\/lapatriafutbolera.com.ar\/index.php\/2022\/08\/30\/barrilete-cosmico-version-sinfonica\/#breadcrumb\"},\"inLanguage\":\"es-AR\",\"potentialAction\":[{\"@type\":\"ReadAction\",\"target\":[\"https:\/\/lapatriafutbolera.com.ar\/index.php\/2022\/08\/30\/barrilete-cosmico-version-sinfonica\/\"]}]},{\"@type\":\"BreadcrumbList\",\"@id\":\"https:\/\/lapatriafutbolera.com.ar\/index.php\/2022\/08\/30\/barrilete-cosmico-version-sinfonica\/#breadcrumb\",\"itemListElement\":[{\"@type\":\"ListItem\",\"position\":1,\"name\":\"Inicio\",\"item\":\"https:\/\/lapatriafutbolera.com.ar\/\"},{\"@type\":\"ListItem\",\"position\":2,\"name\":\"BARRILETE C\u00d3SMICO, versi\u00f3n sinf\u00f3nica\"}]},{\"@type\":\"WebSite\",\"@id\":\"https:\/\/lapatriafutbolera.com.ar\/#website\",\"url\":\"https:\/\/lapatriafutbolera.com.ar\/\",\"name\":\"LA PATRIA FUTBOLERA\",\"description\":\"\",\"publisher\":{\"@id\":\"https:\/\/lapatriafutbolera.com.ar\/#organization\"},\"potentialAction\":[{\"@type\":\"SearchAction\",\"target\":{\"@type\":\"EntryPoint\",\"urlTemplate\":\"https:\/\/lapatriafutbolera.com.ar\/?s={search_term_string}\"},\"query-input\":\"required name=search_term_string\"}],\"inLanguage\":\"es-AR\"},{\"@type\":\"Organization\",\"@id\":\"https:\/\/lapatriafutbolera.com.ar\/#organization\",\"name\":\"LA PATRIA FUTBOLERA\",\"url\":\"https:\/\/lapatriafutbolera.com.ar\/\",\"sameAs\":[],\"logo\":{\"@type\":\"ImageObject\",\"inLanguage\":\"es-AR\",\"@id\":\"https:\/\/lapatriafutbolera.com.ar\/#\/schema\/logo\/image\/\",\"url\":\"https:\/\/lapatriafutbolera.com.ar\/wp-content\/uploads\/2025\/03\/cropped-LA-PATRIA-14.jpg\",\"contentUrl\":\"https:\/\/lapatriafutbolera.com.ar\/wp-content\/uploads\/2025\/03\/cropped-LA-PATRIA-14.jpg\",\"width\":1308,\"height\":221,\"caption\":\"LA PATRIA FUTBOLERA\"},\"image\":{\"@id\":\"https:\/\/lapatriafutbolera.com.ar\/#\/schema\/logo\/image\/\"}},{\"@type\":\"Person\",\"@id\":\"https:\/\/lapatriafutbolera.com.ar\/#\/schema\/person\/dc3d1ee3d5b1b3798150a5bbc781935d\",\"name\":\"Mart\u00edn Ripari\",\"image\":{\"@type\":\"ImageObject\",\"inLanguage\":\"es-AR\",\"@id\":\"https:\/\/lapatriafutbolera.com.ar\/#\/schema\/person\/image\/\",\"url\":\"https:\/\/secure.gravatar.com\/avatar\/0db7df26707fd8adc2b24ae87259322b0aea8d9eaf092366b1d208b0b180ee7e?s=96&d=mm&r=g\",\"contentUrl\":\"https:\/\/secure.gravatar.com\/avatar\/0db7df26707fd8adc2b24ae87259322b0aea8d9eaf092366b1d208b0b180ee7e?s=96&d=mm&r=g\",\"caption\":\"Mart\u00edn Ripari\"},\"url\":\"https:\/\/lapatriafutbolera.com.ar\/index.php\/author\/martin-ripari\/\"}]}<\/script>\n<!-- \/ Yoast SEO plugin. -->","yoast_head_json":{"title":"BARRILETE C\u00d3SMICO, versi\u00f3n sinf\u00f3nica - LA PATRIA FUTBOLERA","robots":{"index":"index","follow":"follow","max-snippet":"max-snippet:-1","max-image-preview":"max-image-preview:large","max-video-preview":"max-video-preview:-1"},"canonical":"https:\/\/lapatriafutbolera.com.ar\/index.php\/2022\/08\/30\/barrilete-cosmico-version-sinfonica\/","og_locale":"es_ES","og_type":"article","og_title":"BARRILETE C\u00d3SMICO, versi\u00f3n sinf\u00f3nica - LA PATRIA FUTBOLERA","og_description":"El Coro Municipal de C\u00f3rdoba interpreta la obra del mejor gol de la historia con...","og_url":"https:\/\/lapatriafutbolera.com.ar\/index.php\/2022\/08\/30\/barrilete-cosmico-version-sinfonica\/","og_site_name":"LA PATRIA FUTBOLERA","article_published_time":"2022-08-30T12:00:36+00:00","article_modified_time":"2022-08-30T12:04:11+00:00","og_image":[{"width":274,"height":184,"url":"https:\/\/lapatriafutbolera.com.ar\/wp-content\/uploads\/2022\/08\/descarga-18.jpg","type":"image\/jpeg"}],"author":"Mart\u00edn Ripari","twitter_card":"summary_large_image","twitter_misc":{"Escrito por":"Mart\u00edn Ripari","Tiempo de lectura":"2 minutos"},"schema":{"@context":"https:\/\/schema.org","@graph":[{"@type":"Article","@id":"https:\/\/lapatriafutbolera.com.ar\/index.php\/2022\/08\/30\/barrilete-cosmico-version-sinfonica\/#article","isPartOf":{"@id":"https:\/\/lapatriafutbolera.com.ar\/index.php\/2022\/08\/30\/barrilete-cosmico-version-sinfonica\/"},"author":{"name":"Mart\u00edn Ripari","@id":"https:\/\/lapatriafutbolera.com.ar\/#\/schema\/person\/dc3d1ee3d5b1b3798150a5bbc781935d"},"headline":"BARRILETE C\u00d3SMICO, versi\u00f3n sinf\u00f3nica","datePublished":"2022-08-30T12:00:36+00:00","dateModified":"2022-08-30T12:04:11+00:00","mainEntityOfPage":{"@id":"https:\/\/lapatriafutbolera.com.ar\/index.php\/2022\/08\/30\/barrilete-cosmico-version-sinfonica\/"},"wordCount":344,"commentCount":0,"publisher":{"@id":"https:\/\/lapatriafutbolera.com.ar\/#organization"},"articleSection":["Maradoneando"],"inLanguage":"es-AR","potentialAction":[{"@type":"CommentAction","name":"Comment","target":["https:\/\/lapatriafutbolera.com.ar\/index.php\/2022\/08\/30\/barrilete-cosmico-version-sinfonica\/#respond"]}]},{"@type":"WebPage","@id":"https:\/\/lapatriafutbolera.com.ar\/index.php\/2022\/08\/30\/barrilete-cosmico-version-sinfonica\/","url":"https:\/\/lapatriafutbolera.com.ar\/index.php\/2022\/08\/30\/barrilete-cosmico-version-sinfonica\/","name":"BARRILETE C\u00d3SMICO, versi\u00f3n sinf\u00f3nica - LA PATRIA FUTBOLERA","isPartOf":{"@id":"https:\/\/lapatriafutbolera.com.ar\/#website"},"datePublished":"2022-08-30T12:00:36+00:00","dateModified":"2022-08-30T12:04:11+00:00","breadcrumb":{"@id":"https:\/\/lapatriafutbolera.com.ar\/index.php\/2022\/08\/30\/barrilete-cosmico-version-sinfonica\/#breadcrumb"},"inLanguage":"es-AR","potentialAction":[{"@type":"ReadAction","target":["https:\/\/lapatriafutbolera.com.ar\/index.php\/2022\/08\/30\/barrilete-cosmico-version-sinfonica\/"]}]},{"@type":"BreadcrumbList","@id":"https:\/\/lapatriafutbolera.com.ar\/index.php\/2022\/08\/30\/barrilete-cosmico-version-sinfonica\/#breadcrumb","itemListElement":[{"@type":"ListItem","position":1,"name":"Inicio","item":"https:\/\/lapatriafutbolera.com.ar\/"},{"@type":"ListItem","position":2,"name":"BARRILETE C\u00d3SMICO, versi\u00f3n sinf\u00f3nica"}]},{"@type":"WebSite","@id":"https:\/\/lapatriafutbolera.com.ar\/#website","url":"https:\/\/lapatriafutbolera.com.ar\/","name":"LA PATRIA FUTBOLERA","description":"","publisher":{"@id":"https:\/\/lapatriafutbolera.com.ar\/#organization"},"potentialAction":[{"@type":"SearchAction","target":{"@type":"EntryPoint","urlTemplate":"https:\/\/lapatriafutbolera.com.ar\/?s={search_term_string}"},"query-input":"required name=search_term_string"}],"inLanguage":"es-AR"},{"@type":"Organization","@id":"https:\/\/lapatriafutbolera.com.ar\/#organization","name":"LA PATRIA FUTBOLERA","url":"https:\/\/lapatriafutbolera.com.ar\/","sameAs":[],"logo":{"@type":"ImageObject","inLanguage":"es-AR","@id":"https:\/\/lapatriafutbolera.com.ar\/#\/schema\/logo\/image\/","url":"https:\/\/lapatriafutbolera.com.ar\/wp-content\/uploads\/2025\/03\/cropped-LA-PATRIA-14.jpg","contentUrl":"https:\/\/lapatriafutbolera.com.ar\/wp-content\/uploads\/2025\/03\/cropped-LA-PATRIA-14.jpg","width":1308,"height":221,"caption":"LA PATRIA FUTBOLERA"},"image":{"@id":"https:\/\/lapatriafutbolera.com.ar\/#\/schema\/logo\/image\/"}},{"@type":"Person","@id":"https:\/\/lapatriafutbolera.com.ar\/#\/schema\/person\/dc3d1ee3d5b1b3798150a5bbc781935d","name":"Mart\u00edn Ripari","image":{"@type":"ImageObject","inLanguage":"es-AR","@id":"https:\/\/lapatriafutbolera.com.ar\/#\/schema\/person\/image\/","url":"https:\/\/secure.gravatar.com\/avatar\/0db7df26707fd8adc2b24ae87259322b0aea8d9eaf092366b1d208b0b180ee7e?s=96&d=mm&r=g","contentUrl":"https:\/\/secure.gravatar.com\/avatar\/0db7df26707fd8adc2b24ae87259322b0aea8d9eaf092366b1d208b0b180ee7e?s=96&d=mm&r=g","caption":"Mart\u00edn Ripari"},"url":"https:\/\/lapatriafutbolera.com.ar\/index.php\/author\/martin-ripari\/"}]}},"_links":{"self":[{"href":"https:\/\/lapatriafutbolera.com.ar\/index.php\/wp-json\/wp\/v2\/posts\/243","targetHints":{"allow":["GET"]}}],"collection":[{"href":"https:\/\/lapatriafutbolera.com.ar\/index.php\/wp-json\/wp\/v2\/posts"}],"about":[{"href":"https:\/\/lapatriafutbolera.com.ar\/index.php\/wp-json\/wp\/v2\/types\/post"}],"author":[{"embeddable":true,"href":"https:\/\/lapatriafutbolera.com.ar\/index.php\/wp-json\/wp\/v2\/users\/3"}],"replies":[{"embeddable":true,"href":"https:\/\/lapatriafutbolera.com.ar\/index.php\/wp-json\/wp\/v2\/comments?post=243"}],"version-history":[{"count":2,"href":"https:\/\/lapatriafutbolera.com.ar\/index.php\/wp-json\/wp\/v2\/posts\/243\/revisions"}],"predecessor-version":[{"id":250,"href":"https:\/\/lapatriafutbolera.com.ar\/index.php\/wp-json\/wp\/v2\/posts\/243\/revisions\/250"}],"wp:featuredmedia":[{"embeddable":true,"href":"https:\/\/lapatriafutbolera.com.ar\/index.php\/wp-json\/wp\/v2\/media\/244"}],"wp:attachment":[{"href":"https:\/\/lapatriafutbolera.com.ar\/index.php\/wp-json\/wp\/v2\/media?parent=243"}],"wp:term":[{"taxonomy":"category","embeddable":true,"href":"https:\/\/lapatriafutbolera.com.ar\/index.php\/wp-json\/wp\/v2\/categories?post=243"},{"taxonomy":"post_tag","embeddable":true,"href":"https:\/\/lapatriafutbolera.com.ar\/index.php\/wp-json\/wp\/v2\/tags?post=243"}],"curies":[{"name":"wp","href":"https:\/\/api.w.org\/{rel}","templated":true}]}}