{"id":300,"date":"2022-09-03T09:28:11","date_gmt":"2022-09-03T12:28:11","guid":{"rendered":"https:\/\/lapatriafutbolera.com.ar\/?p=300"},"modified":"2022-09-03T09:30:05","modified_gmt":"2022-09-03T12:30:05","slug":"los-de-afuera-son-de-palo","status":"publish","type":"post","link":"https:\/\/lapatriafutbolera.com.ar\/index.php\/2022\/09\/03\/los-de-afuera-son-de-palo\/","title":{"rendered":"Los de afuera son de palo"},"content":{"rendered":"\n<p>La&nbsp;<strong>Copa Mundial de la FIFA Brasil 1950<\/strong>&nbsp;fue la cuarta edici\u00f3n del&nbsp;<a href=\"https:\/\/es.wikipedia.org\/wiki\/Copa_Mundial_de_F%C3%BAtbol\">campeonato mundial<\/a>&nbsp;de&nbsp;<a href=\"https:\/\/es.wikipedia.org\/wiki\/F%C3%BAtbol\">f\u00fatbol<\/a>&nbsp;masculino organizado por la&nbsp;<a href=\"https:\/\/es.wikipedia.org\/wiki\/FIFA\">FIFA<\/a>. Tuvo lugar en&nbsp;<a href=\"https:\/\/es.wikipedia.org\/wiki\/Brasil\">Brasil<\/a>&nbsp;desde el&nbsp;<a href=\"https:\/\/es.wikipedia.org\/wiki\/24_de_junio\">24 de junio<\/a>&nbsp;hasta el&nbsp;<a href=\"https:\/\/es.wikipedia.org\/wiki\/16_de_julio\">16 de julio<\/a>&nbsp;de&nbsp;<a href=\"https:\/\/es.wikipedia.org\/wiki\/1950\">1950<\/a>.<\/p>\n\n\n\n<p>La FIFA recuper\u00f3 la Copa Mundial despu\u00e9s de que las ediciones previstas para 1942 y 1946 quedasen suspendidas por la&nbsp;<a href=\"https:\/\/es.wikipedia.org\/wiki\/Segunda_Guerra_Mundial\">Segunda Guerra Mundial<\/a>. En homenaje a los 25 a\u00f1os de presidencia de&nbsp;<a href=\"https:\/\/es.wikipedia.org\/wiki\/Jules_Rimet\">Jules Rimet<\/a>, el trofeo de campeones fue renombrado \u00abCopa Jules Rimet\u00bb. Las sucesivas retiradas provocaron que solo participasen 13 pa\u00edses: 6 europeos y 7 americanos. Destacaron especialmente el regreso de Uruguay, ausente en los dos \u00faltimos torneos, y el debut de&nbsp;<a href=\"https:\/\/es.wikipedia.org\/wiki\/Selecci%C3%B3n_de_f%C3%BAtbol_de_Inglaterra\">Inglaterra<\/a>&nbsp;luego de que las federaciones brit\u00e1nicas reingresasen en la FIFA.\u200b<\/p>\n\n\n\n<p>Debido a su formato de competici\u00f3n, usado solo en esta edici\u00f3n, la Copa Mundial de 1950 fue la \u00fanica en la que no se celebr\u00f3 una final. En la fase preliminar los 13 participantes se divid\u00edan en cuatro grupos para enfrentarse&nbsp;<a href=\"https:\/\/es.wikipedia.org\/wiki\/Todos_contra_todos\">todos contra todos<\/a>&nbsp;en una vez. Los ganadores de cada grupo (<a href=\"https:\/\/es.wikipedia.org\/wiki\/Selecci%C3%B3n_de_f%C3%BAtbol_de_Brasil\">Brasil<\/a>,&nbsp;<a href=\"https:\/\/es.wikipedia.org\/wiki\/Selecci%C3%B3n_de_f%C3%BAtbol_de_Espa%C3%B1a\">Espa\u00f1a<\/a>,&nbsp;<a href=\"https:\/\/es.wikipedia.org\/wiki\/Selecci%C3%B3n_de_f%C3%BAtbol_de_Suecia\">Suecia<\/a>&nbsp;y&nbsp;<a href=\"https:\/\/es.wikipedia.org\/wiki\/Selecci%C3%B3n_de_f%C3%BAtbol_del_Uruguay\">Uruguay<\/a>) pasaban despu\u00e9s a una&nbsp;<a href=\"https:\/\/es.wikipedia.org\/wiki\/Liguilla\">liguilla<\/a>&nbsp;de cuatro bajo el mismo sistema, de la que saldr\u00eda el campe\u00f3n. El bal\u00f3n oficial fue&nbsp;<a href=\"https:\/\/es.wikipedia.org\/wiki\/Duplo_T\">Duplo T<\/a>, fabricado por una compa\u00f1\u00eda local.<\/p>\n\n\n\n<p>La Copa Mundial de 1950 es especialmente recordada por el \u00ab<a href=\"https:\/\/es.wikipedia.org\/wiki\/Maracanazo\">Maracanazo<\/a>\u00bb, nombre por el que se conoce a la victoria de&nbsp;<a href=\"https:\/\/es.wikipedia.org\/wiki\/Selecci%C3%B3n_de_f%C3%BAtbol_del_Uruguay\">Uruguay<\/a>&nbsp;sobre&nbsp;<a href=\"https:\/\/es.wikipedia.org\/wiki\/Selecci%C3%B3n_de_f%C3%BAtbol_de_Brasil\">Brasil<\/a>&nbsp;en la \u00faltima jornada. A los brasile\u00f1os les bastaba con un empate gracias a sus c\u00f3modas victorias contra espa\u00f1oles y escandinavos, mientras que a los charr\u00faas solo les val\u00eda ganar. Sin embargo, salt\u00f3 la sorpresa: a pesar de que&nbsp;<a href=\"https:\/\/es.wikipedia.org\/wiki\/Fria%C3%A7a\">Fria\u00e7a<\/a>&nbsp;adelant\u00f3 a los locales, los visitantes remontaron gracias a sendos tantos de&nbsp;<a href=\"https:\/\/es.wikipedia.org\/wiki\/Juan_Alberto_Schiaffino\">Schiaffino<\/a>&nbsp;y&nbsp;<a href=\"https:\/\/es.wikipedia.org\/wiki\/Alcides_Ghiggia\">Ghiggia<\/a>.\u200b Con el marcador final de 1\u20132, Uruguay gan\u00f3 su segunda Copa Mundial e igual\u00f3 a Italia en el palmar\u00e9s de ese entonces.<\/p>\n\n\n\n<p><strong>Elecci\u00f3n del pa\u00eds anfitri\u00f3n<\/strong><\/p>\n\n\n\n<p>La&nbsp;<a href=\"https:\/\/es.wikipedia.org\/wiki\/Segunda_Guerra_Mundial\">Segunda Guerra Mundial<\/a>&nbsp;provoc\u00f3 la suspensi\u00f3n de la Copa Mundial de&nbsp;<a href=\"https:\/\/es.wikipedia.org\/wiki\/1942\">1942<\/a>, para la que hab\u00edan presentado candidatura la&nbsp;<a href=\"https:\/\/es.wikipedia.org\/wiki\/Alemania_Nazi\">Alemania Nazi<\/a>,&nbsp;<a href=\"https:\/\/es.wikipedia.org\/wiki\/Argentina\">Argentina<\/a>&nbsp;y&nbsp;<a href=\"https:\/\/es.wikipedia.org\/wiki\/Brasil\">Brasil<\/a>. La decisi\u00f3n de qui\u00e9n la albergar\u00eda estaba prevista en un congreso de la&nbsp;<a href=\"https:\/\/es.wikipedia.org\/wiki\/FIFA\">FIFA<\/a>&nbsp;a celebrar en junio de&nbsp;<a href=\"https:\/\/es.wikipedia.org\/wiki\/1938\">1938<\/a>, pero su presidente&nbsp;<a href=\"https:\/\/es.wikipedia.org\/wiki\/Jules_Rimet\">Jules Rimet<\/a>&nbsp;lo posterg\u00f3 a&nbsp;<a href=\"https:\/\/es.wikipedia.org\/wiki\/1940\">1940<\/a>. El estallido del conflicto un a\u00f1o antes hizo que todo quedase en suspenso, sin saber cu\u00e1ndo se volver\u00eda a retomar.\u200b<\/p>\n\n\n\n<p>Cuando la guerra termin\u00f3 en&nbsp;<a href=\"https:\/\/es.wikipedia.org\/wiki\/1945\">1945<\/a>, la&nbsp;<a href=\"https:\/\/es.wikipedia.org\/wiki\/FIFA\">FIFA<\/a>&nbsp;quer\u00eda reanudar la Copa Mundial tan pronto como fuera posible y program\u00f3 un congreso para el a\u00f1o siguiente en&nbsp;<a href=\"https:\/\/es.wikipedia.org\/wiki\/Luxemburgo\">Luxemburgo<\/a>. All\u00ed se plante\u00f3 que&nbsp;<a href=\"https:\/\/es.wikipedia.org\/wiki\/Suiza\">Suiza<\/a>&nbsp;acogiese la cuarta edici\u00f3n, prevista en principio para&nbsp;<a href=\"https:\/\/es.wikipedia.org\/wiki\/1949\">1949<\/a>, al ser una econom\u00eda boyante. Esta propuesta no era posible a corto plazo porque el pa\u00eds helv\u00e9tico no contaba con estadios suficientes para un evento internacional.<\/p>\n\n\n\n<p><a href=\"https:\/\/es.wikipedia.org\/wiki\/Brasil\">Brasil<\/a>&nbsp;dio un paso al frente para solucionar la falta de sedes y present\u00f3 un proyecto muy parecido al de&nbsp;<a href=\"https:\/\/es.wikipedia.org\/wiki\/1942\">1942<\/a>.<a href=\"#cite_note-:0-5\">5<\/a>\u200b Su presidente,&nbsp;<a href=\"https:\/\/es.wikipedia.org\/wiki\/Get%C3%BAlio_Vargas\">Get\u00falio Vargas<\/a>, se garantiz\u00f3 el apoyo del l\u00edder argentino&nbsp;<a href=\"https:\/\/es.wikipedia.org\/wiki\/Juan_Domingo_Per%C3%B3n\">Juan Domingo Per\u00f3n<\/a>&nbsp;siempre y cuando el siguiente evento en Am\u00e9rica fuese organizado por el pa\u00eds andino.\u200b Adem\u00e1s, propusieron que la Copa Mundial se celebrase en&nbsp;<a href=\"https:\/\/es.wikipedia.org\/wiki\/1950\">1950<\/a>&nbsp;para garantizar el mayor n\u00famero posible de participantes. El&nbsp;<a href=\"https:\/\/es.wikipedia.org\/wiki\/25_de_julio\">25 de julio<\/a>&nbsp;de&nbsp;<a href=\"https:\/\/es.wikipedia.org\/wiki\/1946\">1946<\/a>, los dirigentes de la FIFA eligieron por unanimidad las \u00fanicas candidaturas presentadas: Brasil para la edici\u00f3n de 1950 y Suiza para&nbsp;<a href=\"https:\/\/es.wikipedia.org\/wiki\/Suiza_1954\">la de 1954<\/a>.<\/p>\n\n\n\n<p>Tambi\u00e9n se aprob\u00f3 que el trofeo fuese renombrado \u00abCopa&nbsp;<a href=\"https:\/\/es.wikipedia.org\/wiki\/Jules_Rimet\">Jules Rimet<\/a>\u00bb, en homenaje a sus 25 a\u00f1os de presidencia, y el reingreso en la FIFA de las cuatro federaciones brit\u00e1nicas.<\/p>\n\n\n\n<h2 class=\"wp-block-heading\">Equipos participantes<em><\/em><\/h2>\n\n\n\n<p>En total, se inscribieron 34 selecciones a la fase de clasificaci\u00f3n para 16 plazas. Los campeones de la \u00faltima edici\u00f3n (<a href=\"https:\/\/es.wikipedia.org\/wiki\/Selecci%C3%B3n_de_f%C3%BAtbol_de_Italia\">Italia<\/a>) y el anfitri\u00f3n (<a href=\"https:\/\/es.wikipedia.org\/wiki\/Selecci%C3%B3n_de_f%C3%BAtbol_de_Brasil\">Brasil<\/a>) clasificaron autom\u00e1ticamente, por lo que quedaron en juego 14 cupos directos. Previamente la&nbsp;<a href=\"https:\/\/es.wikipedia.org\/wiki\/FIFA\">FIFA<\/a>&nbsp;hab\u00eda decretado que&nbsp;<a href=\"https:\/\/es.wikipedia.org\/wiki\/Selecci%C3%B3n_de_f%C3%BAtbol_de_Alemania\">Alemania<\/a>&nbsp;y&nbsp;<a href=\"https:\/\/es.wikipedia.org\/wiki\/Selecci%C3%B3n_de_f%C3%BAtbol_del_Jap%C3%B3n\">Jap\u00f3n<\/a>&nbsp;no pod\u00edan jugar por su papel en la&nbsp;<a href=\"https:\/\/es.wikipedia.org\/wiki\/Segunda_Guerra_Mundial\">Segunda Guerra Mundial<\/a>&nbsp;como&nbsp;<a href=\"https:\/\/es.wikipedia.org\/wiki\/Potencias_del_Eje\">potencias del Eje<\/a>. En cambio,&nbsp;<a href=\"https:\/\/es.wikipedia.org\/wiki\/Selecci%C3%B3n_de_f%C3%BAtbol_de_Italia\">Italia<\/a>&nbsp;s\u00ed fue admitida gracias a su dirigente&nbsp;<a href=\"https:\/\/es.wikipedia.org\/wiki\/Ottorino_Barassi\">Ottorino Barassi<\/a>, presidente de la&nbsp;<a href=\"https:\/\/es.wikipedia.org\/wiki\/Federaci%C3%B3n_Italiana_de_F%C3%BAtbol\">Federaci\u00f3n Italiana<\/a>, quien hab\u00eda custodiado el&nbsp;<a href=\"https:\/\/es.wikipedia.org\/wiki\/Trofeo_de_la_Copa_Mundial_de_F%C3%BAtbol\">trofeo de la Copa<\/a>&nbsp;durante el conflicto. La&nbsp;<a href=\"https:\/\/es.wikipedia.org\/wiki\/Uni%C3%B3n_Sovi%C3%A9tica\">Uni\u00f3n Sovi\u00e9tica<\/a>&nbsp;no quiso tomar parte.<\/p>\n\n\n\n<p>En&nbsp;<a href=\"https:\/\/es.wikipedia.org\/wiki\/Sudam%C3%A9rica\">Sudam\u00e9rica<\/a>, sorprendi\u00f3 la baja de&nbsp;<a href=\"https:\/\/es.wikipedia.org\/wiki\/Selecci%C3%B3n_de_f%C3%BAtbol_de_la_Argentina\">Argentina<\/a>&nbsp;aduciendo discrepancias entre la&nbsp;<a href=\"https:\/\/es.wikipedia.org\/wiki\/Asociaci%C3%B3n_del_F%C3%BAtbol_Argentino\">Asociaci\u00f3n del F\u00fatbol Argentino<\/a>&nbsp;y la&nbsp;<a href=\"https:\/\/es.wikipedia.org\/wiki\/Confederaci%C3%B3n_Brasile%C3%B1a_de_F%C3%BAtbol\">Confederaci\u00f3n Brasile\u00f1a de Deportes<\/a>. Las beneficiadas por su salida fueron&nbsp;<a href=\"https:\/\/es.wikipedia.org\/wiki\/Selecci%C3%B3n_de_f%C3%BAtbol_de_Bolivia\">Bolivia<\/a>&nbsp;y&nbsp;<a href=\"https:\/\/es.wikipedia.org\/wiki\/Selecci%C3%B3n_de_f%C3%BAtbol_de_Chile\">Chile<\/a>, rivales de grupo. Del mismo modo,&nbsp;<a href=\"https:\/\/es.wikipedia.org\/wiki\/Selecci%C3%B3n_de_f%C3%BAtbol_de_Uruguay\">Uruguay<\/a>&nbsp;y&nbsp;<a href=\"https:\/\/es.wikipedia.org\/wiki\/Selecci%C3%B3n_de_f%C3%BAtbol_de_Paraguay\">Paraguay<\/a>&nbsp;regresaban luego de dos ediciones ausentes por las salidas de&nbsp;<a href=\"https:\/\/es.wikipedia.org\/wiki\/Selecci%C3%B3n_de_f%C3%BAtbol_del_Per%C3%BA\">Per\u00fa<\/a>&nbsp;y&nbsp;<a href=\"https:\/\/es.wikipedia.org\/wiki\/Selecci%C3%B3n_de_f%C3%BAtbol_del_Ecuador\">Ecuador<\/a>.&nbsp;<a href=\"https:\/\/es.wikipedia.org\/wiki\/Selecci%C3%B3n_de_f%C3%BAtbol_de_Colombia\">Colombia<\/a>&nbsp;fue expulsada de la FIFA en 1949 bajo la acusaci\u00f3n de&nbsp;<a href=\"https:\/\/es.wikipedia.org\/wiki\/El_Dorado_(f%C3%BAtbol)\">mantener una liga pirata<\/a>.\u200b<\/p>\n\n\n\n<p>Las cuatro asociaciones del&nbsp;<a href=\"https:\/\/es.wikipedia.org\/wiki\/Reino_Unido\">Reino Unido<\/a>&nbsp;\u2014<a href=\"https:\/\/es.wikipedia.org\/wiki\/Selecci%C3%B3n_de_f%C3%BAtbol_de_Inglaterra\">Inglaterra<\/a>,&nbsp;<a href=\"https:\/\/es.wikipedia.org\/wiki\/Selecci%C3%B3n_de_f%C3%BAtbol_de_Escocia\">Escocia<\/a>,&nbsp;<a href=\"https:\/\/es.wikipedia.org\/wiki\/Selecci%C3%B3n_de_f%C3%BAtbol_de_Gales\">Gales<\/a>&nbsp;e&nbsp;<a href=\"https:\/\/es.wikipedia.org\/wiki\/Selecci%C3%B3n_de_f%C3%BAtbol_de_Irlanda_del_Norte\">Irlanda del Norte<\/a>\u2014 jugaron por primera vez la fase clasificatoria luego de su reingreso en la FIFA. En este caso, se permiti\u00f3 que la edici\u00f3n 1949\/50 de su campeonato propio, el&nbsp;<a href=\"https:\/\/es.wikipedia.org\/wiki\/British_Home_Championship\">British Home Championship<\/a>, sirviese como grupo clasificatorio con dos plazas directas.&nbsp;<a href=\"https:\/\/es.wikipedia.org\/wiki\/Selecci%C3%B3n_de_f%C3%BAtbol_de_Inglaterra\">Inglaterra<\/a>&nbsp;y&nbsp;<a href=\"https:\/\/es.wikipedia.org\/wiki\/Selecci%C3%B3n_de_f%C3%BAtbol_de_Escocia\">Escocia<\/a>&nbsp;llegaron a la \u00faltima jornada con las dos primeras plazas aseguradas, aunque la federaci\u00f3n escocesa hab\u00eda prometido antes del torneo que solo viajar\u00eda a Brasil si eran campeones.<a href=\"#cite_note-8\">8<\/a>\u200b Al no darse esa situaci\u00f3n, Inglaterra fue el representante brit\u00e1nico y \u00fanico debutante.<\/p>\n\n\n\n<p>En el resto de Europa, varios pa\u00edses abandonaron la ronda previa por motivos econ\u00f3micos, poco favorables al gasto que supon\u00eda el desplazamiento en plena posguerra.&nbsp;<a href=\"https:\/\/es.wikipedia.org\/wiki\/Selecci%C3%B3n_de_f%C3%BAtbol_de_Espa%C3%B1a\">Espa\u00f1a<\/a>,&nbsp;<a href=\"https:\/\/es.wikipedia.org\/wiki\/Selecci%C3%B3n_de_f%C3%BAtbol_de_Italia\">Italia<\/a>,&nbsp;<a href=\"https:\/\/es.wikipedia.org\/wiki\/Selecci%C3%B3n_de_f%C3%BAtbol_de_Suecia\">Suecia<\/a>,&nbsp;<a href=\"https:\/\/es.wikipedia.org\/wiki\/Selecci%C3%B3n_de_f%C3%BAtbol_de_Suiza\">Suiza<\/a>&nbsp;y&nbsp;<a href=\"https:\/\/es.wikipedia.org\/wiki\/Selecci%C3%B3n_de_f%C3%BAtbol_de_Yugoslavia\">Yugoslavia<\/a>&nbsp;consiguieron el pase sin problemas, pero&nbsp;<a href=\"https:\/\/es.wikipedia.org\/wiki\/Selecci%C3%B3n_de_f%C3%BAtbol_de_Turqu%C3%ADa\">Turqu\u00eda<\/a>, campeona del grupo 2, se ausent\u00f3 al alegar \u00abdificultades insalvables\u00bb. Para cubrir las bajas de Escocia y Turqu\u00eda, el comit\u00e9 organizador curs\u00f3 sendas invitaciones a&nbsp;<a href=\"https:\/\/es.wikipedia.org\/wiki\/Selecci%C3%B3n_de_f%C3%BAtbol_de_Portugal\">Portugal<\/a>&nbsp;y&nbsp;<a href=\"https:\/\/es.wikipedia.org\/wiki\/Selecci%C3%B3n_de_f%C3%BAtbol_de_Francia\">Francia<\/a>. Los portugueses la rechazaron porque cre\u00edan que deb\u00edan haberla ganado en el terreno de juego, para disgusto de la comunidad lusitana en Brasil,<a href=\"#cite_note-9\">9<\/a>\u200b mientras que los galos aceptaron en primera instancia y despu\u00e9s renunciaron por razones econ\u00f3micas.<a href=\"#cite_note-10\">10<\/a>\u200b<a href=\"#cite_note-11\">11<\/a>\u200b<\/p>\n\n\n\n<p>Las dos plazas de&nbsp;<a href=\"https:\/\/es.wikipedia.org\/wiki\/Norteam%C3%A9rica\">Norteam\u00e9rica<\/a>&nbsp;fueron para&nbsp;<a href=\"https:\/\/es.wikipedia.org\/wiki\/Selecci%C3%B3n_de_f%C3%BAtbol_de_Estados_Unidos\">Estados Unidos<\/a>&nbsp;y&nbsp;<a href=\"https:\/\/es.wikipedia.org\/wiki\/Selecci%C3%B3n_de_f%C3%BAtbol_de_M%C3%A9xico\">M\u00e9xico<\/a>. En cuanto a&nbsp;<a href=\"https:\/\/es.wikipedia.org\/wiki\/Asia\">Asia<\/a>, la&nbsp;<a href=\"https:\/\/es.wikipedia.org\/wiki\/Selecci%C3%B3n_de_f%C3%BAtbol_de_la_India\">India<\/a>&nbsp;se benefici\u00f3 de la retirada de&nbsp;<a href=\"https:\/\/es.wikipedia.org\/wiki\/Selecci%C3%B3n_de_f%C3%BAtbol_de_Birmania\">Birmania<\/a>,&nbsp;<a href=\"https:\/\/es.wikipedia.org\/wiki\/Selecci%C3%B3n_de_f%C3%BAtbol_de_Filipinas\">Filipinas<\/a>&nbsp;e&nbsp;<a href=\"https:\/\/es.wikipedia.org\/wiki\/Selecci%C3%B3n_de_f%C3%BAtbol_de_Indonesia\">Indonesia<\/a>, pero no pudo viajar a Brasil por razones econ\u00f3micas. Si bien existe la leyenda de que la retirada se produjo porque la&nbsp;<a href=\"https:\/\/es.wikipedia.org\/wiki\/FIFA\">FIFA<\/a>&nbsp;no les permit\u00eda jugar al f\u00fatbol descalzos, algo entonces com\u00fan en ese pa\u00eds, se ha demostrado que era falsa; la&nbsp;<a href=\"https:\/\/es.wikipedia.org\/wiki\/Federaci%C3%B3n_de_F%C3%BAtbol_de_la_India\">Federaci\u00f3n de F\u00fatbol de la India<\/a>&nbsp;no pod\u00eda asumir el coste.\u200b<\/p>\n\n\n\n<p>Al final, de las 16 clasificadas, solo participaron 13 selecciones: 6 europeas y 7 americanas.<\/p>\n\n\n\n<h2 class=\"wp-block-heading\">Organizaci\u00f3n<\/h2>\n\n\n\n<p>La FIFA estableci\u00f3 un comit\u00e9 organizador compuesto por cinco personas: el brasile\u00f1o Sotero Cosme (secretario de la&nbsp;<a href=\"https:\/\/es.wikipedia.org\/wiki\/Confederaci%C3%B3n_Brasile%C3%B1a_de_F%C3%BAtbol\">Confederaci\u00f3n Brasile\u00f1a de Deportes<\/a>), el ingl\u00e9s&nbsp;<a href=\"https:\/\/es.wikipedia.org\/wiki\/Stanley_Rous\">Stanley Rous<\/a>, el neerland\u00e9s&nbsp;<a href=\"https:\/\/es.wikipedia.org\/w\/index.php?title=Karel_Lotsy&amp;action=edit&amp;redlink=1\">Karel Lotsy<\/a>, el franc\u00e9s&nbsp;<a href=\"https:\/\/es.wikipedia.org\/wiki\/Henri_Delaunay\">Henri Delaunay<\/a>&nbsp;y el alem\u00e1n&nbsp;<a href=\"https:\/\/es.wikipedia.org\/w\/index.php?title=Ivo_Schricker&amp;action=edit&amp;redlink=1\">Ivo Schricker<\/a>.<a href=\"#cite_note-pag8-6\">6<\/a>\u200b Delaunay terminar\u00eda abandonando el comit\u00e9 en protesta por el formato de competici\u00f3n elegido.\u200b<\/p>\n\n\n\n<p>La primera decisi\u00f3n que se tom\u00f3 fue establecer dorsales de identificaci\u00f3n para los jugadores, del 1 al 11 y comenzando obligatoriamente por el portero. Si bien era novedoso en el campeonato mundial, la numeraci\u00f3n se estaba utilizando en la liga brasile\u00f1a desde la&nbsp;<a href=\"https:\/\/es.wikipedia.org\/wiki\/D%C3%A9cada_de_1940\">d\u00e9cada de 1940<\/a>. Los dorsales fijos para cada jugador no llegar\u00edan hasta&nbsp;<a href=\"https:\/\/es.wikipedia.org\/wiki\/Suiza_1954\">Suiza 1954<\/a>.<\/p>\n\n\n\n<h3 class=\"wp-block-heading\"><strong>&nbsp;Formato de competici\u00f3n<\/strong><\/h3>\n\n\n\n<p>La FIFA acept\u00f3 cambiar todo el formato de competici\u00f3n en&nbsp;<a href=\"https:\/\/es.wikipedia.org\/wiki\/1947\">1947<\/a>&nbsp;a petici\u00f3n de Brasil. En vez de jugar una fase eliminatoria como en las dos \u00faltimas ediciones, los 16 participantes previstos se dividir\u00edan en cuatro grupos de cuatro equipos cada uno. En cada uno se enfrentan una vez entre s\u00ed, por el&nbsp;<a href=\"https:\/\/es.wikipedia.org\/wiki\/Sistema_de_todos_contra_todos\">sistema de todos contra todos<\/a>, y solo pasar\u00e1 ronda el campe\u00f3n de grupo.\u200b<\/p>\n\n\n\n<p>La novedad lleg\u00f3 en la fase final. Por primera y \u00fanica vez en la Copa Mundial, se celebrar\u00eda una liguilla entre los cuatro campeones de grupos, a&nbsp;<a href=\"https:\/\/es.wikipedia.org\/wiki\/Sistema_de_todos_contra_todos\">todos contra todos<\/a>&nbsp;en tres jornadas. La \u00faltima parte de la propuesta dividi\u00f3 al comit\u00e9 organizador, pero los brasile\u00f1os les convencieron de que aumentar\u00eda tanto la emoci\u00f3n como la recaudaci\u00f3n.<a href=\"#cite_note-:2-14\">14<\/a>\u200b La edici\u00f3n de 1950 fue, por lo tanto, la \u00fanica de la historia en la que no se celebr\u00f3 una final, si bien el Uruguay contra Brasil de la \u00faltima jornada termin\u00f3 siendo el partido decisivo.\u200b<\/p>\n\n\n\n<p>Un a\u00f1o m\u00e1s tarde, en el congreso de Londres, la FIFA decidi\u00f3 hacer el sorteo de los grupos antes de que se jugaran las clasificatorias. Esta medida termin\u00f3 siendo un quebradero de cabeza porque varias selecciones se retiraron antes de la inauguraci\u00f3n. La FIFA fue incapaz de cubrir sus huecos, y al final los 13 participantes se dividieron de la siguiente forma: dos grupos de 4, uno de 3 y el \u00faltimo con solo 2.<\/p>\n\n\n\n<p>\u200b<\/p>\n\n\n\n<h3 class=\"wp-block-heading\"><strong>Sedes<\/strong><strong><em><strong><em><\/em><\/strong><\/em><\/strong><\/h3>\n\n\n\n<p>El comit\u00e9 organizador estableci\u00f3 seis sedes. En la capital&nbsp;<a href=\"https:\/\/es.wikipedia.org\/wiki\/R%C3%ADo_de_Janeiro\">R\u00edo de Janeiro<\/a>&nbsp;se construy\u00f3 el&nbsp;<a href=\"https:\/\/es.wikipedia.org\/wiki\/Estadio_Maracan%C3%A1\">estadio Maracan\u00e1<\/a>, que en aquella \u00e9poca presentaba el mayor aforo de la historia, 183.000 espectadores en sus gradas.<a href=\"#cite_note-:3-16\">16<\/a>\u200b Eso supon\u00edan 50.000 localidades m\u00e1s que&nbsp;<a href=\"https:\/\/es.wikipedia.org\/wiki\/Hampden_Park\">Hampden Park<\/a>&nbsp;(<a href=\"https:\/\/es.wikipedia.org\/wiki\/Glasgow\">Glasgow<\/a>,&nbsp;<a href=\"https:\/\/es.wikipedia.org\/wiki\/Escocia\">Escocia<\/a>) y cinco veces m\u00e1s aforo que el siguiente estadio local,&nbsp;<a href=\"https:\/\/es.wikipedia.org\/wiki\/Estadio_S%C3%A3o_Janu%C3%A1rio\">S\u00e3o Janu\u00e1rio<\/a>. El gobierno carioca plante\u00f3 una obra de tal magnitud para demostrar el potencial econ\u00f3mico de Brasil a nivel internacional.<a href=\"#cite_note-:4-17\">17<\/a>\u200b Fue un periodista deportivo,&nbsp;<a href=\"https:\/\/es.wikipedia.org\/wiki\/M%C3%A1rio_Filho\">M\u00e1rio Filho<\/a>, quien convenci\u00f3 a la opini\u00f3n p\u00fablica de que el nuevo recinto deb\u00eda levantarse en el barrio de Maracan\u00e1.<a href=\"#cite_note-:4-17\">17<\/a>\u200b Las obras no comenzaron hasta el&nbsp;<a href=\"https:\/\/es.wikipedia.org\/wiki\/2_de_agosto\">2 de agosto<\/a>&nbsp;de&nbsp;<a href=\"https:\/\/es.wikipedia.org\/wiki\/1948\">1948<\/a>, con menos de dos a\u00f1os de plazo, y se emplearon 10&nbsp;000 obreros. Maracan\u00e1 fue finalmente abierto el&nbsp;<a href=\"https:\/\/es.wikipedia.org\/wiki\/16_de_junio\">16 de junio<\/a>&nbsp;de&nbsp;<a href=\"https:\/\/es.wikipedia.org\/wiki\/1950\">1950<\/a>, una semana antes del inicio de competici\u00f3n, a pesar de que algunas partes a\u00fan no estaban acabadas.<a href=\"#cite_note-:3-16\">16<\/a>\u200b<a href=\"#cite_note-:4-17\">17<\/a>\u200b La inauguraci\u00f3n oficial lleg\u00f3 el&nbsp;<a href=\"https:\/\/es.wikipedia.org\/wiki\/24_de_junio\">24 de junio<\/a>, en el primer partido de Brasil.<\/p>\n\n\n\n<p>La segunda sede m\u00e1s importante fue&nbsp;<a href=\"https:\/\/es.wikipedia.org\/wiki\/S%C3%A3o_Paulo\">S\u00e3o Paulo<\/a>, ciudad m\u00e1s poblada del pa\u00eds y centro financiero. El&nbsp;<a href=\"https:\/\/es.wikipedia.org\/wiki\/Estadio_Pacaemb%C3%BA\">estadio Pacaemb\u00fa<\/a>, abierto en&nbsp;<a href=\"https:\/\/es.wikipedia.org\/wiki\/1940\">1940<\/a>, vio duplicado su aforo hasta los 60.000 espectadores para ser subsede de la fase final. Las restantes estuvieron condicionadas por la presi\u00f3n de los gobiernos estatales al comit\u00e9 organizador, que tuvo que ampliar el n\u00famero de sedes. Los estados de&nbsp;<a href=\"https:\/\/es.wikipedia.org\/wiki\/Estado_de_Paran%C3%A1\">Paran\u00e1<\/a>,&nbsp;<a href=\"https:\/\/es.wikipedia.org\/wiki\/R%C3%ADo_Grande_del_Sur\">R\u00edo Grande del Sur<\/a>&nbsp;y&nbsp;<a href=\"https:\/\/es.wikipedia.org\/wiki\/Minas_Gerais\">Minas Gerais<\/a>&nbsp;consiguieron que sus capitales,&nbsp;<a href=\"https:\/\/es.wikipedia.org\/wiki\/Curitiba\">Curitiba<\/a>,&nbsp;<a href=\"https:\/\/es.wikipedia.org\/wiki\/Porto_Alegre\">Porto Alegre<\/a>&nbsp;y&nbsp;<a href=\"https:\/\/es.wikipedia.org\/wiki\/Belo_Horizonte\">Belo Horizonte<\/a>, fuesen aceptadas. Del mismo modo, la norte\u00f1a&nbsp;<a href=\"https:\/\/es.wikipedia.org\/wiki\/Recife\">Recife<\/a>&nbsp;(<a href=\"https:\/\/es.wikipedia.org\/wiki\/Pernambuco\">Pernambuco<\/a>) lo logr\u00f3 a pesar de su lejan\u00eda del resto. En ning\u00fan caso esas cuatro ciudades albergaron m\u00e1s de tres partidos.<\/p>\n\n\n\n<p>SINTESIS DE LOS PARTIDOS<\/p>\n\n\n\n<h4 class=\"wp-block-heading\"><strong><em>SINTESIS DE LOS PARTIDOS<\/em><\/strong><\/h4>\n\n\n\n<p><strong><em>GRUPO 1<\/em><\/strong><\/p>\n\n\n\n<p><strong>24\/06\/1950<\/strong><\/p>\n\n\n\n<p><strong>BRASIL 4 <\/strong>(PT 32\u2019, ST 36\u2019, Ademir; ST 21\u2019, Jair; ST 27\u2019, Baltazar)<\/p>\n\n\n\n<p><strong>MEXICO 0<\/strong><strong><\/strong><\/p>\n\n\n\n<p><strong>BRASIL: <\/strong>Barbosa; Augusto (C), Juvenal; Eli, Danilo, Bigode; Maneca, Ademir, Baltazar, Jair, Friacca. DT: Flavio Costa.<\/p>\n\n\n\n<p><strong>MEXICO: <\/strong>Antonio<strong>&nbsp;<\/strong>Carbajal; Felipe Zetter, Alfonso Montemayor (C); Rodrigo Ruiz, Mario Ochoa, Jose Roca; Carlos Septiem, Hector Ortiz, Horacio Casarin, Mario Perez, GudalupeVelazquez. DT: OctavioVial.<\/p>\n\n\n\n<p>Arbitro: George Reader (Inglaterra)<\/p>\n\n\n\n<p>Estadio: Maracana (Rio de Janeiro)<\/p>\n\n\n\n<p>Publico: 81.649<\/p>\n\n\n\n<p><strong>25\/06\/1950<\/strong><strong><\/strong><\/p>\n\n\n\n<p><strong>YUGOSLAVIA 3 <\/strong>(ST 13\u2019, Mitic; 19\u2019, Tomasevic; 37\u2019. Oganov)<\/p>\n\n\n\n<p><strong>SUIZA 0<\/strong><strong><\/strong><\/p>\n\n\n\n<h4 class=\"wp-block-heading\"><strong>&nbsp;<\/strong><\/h4>\n\n\n\n<p><strong>YUGOSLAVIA: <\/strong>Srdjan<strong>&nbsp;<\/strong>Mrkusic; Ivan Horvat, Branko Stankovic; Zeljko Cajkovski Miodrag Jovanovic, Predrag Djajic; Tihomir Ognjanov, Rajko Mitic (C), Kosta Tomasevic, Stjepan Bobek, Bernard Vukas. DT: Milorad Arsenijevic.<\/p>\n\n\n\n<p><strong>SUIZA: <\/strong>Georges<strong>&nbsp;<\/strong>Stuber; Gerhard Lusenti, Roger Quinche; Roger Bocquet, Oliver Eggiman, Andre Neury; Fredy Bickel (C), Kiki Antenen, Jean Tamini, Rene Bader, Jackie Fatton. DT: Franco Andreoli.<\/p>\n\n\n\n<p>Arbitro: Giovanni Galeatti (Italia)<\/p>\n\n\n\n<p>Estadio: Raimundo Sampaio (Belo Horizonte)<\/p>\n\n\n\n<p>Publico: 15.000<\/p>\n\n\n\n<p><strong>28\/06\/1950<\/strong><strong><\/strong><\/p>\n\n\n\n<p><strong>YUGOSLAVIA 4 <\/strong>(PT 19\u2019, Bobek; PT 22\u2019 y ST 7\u2019, Cajkovski; ST 36\u2019, Tomasevic)<\/p>\n\n\n\n<p><strong>MEXICO 1 <\/strong>(ST 43\u2019, Ortiz, de penal)<\/p>\n\n\n\n<p><strong>YUGOSLAVIA: <\/strong>Srdjan<strong>&nbsp;<\/strong>Mrkusic; Ivan Horvat, Branko Stankovic; Slato Cajkovski Miodrag Jovanovic, Predrag Djajic; Proslav Mihajlovic, Rajko Mitic (C), Kosta Tomasevic, Stjepan Bobek, Zeljko Cajkovski. DT: Milorad Arsenijevic.<\/p>\n\n\n\n<p><strong>MEXICO: <\/strong>Antonio<strong>&nbsp;<\/strong>Carbajal; Manuel Gutierrez, Gregorio Gomez; Rodrigo Ruiz, Jose Roca, Jose Naranjo; Carlos Septiem, Hector Ortiz, Horacio Casarin (C), Mario Perez, GudalupeVelazquez. DT: OctavioVial.<\/p>\n\n\n\n<p>Arbitro: Reginald Leafe (Inglaterra)<\/p>\n\n\n\n<p>Estadio: Estadio Ildo Meneghetti (Porto Alegre)<\/p>\n\n\n\n<p>Publico: 12.000<\/p>\n\n\n\n<p><strong>28\/06\/1950<\/strong><strong><\/strong><\/p>\n\n\n\n<p><strong>BRASIL 2 <\/strong>(PT 2\u2019, Alfredo; 31\u2019, Baltazar)<\/p>\n\n\n\n<p><strong>SUIZA 2 <\/strong>(PT 16\u2019 y ST 43\u2019, Fatton)<\/p>\n\n\n\n<p><strong>BRASIL: <\/strong>Barbosa; Augusto (C), Juvenal; Rui, Bauer, Noronha; Maneca, Ademir, Baltazar, Alfredo, Friacca. DT: Flavio Costa.<\/p>\n\n\n\n<p><strong>SUIZA: <\/strong>Georges<strong>&nbsp;<\/strong>Stuber; Gerhard Lusenti, Andre Neury; Roger Bocquet, Oliver Eggiman, Roger Quinche ; Fredy Bickel (C), Friedlander, Jean Tamini, Rene Bader, Jackie Fatton. DT: Franco Andreoli.<\/p>\n\n\n\n<p>Arbitro: Ramon Azon (Espa\u00f1a)<\/p>\n\n\n\n<p>Estadio: Municipal Paulo Machado de Carvalho &#8211; Pacaembu &#8211; (Sao Paulo)<\/p>\n\n\n\n<p>Publico: 42.032<\/p>\n\n\n\n<p><strong>01\/07\/1950<\/strong><strong><\/strong><\/p>\n\n\n\n<p><strong>BRASIL 2<\/strong>&nbsp;(PT 3\u2019, Ademir; ST 24\u2019, Zizinho)<\/p>\n\n\n\n<p><strong>YUGOSLAVIA 0<\/strong><strong><\/strong><\/p>\n\n\n\n<p><strong>BRASIL: <\/strong>Barbosa; Augusto (C), Juvenal; Bauer, Danilo, Maneca; Ademir, Bigode, Zizinho, Jair, Chico. DT: Flavio Costa.<\/p>\n\n\n\n<p><strong>YUGOSLAVIA: <\/strong>Srdjan<strong>&nbsp;<\/strong>Mrkusic; Ivan Horvat, Branko Stankovic; Slato Cajkovski Miodrag Jovanovic, Predrag Djajic; Bernard Vukas, Rajko Mitic (C), Kosta Tomasevic, Stjepan Bobek, Zeljko Cajkovski. DT: Milorad Arsenijevic.<\/p>\n\n\n\n<p>Arbitro: Merwyn Griffits (Gales)<\/p>\n\n\n\n<p>Estadio: Maracana (Rio de Janeiro)<\/p>\n\n\n\n<p>Publico: 138.987<\/p>\n\n\n\n<p>02\/07\/1950<\/p>\n\n\n\n<p><strong>SUIZA 2<\/strong>&nbsp;(PT 12\u2019, Bader; 44\u2019, Tamini)<\/p>\n\n\n\n<p><strong>MEXICO 1<\/strong>&nbsp;(ST 15\u2019, Casarin)<\/p>\n\n\n\n<p><strong>SUIZA: <\/strong>Hug; Gerhard Lusenti, Andre Neury; Roger Bocquet, Oliver Eggiman, Roger Quinche ; Fredy Bickel (C), Friedlander, Jean Tamini, Rene Bader, Jackie Fatton. DT: Franco Andreoli.<\/p>\n\n\n\n<p><strong>MEXICO: <\/strong>Antonio<strong>&nbsp;<\/strong>Carbajal; Manuel Gutierrez, Gregorio Gomez; Mario Ochoa, Jose Roca, Jose Navarro ; Antonio Flores, Hector Ortiz, Horacio Casarin (C), Jose Borbolla, Gudalupe Velazquez. DT: OctavioVial.<\/p>\n\n\n\n<p>Arbitro: Ivan Eklind (Suecia)<\/p>\n\n\n\n<p>Estadio: Estadio Ildo Meneghetti (Porto Alegre)<\/p>\n\n\n\n<p>Publico: 9.000<\/p>\n\n\n\n<p><strong><em>GRUPO 2<\/em><\/strong><\/p>\n\n\n\n<p><strong>24\/06\/1950<\/strong><strong><\/strong><\/p>\n\n\n\n<p><strong>INGLATERRA 2 <\/strong>(PT 37\u2019, Mortensen. ST 8\u2019, Finney)<\/p>\n\n\n\n<p><strong>CHILE 0<\/strong><strong><\/strong><\/p>\n\n\n\n<p><strong>INGLATERRA: <\/strong>Bert Williams; Alf Ramsey, Johm Aston; Bill Wright (C), Laurie Hughes, Jimmy Dickinson; Tom Finney, Stan Mortensen, Roy Bentley, Wilf Mannion, Jimmy Mullen. DT: Walter Winterbottom.<\/p>\n\n\n\n<p><strong>CHILE:<\/strong>&nbsp;Sergio Livingstone (C); Arturo Farias, Manuel Machuca; Manuel Alvarez, Miguel Busquets, Hernan Carvalho; Andres Prieto, Atilio Cremaschi, Miguel Robledo, Riera, Guillermo Diaz. DT: Arturo Bucciardi.<\/p>\n\n\n\n<p>Arbitro: Karel Van Der Meer (Holanda)<\/p>\n\n\n\n<p>Estadio: Maracana (Rio de Janeiro)<\/p>\n\n\n\n<p>Publico: 65.000<\/p>\n\n\n\n<p><strong>25\/06\/1950<\/strong><strong><\/strong><\/p>\n\n\n\n<p><strong>ESPA\u00d1A 3 <\/strong>(ST 35\u2019, Igoa; 37\u2019, Bazora; 40\u2019, Zarra)<\/p>\n\n\n\n<p><strong>ESTADOS UNIDOS 1 <\/strong>(PT 17\u2019, Souza)<\/p>\n\n\n\n<p><strong>ESPA\u00d1A: Ignacio <\/strong>Eizaguirre (C); Antunez, Gabriel Alonso; Josep Gonzalvo, Mariano Gonzalvo, Antonio Puchades; Estanislao Bazora, Rosendo Hernandez, Zarra, Silvestre Igoa, Piru Gainza. DT: Guillermo Eizaguirre.<\/p>\n\n\n\n<p><strong>ESTADOS UNIDOS:<\/strong>&nbsp;Frank Borghi; Harry Keough (C), Jose Maca; Ed Mc Ilveny, Charlie Colombo, Walter Bahr; Bob Craddock, John Souza, Joe Gaetiens, Gino Pariani, Frank Wallace. DT: Bill Jeffrey.<\/p>\n\n\n\n<p>Arbitro: Mario Viana (Brasil)<\/p>\n\n\n\n<p>Estadio: Durival de Britto e Silva (Curitiba)<\/p>\n\n\n\n<p>Publico: 15.000<\/p>\n\n\n\n<p><strong>29\/06\/1950<\/strong><strong><\/strong><\/p>\n\n\n\n<p><strong>ESTADOS UNIDOS 1 <\/strong>(PT 39\u2019, Gatjens)<\/p>\n\n\n\n<p><strong>INGLATERRA 0<\/strong><strong><\/strong><\/p>\n\n\n\n<p><strong>ESTADOS UNIDOS:<\/strong>&nbsp;Frank Borghi; Harry Keough , Jose Maca; Ed Mc Ilveny (C), Charlie Colombo, Walter Bahr; Frank Wallace, John Souza, Joe Gaetiens, Gino Pariani, Ed Souza . DT: Bill Jeffrey.<\/p>\n\n\n\n<p><strong>INGLATERRA: <\/strong>Bert Williams; Alf Ramsey, Johm Aston; Bill Wright (C), Laurie Hughes, Jimmy Dickinson; Tom Finney, Stan Mortensen, Roy Bentley, Wilf Mannion, Jimmy Mullen. DT: Walter Winterbottom.<\/p>\n\n\n\n<p>Arbitro: Generoso Dattilo (Italia)<\/p>\n\n\n\n<p>Estadio: Raimundo Sampaio (Belo Horizonte)<\/p>\n\n\n\n<p>Publico: 15.000<\/p>\n\n\n\n<p><strong>29\/06\/1950<\/strong><strong><\/strong><\/p>\n\n\n\n<p><strong>ESPA\u00d1A 2 <\/strong>(PT 19\u2019, Basora; 35\u2019, Zarra)<\/p>\n\n\n\n<p><strong>CHILE 0<\/strong><strong><\/strong><\/p>\n\n\n\n<p><strong>ESPA\u00d1A: <\/strong>Antonio Ramallets; Gabriel Alonso, Jose Parra; Josep Gonzalvo, Mariano Gonzalvo, Antonio Puchades; Estanislao Bazora, Jose Panizo, Zarra, Silvestre Igoa, Piru Gainza (C). DT: Guillermo Eizaguirre.<\/p>\n\n\n\n<p><strong>CHILE:<\/strong>&nbsp;Sergio Livingstone (C); Arturo Farias, Fernando Roldan; Manuel Alvarez, Miguel Busquets, Hernan Carvalho; Andres Prieto, Atilio Cremaschi, Miguel Robledo, Riera, Guillermo Diaz. DT: Arturo Bucciardi.<\/p>\n\n\n\n<p><strong>Arbitro: <\/strong>Andre Gama Malcher (Brasil)<\/p>\n\n\n\n<p>Estadio: Maracana<\/p>\n\n\n\n<p>Publico: 55.000<\/p>\n\n\n\n<p><strong>02\/07\/1950<\/strong><strong><\/strong><\/p>\n\n\n\n<p><strong>ESPA\u00d1A 1 <\/strong>(ST 4\u2019, Zarra)<\/p>\n\n\n\n<p><strong>INGLATERRA 0<\/strong><strong><\/strong><\/p>\n\n\n\n<p><strong>ESPA\u00d1A: <\/strong>Antonio Ramallets; Gabriel Alonso, Jose Parra; Josep Gonzalvo, Mariano Gonzalvo, Antonio Puchades; Estanislao Bazora, Jose Panizo, Zarra, Silvestre Igoa, Piru Gainza (C). DT: Guillermo Eizaguirre.<\/p>\n\n\n\n<p><strong>INGLATERRA: <\/strong>Bert Williams; Alf Ramsey, Stanley Mathews; Bill Eckersley, Laurie Hughes, Jimmy Dickinson; Bill Wright (C), Stan Mortensen, Jackie Millbum, Eddie Baily, &nbsp;Tom Finney. DT: Walter Winterbottom.<\/p>\n\n\n\n<p>Arbitro: Giovanni Giovanni (Italia)<\/p>\n\n\n\n<p>Estadio: Maracana (Rio de Janeiro)<\/p>\n\n\n\n<p>Publico: 65.000<\/p>\n\n\n\n<p><strong>02\/06\/1950<\/strong><strong><\/strong><\/p>\n\n\n\n<p><strong>CHILE 5 <\/strong>(PT 10\u2019, Robledo; 25\u2019, Riera. ST 9\u2019 y 37\u2019, Cremaschi; 15\u2019, Prieto)<\/p>\n\n\n\n<p><strong>ESTADOS UNIDOS 2 <\/strong>(ST 1\u2019, Wallace; 3\u2019, Ed Souza, de penal)<\/p>\n\n\n\n<p><strong>CHILE:<\/strong>&nbsp;Sergio Livingstone (C); Arturo Farias, Manuel Machuca; Manuel Alvarez, Miguel Busquets, Rojas; Andres Prieto, Atilio Cremaschi, Miguel Robledo, Riera, Iba\u00f1ez. DT: Arturo Bucciardi.<\/p>\n\n\n\n<p><strong>&nbsp;ESTADOS UNIDOS:<\/strong>&nbsp;Frank Borghi; Harry Keough , Jose Maca; Ed Mc Ilveny (C), Charlie Colombo, Walter Bahr; Ed Souza, John Souza, Joe Gaetiens, Gino Pariani, Frank Wallace. DT: Bill Jeffrey.<\/p>\n\n\n\n<p>Arbitro: Alfredo Gardelli (Brasil)<\/p>\n\n\n\n<p>Estadio: Adelmar da Costa Carvalho (Recife)<\/p>\n\n\n\n<p>Publico: 12.000<\/p>\n\n\n\n<p><strong><em>GRUPO 3<\/em><\/strong><\/p>\n\n\n\n<p><strong>25\/06\/1950<\/strong><strong><\/strong><\/p>\n\n\n\n<p><strong>SUECIA 3 <\/strong>(PT 25\u2019 y ST 24\u2019, Jeppson; PT 33\u2019, Andersson)<\/p>\n\n\n\n<p><strong>ITALIA 2 <\/strong>(PT 4\u2019, Carapellese. ST 30\u2019, Muccinelli)<\/p>\n\n\n\n<h4 class=\"wp-block-heading\"><strong>&nbsp;<\/strong><\/h4>\n\n\n\n<p><strong>SUECIA: <\/strong>Kalle<strong>&nbsp;<\/strong>Svensson; Lennart Samuelsson, Erik Nilsson (C); Sune Andersson, Knut Nordhal, Ingvar Gard; Stig Sundqvist, Karl-Erik Palmer, Hans Jeppson, Lennart Skoglund, Stellan. Nilsson. DT: George Raynor.<\/p>\n\n\n\n<p><strong>ITALIA: <\/strong>Lucidio Sentimenti IV; Attilio Giovannini, Zeffiro Furlassi; Carlo Annovazzi, Carlo Parola, Augusto Magli; Ermes Muccinelli, Giampiero Boniperti, Gino Cappello, Aldo Campatelli, Riccardo Carapellese (C). DT: Ferruccio Novo<\/p>\n\n\n\n<p>Arbitro: Rudolf Lutz (Suiza)<\/p>\n\n\n\n<p>Estadio: Municipal Paulo Machado de Carvalho &#8211; Pacaembu &#8211; &nbsp;(Sao Paulo)<\/p>\n\n\n\n<p>Publico: 40.824<\/p>\n\n\n\n<p><strong>29\/06\/1950<\/strong><strong><\/strong><\/p>\n\n\n\n<p><strong>SUECIA 2 <\/strong>(PT 23\u2019, Sundqvist; 25\u2019, Palmer)<\/p>\n\n\n\n<p><strong>PARAGUAY 2 <\/strong>(PT 35\u2019, Saguier. ST 30\u2019, A. Lopez)<\/p>\n\n\n\n<p><strong>SUECIA: <\/strong>Kalle<strong>&nbsp;<\/strong>Svensson; Lennart Samuelsson, Erik Nilsson (C); Sune Andersson, Knut Nordhal, Ingvar Gard; Stig Sundqvist, Karl-Erik Palmer, Hans Jeppson, Lennart Skoglund, Eggon Jonsson. DT: George Raynor.<\/p>\n\n\n\n<p><strong>PARAGUAY:<\/strong>&nbsp;Marcelino Vargas; Alberto Gonzalez, Casiano Cespedes; Manuel Gavilan, Victoriano Leguizamon, Castor Cantero; Enrique Avalos, Atilio Lopez, Dario Jara Saguier, Cesar Lopez Fretes (C), Leongino Unsain. DT: Manuel Fleitas Solich.<\/p>\n\n\n\n<p>Arbitro: James Mitchell (Escocia)<\/p>\n\n\n\n<p>Estadio: Durival de Britto e Silva (Curitiba)<\/p>\n\n\n\n<p>Publico: 10.000<\/p>\n\n\n\n<p><strong>02\/07\/1950<\/strong><strong><\/strong><\/p>\n\n\n\n<p><strong>ITALIA 2 <\/strong>(PT 12\u2019, Carapellesse. ST 15\u2019, Pandolfini)<\/p>\n\n\n\n<p><strong>PARAGUAY 0<\/strong><strong><\/strong><\/p>\n\n\n\n<p><strong>ITALIA: <\/strong>Giusseppe<strong>&nbsp;<\/strong>Moro; Ivano Blason, Zeffiro Furlassi; Osvaldo Fattori, Leandro Remondini, Giacomo Mari; Ermes Muccinelli, Egisto Pandolfini, Gino Cappello, Amedeo Amadei, Riccardo Carapellese (C). DT: Ferruccio Novo<\/p>\n\n\n\n<p><strong>PARAGUAY:<\/strong>&nbsp;Marcelino Vargas; Alberto Gonzalez, Casiano Cespedes; Manuel Gavilan, Victoriano Leguizamon, Castor Cantero; Enrique Avalos, Atilio Lopez, Dario Jara Saguier, Cesar Lopez Fretes (C), Leongino Unsain. DT: Manuel Fleitas Solich.<\/p>\n\n\n\n<p><strong>Arbitro: <\/strong>Arhur Ellis (Inglaterra)<\/p>\n\n\n\n<p>Estadio: Municipal Paulo Machado de Carvalho &#8211; Pacaembu &#8211; &nbsp;(Sao Paulo)<\/p>\n\n\n\n<p><strong>Publico: <\/strong>35.000<\/p>\n\n\n\n<p><strong><em>GRUPO 4<\/em><\/strong><\/p>\n\n\n\n<p><strong>02\/07\/1950<\/strong><strong><\/strong><\/p>\n\n\n\n<p><strong>URUGUAY 8 <\/strong>(PT 17\u2019, 39\u2019, 45; ST 13\u2019 y 14\u2019, Schiaffino; PT 22\u2019, Vidal. ST 28\u2019, Perez; 37\u2019, Gigghia)<\/p>\n\n\n\n<p><strong>BOLIVIA 0<\/strong><strong><\/strong><\/p>\n\n\n\n<p><strong>URUGUAY: <\/strong>Roque Maspoli; Matias Gonzalez, Eusebio Tejera; Juan Carlos Gonzalez, ObdulioVarela (C), Victor Rodriguez Andrade; Alcides Gigghia, Julio Perez, Oscar Miguez, Juan Schiaffino, Ernesto Vidal. DT: Juan Lopez.<\/p>\n\n\n\n<p><strong>BOLIVIA:<\/strong>&nbsp;Eduardo Gutierrez: AlbertoAcha, Jose Bustamante-Nava (C); Antonio Grecco, AntonioValencia, LeonardoFerrel; Victor Alga\u00f1araz, Victor Ugarte, Roberto Capparelli, Benigno Gutierrez, Benjamin Maldonado. DT: Mario Pretto.<\/p>\n\n\n\n<p>Arbitro: Geroge Reader (Inglaterra)<\/p>\n\n\n\n<p>Estadio: &nbsp;Raimundo Sampaio (old) (Belo Horizonte)<\/p>\n\n\n\n<p>Publico: 13.000<\/p>\n\n\n\n<p><strong><em>FASE FINAL<\/em><\/strong><\/p>\n\n\n\n<p><strong>09\/07\/1952<\/strong><strong><\/strong><\/p>\n\n\n\n<p><strong>BRASIL 7 <\/strong>(PT 17\u2019, 36; ST 7\u2019, 8\u2019, Ademir; PT 39\u2019, ST 42\u2019, Chico; ST 40\u2019, Maneca)<\/p>\n\n\n\n<p><strong>SUECIA 1 <\/strong>(ST 22\u2019, Andersson)<\/p>\n\n\n\n<p><strong>BRASIL: <\/strong>Barbosa; Augusto (C), Juvenal; Bauer, Danilo, Maneca; Ademir, Bigode, Zizinho, Jair, Chico. DT: Flavio Costa.<\/p>\n\n\n\n<p><strong>SUECIA: <\/strong>Kalle<strong>&nbsp;<\/strong>Svensson; Lennart Samuelsson, Erik Nilsson (C); Sune Andersson, Knut Nordhal, Ingvar Gard; Stig Sundqvist, Karl-Erik Palmer, Hans Jeppson, Lennart Skoglund, Stellan Nilsson. DT: George Raynor.<\/p>\n\n\n\n<p>Arbitro: Arthur Ellis (Inglaterra)<\/p>\n\n\n\n<p>Estadio: Maracana (Rio de Janeiro)<\/p>\n\n\n\n<p>Publico: 138.886<\/p>\n\n\n\n<p><strong>09\/07\/1950<\/strong><strong><\/strong><\/p>\n\n\n\n<p><strong>URUGUAY 2 <\/strong>(PT 29\u2019, Gigghia. ST 28\u2019, Varela)<\/p>\n\n\n\n<p><strong>ESPA\u00d1A 2 <\/strong>(PT 32\u2019 y 39\u2019, Basora)<\/p>\n\n\n\n<p><strong>URUGUAY: <\/strong>Roque Maspoli; Matias Gonzalez, Eusebio Tejera; Juan Carlos Gonzalez, ObdulioVarela (C), Victor Rodriguez Andrade; Alcides Gigghia, Julio Perez, Oscar Miguez, Juan Schiaffino, Ernesto Vidal. DT: Juan Lopez.<\/p>\n\n\n\n<p><strong>ESPA\u00d1A: <\/strong>Antonio Ramallets; Gabriel Alonso, Jose Parra; Josep Gonzalvo, Mariano Gonzalvo, Antonio Puchades; Estanislao Bazora, Luis Molowny, Zarra, Silvestre Igoa, Piru Gainza (C). DT: Guillermo Eizaguirre.<\/p>\n\n\n\n<p>Arbitro: Merwyn Griffiths (Gales)<\/p>\n\n\n\n<p>Estadio: Municipal Paulo Machado de Carvalho &#8211; Pacaembu &#8211; (Sao Paulo)<\/p>\n\n\n\n<p>Publico: 35.000<\/p>\n\n\n\n<p><strong>13\/07\/1950<\/strong><strong><\/strong><\/p>\n\n\n\n<p><strong>BRASIL 6 <\/strong>(PT 15\u2019, ST 12\u2019, Ademir; PT 21\u2019, Jair; PT 31\u2019, ST 10\u2019, Chico; ST 22\u2019, Chico)<\/p>\n\n\n\n<p><strong>ESPA\u00d1A 1 <\/strong>(ST 26\u2019, Igoa)<\/p>\n\n\n\n<p><strong>BRASIL: <\/strong>Barbosa; Augusto (C), Juvenal; Bauer, Danilo, Bigode; Friacca, Ademir, Zizinho, Jair, Chico. DT: Flavio Costa.<\/p>\n\n\n\n<p><strong>ESPA\u00d1A: <\/strong>Antonio Ramallets; Gabriel Alonso, Jose Parra; Josep Gonzalvo, Mariano Gonzalvo, Antonio Puchades; Estanislao Bazora, Jose Panizo, Zarra, Silvestre Igoa, Piru Gainza (C). DT: Guillermo Eizaguirre.<\/p>\n\n\n\n<p>Arbitro: Reginald Leafe (Inglaterra)<\/p>\n\n\n\n<p>Estadio: Maracana (Rio de Janeiro)<\/p>\n\n\n\n<p>Publico: 152.772<\/p>\n\n\n\n<p><strong>13\/07\/1950<\/strong><strong><\/strong><\/p>\n\n\n\n<p><strong>URUGUAY 3 <\/strong>(PT 39\u2019, Gigghia; ST 32\u2019 y 39\u2019, Miguez)<\/p>\n\n\n\n<p><strong>SUECIA 2 <\/strong>(PT 5\u2019, Palmer; 40\u2019, Sundqvist)<\/p>\n\n\n\n<p><strong>URUGUAY: <\/strong>Anibal Paz; Matias Gonzalez, Eusebio Tejera; Schubert Gambetta, ObdulioVarela (C), Victor Rodriguez Andrade; Alcides Gigghia, Julio Perez, Oscar Miguez, Juan Schiaffino, Ernesto Vidal. DT: Juan Lopez.<\/p>\n\n\n\n<p><strong>SUECIA: <\/strong>Kalle<strong>&nbsp;<\/strong>Svensson; Lennart Samuelsson, Erik Nilsson (C); Sune Andersson, Gunnar Johansson, Ingvar Gard; Stig Sundqvist, Karl-Erik Palmer, Hans Jeppson, Egon Jonsson, Stellan Nilsson. DT: George Raynor.<\/p>\n\n\n\n<p><strong>Arbitro: <\/strong>Giovanni Galeatti (Italia)<\/p>\n\n\n\n<p>Estadio: Municipal Paulo Machado de Carvalho &#8211; Pacaembu &#8211; &nbsp;(Sao Paulo)<\/p>\n\n\n\n<p>Publico: 32.000<\/p>\n\n\n\n<p><strong>16\/07\/1950<\/strong><strong><\/strong><\/p>\n\n\n\n<p><strong>SUECIA 3 <\/strong>(PT 15\u2019, Sundqvist; 33\u2019, Melgber. ST 35\u2019, Palmer)<\/p>\n\n\n\n<p><strong>ESPA\u00d1A 1 <\/strong>(ST 37\u2019, Zarra)<\/p>\n\n\n\n<p><strong>SUECIA: <\/strong>Kalle<strong>&nbsp;<\/strong>Svensson; Lennart Samuelsson, Erik Nilsson (C); Sune Andersson, Gunnar Johansson, Ingvar Gard; Stig Sundqvist, Karl-Erik Palmer, Ingvar Rydell, Egon Jonsson, Bror Melberg. DT: George Raynor.<\/p>\n\n\n\n<p><strong>ESPA\u00d1A: <\/strong>Ignacio Eizaguirre; Gabriel Alonso, Jose Parra; Vicente Ansensi, Alfonso Silva, Antonio Puchades; Rosendo Hernandez, Estanislao Bazora, Jose Panizo, Zarra (C), Jose Juncosa. DT: Guillermo Eizaguirre.<\/p>\n\n\n\n<p><strong>Arbitro: <\/strong>Karel Van Der Meer (Holanda)<\/p>\n\n\n\n<p>Estadio: Municipal Paulo Machado de Carvalho &#8211; Pacaembu &#8211; &nbsp;(Sao Paulo)<\/p>\n\n\n\n<p>Publico: 8.000<\/p>\n\n\n\n<iframe loading=\"lazy\" width=\"560\" height=\"350\" src=\"https:\/\/www.youtube.com\/embed\/GAXDhj8DyRU\" title=\"YouTube video player\" frameborder=\"0\" allow=\"accelerometer; autoplay; clipboard-write; encrypted-media; gyroscope; picture-in-picture\" allowfullscreen=\"\"><\/iframe>\n\n\n\n<p><strong>16\/07\/1950<\/strong><\/p>\n\n\n\n<p><strong>BRASIL 1 <\/strong>(ST 2\u2019, Friaca)<\/p>\n\n\n\n<p><strong>URUGUAY 2 <\/strong>(ST 21\u2019, Schiaffino; 34\u2019, Gigghia)<\/p>\n\n\n\n<p><strong>BRASIL: <\/strong>Barbosa; Augusto (C), Juvenal; Bauer, Danilo, Bigode; Friacca, Ademir, Zizinho, Jair, Chico. DT: Flavio Costa.<\/p>\n\n\n\n<p><strong>URUGUAY: <\/strong>Roque Maspoli; Matias Gonzalez, Eusebio Tejera; Schubert Gambetta, ObdulioVarela (C), Victor Rodriguez Andrade; Alcides Gigghia, Julio Perez, Oscar Miguez, Juan Schiaffino, Ruben Moran. DT: Juan Lopez.<\/p>\n\n\n\n<p>Arbitro: George Reader (Inglaterra)<\/p>\n\n\n\n<p>Estadio: Maracana (Rio de Janeiro)<\/p>\n\n\n\n<p>Publico: 173.850<\/p>\n","protected":false},"excerpt":{"rendered":"<p>La&nbsp;Copa Mundial de la FIFA Brasil 1950&nbsp;fue la cuarta edici\u00f3n del&nbsp;campeonato mundial&nbsp;de&nbsp;f\u00fatbol&nbsp;masculino organizado por la&nbsp;FIFA&#8230;.<\/p>\n","protected":false},"author":4,"featured_media":301,"comment_status":"open","ping_status":"open","sticky":false,"template":"","format":"standard","meta":{"footnotes":""},"categories":[22],"tags":[],"class_list":["post-300","post","type-post","status-publish","format-standard","has-post-thumbnail","hentry","category-brasil-1950"],"yoast_head":"<!-- This site is optimized with the Yoast SEO plugin v19.5.1 - https:\/\/yoast.com\/wordpress\/plugins\/seo\/ -->\n<title>Los de afuera son de palo - LA PATRIA FUTBOLERA<\/title>\n<meta name=\"robots\" content=\"index, follow, max-snippet:-1, max-image-preview:large, max-video-preview:-1\" \/>\n<link rel=\"canonical\" href=\"https:\/\/lapatriafutbolera.com.ar\/index.php\/2022\/09\/03\/los-de-afuera-son-de-palo\/\" \/>\n<meta property=\"og:locale\" content=\"es_ES\" \/>\n<meta property=\"og:type\" content=\"article\" \/>\n<meta property=\"og:title\" content=\"Los de afuera son de palo - LA PATRIA FUTBOLERA\" \/>\n<meta property=\"og:description\" content=\"La&nbsp;Copa Mundial de la FIFA Brasil 1950&nbsp;fue la cuarta edici\u00f3n del&nbsp;campeonato mundial&nbsp;de&nbsp;f\u00fatbol&nbsp;masculino organizado por la&nbsp;FIFA....\" \/>\n<meta property=\"og:url\" content=\"https:\/\/lapatriafutbolera.com.ar\/index.php\/2022\/09\/03\/los-de-afuera-son-de-palo\/\" \/>\n<meta property=\"og:site_name\" content=\"LA PATRIA FUTBOLERA\" \/>\n<meta property=\"article:published_time\" content=\"2022-09-03T12:28:11+00:00\" \/>\n<meta property=\"article:modified_time\" content=\"2022-09-03T12:30:05+00:00\" \/>\n<meta property=\"og:image\" content=\"https:\/\/lapatriafutbolera.com.ar\/wp-content\/uploads\/2022\/09\/Seleccion-Uruguay-1950.png\" \/>\n\t<meta property=\"og:image:width\" content=\"245\" \/>\n\t<meta property=\"og:image:height\" content=\"138\" \/>\n\t<meta property=\"og:image:type\" content=\"image\/png\" \/>\n<meta name=\"author\" content=\"Redacci\u00f3n LPF\" \/>\n<meta name=\"twitter:card\" content=\"summary_large_image\" \/>\n<meta name=\"twitter:label1\" content=\"Escrito por\" \/>\n\t<meta name=\"twitter:data1\" content=\"Redacci\u00f3n LPF\" \/>\n\t<meta name=\"twitter:label2\" content=\"Tiempo de lectura\" \/>\n\t<meta name=\"twitter:data2\" content=\"16 minutos\" \/>\n<script type=\"application\/ld+json\" class=\"yoast-schema-graph\">{\"@context\":\"https:\/\/schema.org\",\"@graph\":[{\"@type\":\"Article\",\"@id\":\"https:\/\/lapatriafutbolera.com.ar\/index.php\/2022\/09\/03\/los-de-afuera-son-de-palo\/#article\",\"isPartOf\":{\"@id\":\"https:\/\/lapatriafutbolera.com.ar\/index.php\/2022\/09\/03\/los-de-afuera-son-de-palo\/\"},\"author\":{\"name\":\"Redacci\u00f3n LPF\",\"@id\":\"https:\/\/lapatriafutbolera.com.ar\/#\/schema\/person\/eb56fb3a7e76133611d5b2d9f706bd97\"},\"headline\":\"Los de afuera son de palo\",\"datePublished\":\"2022-09-03T12:28:11+00:00\",\"dateModified\":\"2022-09-03T12:30:05+00:00\",\"mainEntityOfPage\":{\"@id\":\"https:\/\/lapatriafutbolera.com.ar\/index.php\/2022\/09\/03\/los-de-afuera-son-de-palo\/\"},\"wordCount\":3583,\"commentCount\":0,\"publisher\":{\"@id\":\"https:\/\/lapatriafutbolera.com.ar\/#organization\"},\"articleSection\":[\"Brasil 1950\"],\"inLanguage\":\"es-AR\",\"potentialAction\":[{\"@type\":\"CommentAction\",\"name\":\"Comment\",\"target\":[\"https:\/\/lapatriafutbolera.com.ar\/index.php\/2022\/09\/03\/los-de-afuera-son-de-palo\/#respond\"]}]},{\"@type\":\"WebPage\",\"@id\":\"https:\/\/lapatriafutbolera.com.ar\/index.php\/2022\/09\/03\/los-de-afuera-son-de-palo\/\",\"url\":\"https:\/\/lapatriafutbolera.com.ar\/index.php\/2022\/09\/03\/los-de-afuera-son-de-palo\/\",\"name\":\"Los de afuera son de palo - LA PATRIA FUTBOLERA\",\"isPartOf\":{\"@id\":\"https:\/\/lapatriafutbolera.com.ar\/#website\"},\"datePublished\":\"2022-09-03T12:28:11+00:00\",\"dateModified\":\"2022-09-03T12:30:05+00:00\",\"breadcrumb\":{\"@id\":\"https:\/\/lapatriafutbolera.com.ar\/index.php\/2022\/09\/03\/los-de-afuera-son-de-palo\/#breadcrumb\"},\"inLanguage\":\"es-AR\",\"potentialAction\":[{\"@type\":\"ReadAction\",\"target\":[\"https:\/\/lapatriafutbolera.com.ar\/index.php\/2022\/09\/03\/los-de-afuera-son-de-palo\/\"]}]},{\"@type\":\"BreadcrumbList\",\"@id\":\"https:\/\/lapatriafutbolera.com.ar\/index.php\/2022\/09\/03\/los-de-afuera-son-de-palo\/#breadcrumb\",\"itemListElement\":[{\"@type\":\"ListItem\",\"position\":1,\"name\":\"Inicio\",\"item\":\"https:\/\/lapatriafutbolera.com.ar\/\"},{\"@type\":\"ListItem\",\"position\":2,\"name\":\"Los de afuera son de palo\"}]},{\"@type\":\"WebSite\",\"@id\":\"https:\/\/lapatriafutbolera.com.ar\/#website\",\"url\":\"https:\/\/lapatriafutbolera.com.ar\/\",\"name\":\"LA PATRIA FUTBOLERA\",\"description\":\"\",\"publisher\":{\"@id\":\"https:\/\/lapatriafutbolera.com.ar\/#organization\"},\"potentialAction\":[{\"@type\":\"SearchAction\",\"target\":{\"@type\":\"EntryPoint\",\"urlTemplate\":\"https:\/\/lapatriafutbolera.com.ar\/?s={search_term_string}\"},\"query-input\":\"required name=search_term_string\"}],\"inLanguage\":\"es-AR\"},{\"@type\":\"Organization\",\"@id\":\"https:\/\/lapatriafutbolera.com.ar\/#organization\",\"name\":\"LA PATRIA FUTBOLERA\",\"url\":\"https:\/\/lapatriafutbolera.com.ar\/\",\"sameAs\":[],\"logo\":{\"@type\":\"ImageObject\",\"inLanguage\":\"es-AR\",\"@id\":\"https:\/\/lapatriafutbolera.com.ar\/#\/schema\/logo\/image\/\",\"url\":\"https:\/\/lapatriafutbolera.com.ar\/wp-content\/uploads\/2025\/03\/cropped-LA-PATRIA-14.jpg\",\"contentUrl\":\"https:\/\/lapatriafutbolera.com.ar\/wp-content\/uploads\/2025\/03\/cropped-LA-PATRIA-14.jpg\",\"width\":1308,\"height\":221,\"caption\":\"LA PATRIA FUTBOLERA\"},\"image\":{\"@id\":\"https:\/\/lapatriafutbolera.com.ar\/#\/schema\/logo\/image\/\"}},{\"@type\":\"Person\",\"@id\":\"https:\/\/lapatriafutbolera.com.ar\/#\/schema\/person\/eb56fb3a7e76133611d5b2d9f706bd97\",\"name\":\"Redacci\u00f3n LPF\",\"image\":{\"@type\":\"ImageObject\",\"inLanguage\":\"es-AR\",\"@id\":\"https:\/\/lapatriafutbolera.com.ar\/#\/schema\/person\/image\/\",\"url\":\"https:\/\/secure.gravatar.com\/avatar\/57dc12e3750972170624cd118ca21d4157841e9e7b211e6dfe7a00b61088d285?s=96&d=mm&r=g\",\"contentUrl\":\"https:\/\/secure.gravatar.com\/avatar\/57dc12e3750972170624cd118ca21d4157841e9e7b211e6dfe7a00b61088d285?s=96&d=mm&r=g\",\"caption\":\"Redacci\u00f3n LPF\"},\"sameAs\":[\"http:\/\/lapatriafutbolera.com.ar\"],\"url\":\"https:\/\/lapatriafutbolera.com.ar\/index.php\/author\/redaccion-lpf\/\"}]}<\/script>\n<!-- \/ Yoast SEO plugin. -->","yoast_head_json":{"title":"Los de afuera son de palo - LA PATRIA FUTBOLERA","robots":{"index":"index","follow":"follow","max-snippet":"max-snippet:-1","max-image-preview":"max-image-preview:large","max-video-preview":"max-video-preview:-1"},"canonical":"https:\/\/lapatriafutbolera.com.ar\/index.php\/2022\/09\/03\/los-de-afuera-son-de-palo\/","og_locale":"es_ES","og_type":"article","og_title":"Los de afuera son de palo - LA PATRIA FUTBOLERA","og_description":"La&nbsp;Copa Mundial de la FIFA Brasil 1950&nbsp;fue la cuarta edici\u00f3n del&nbsp;campeonato mundial&nbsp;de&nbsp;f\u00fatbol&nbsp;masculino organizado por la&nbsp;FIFA....","og_url":"https:\/\/lapatriafutbolera.com.ar\/index.php\/2022\/09\/03\/los-de-afuera-son-de-palo\/","og_site_name":"LA PATRIA FUTBOLERA","article_published_time":"2022-09-03T12:28:11+00:00","article_modified_time":"2022-09-03T12:30:05+00:00","og_image":[{"width":245,"height":138,"url":"https:\/\/lapatriafutbolera.com.ar\/wp-content\/uploads\/2022\/09\/Seleccion-Uruguay-1950.png","type":"image\/png"}],"author":"Redacci\u00f3n LPF","twitter_card":"summary_large_image","twitter_misc":{"Escrito por":"Redacci\u00f3n LPF","Tiempo de lectura":"16 minutos"},"schema":{"@context":"https:\/\/schema.org","@graph":[{"@type":"Article","@id":"https:\/\/lapatriafutbolera.com.ar\/index.php\/2022\/09\/03\/los-de-afuera-son-de-palo\/#article","isPartOf":{"@id":"https:\/\/lapatriafutbolera.com.ar\/index.php\/2022\/09\/03\/los-de-afuera-son-de-palo\/"},"author":{"name":"Redacci\u00f3n LPF","@id":"https:\/\/lapatriafutbolera.com.ar\/#\/schema\/person\/eb56fb3a7e76133611d5b2d9f706bd97"},"headline":"Los de afuera son de palo","datePublished":"2022-09-03T12:28:11+00:00","dateModified":"2022-09-03T12:30:05+00:00","mainEntityOfPage":{"@id":"https:\/\/lapatriafutbolera.com.ar\/index.php\/2022\/09\/03\/los-de-afuera-son-de-palo\/"},"wordCount":3583,"commentCount":0,"publisher":{"@id":"https:\/\/lapatriafutbolera.com.ar\/#organization"},"articleSection":["Brasil 1950"],"inLanguage":"es-AR","potentialAction":[{"@type":"CommentAction","name":"Comment","target":["https:\/\/lapatriafutbolera.com.ar\/index.php\/2022\/09\/03\/los-de-afuera-son-de-palo\/#respond"]}]},{"@type":"WebPage","@id":"https:\/\/lapatriafutbolera.com.ar\/index.php\/2022\/09\/03\/los-de-afuera-son-de-palo\/","url":"https:\/\/lapatriafutbolera.com.ar\/index.php\/2022\/09\/03\/los-de-afuera-son-de-palo\/","name":"Los de afuera son de palo - LA PATRIA FUTBOLERA","isPartOf":{"@id":"https:\/\/lapatriafutbolera.com.ar\/#website"},"datePublished":"2022-09-03T12:28:11+00:00","dateModified":"2022-09-03T12:30:05+00:00","breadcrumb":{"@id":"https:\/\/lapatriafutbolera.com.ar\/index.php\/2022\/09\/03\/los-de-afuera-son-de-palo\/#breadcrumb"},"inLanguage":"es-AR","potentialAction":[{"@type":"ReadAction","target":["https:\/\/lapatriafutbolera.com.ar\/index.php\/2022\/09\/03\/los-de-afuera-son-de-palo\/"]}]},{"@type":"BreadcrumbList","@id":"https:\/\/lapatriafutbolera.com.ar\/index.php\/2022\/09\/03\/los-de-afuera-son-de-palo\/#breadcrumb","itemListElement":[{"@type":"ListItem","position":1,"name":"Inicio","item":"https:\/\/lapatriafutbolera.com.ar\/"},{"@type":"ListItem","position":2,"name":"Los de afuera son de palo"}]},{"@type":"WebSite","@id":"https:\/\/lapatriafutbolera.com.ar\/#website","url":"https:\/\/lapatriafutbolera.com.ar\/","name":"LA PATRIA FUTBOLERA","description":"","publisher":{"@id":"https:\/\/lapatriafutbolera.com.ar\/#organization"},"potentialAction":[{"@type":"SearchAction","target":{"@type":"EntryPoint","urlTemplate":"https:\/\/lapatriafutbolera.com.ar\/?s={search_term_string}"},"query-input":"required name=search_term_string"}],"inLanguage":"es-AR"},{"@type":"Organization","@id":"https:\/\/lapatriafutbolera.com.ar\/#organization","name":"LA PATRIA FUTBOLERA","url":"https:\/\/lapatriafutbolera.com.ar\/","sameAs":[],"logo":{"@type":"ImageObject","inLanguage":"es-AR","@id":"https:\/\/lapatriafutbolera.com.ar\/#\/schema\/logo\/image\/","url":"https:\/\/lapatriafutbolera.com.ar\/wp-content\/uploads\/2025\/03\/cropped-LA-PATRIA-14.jpg","contentUrl":"https:\/\/lapatriafutbolera.com.ar\/wp-content\/uploads\/2025\/03\/cropped-LA-PATRIA-14.jpg","width":1308,"height":221,"caption":"LA PATRIA FUTBOLERA"},"image":{"@id":"https:\/\/lapatriafutbolera.com.ar\/#\/schema\/logo\/image\/"}},{"@type":"Person","@id":"https:\/\/lapatriafutbolera.com.ar\/#\/schema\/person\/eb56fb3a7e76133611d5b2d9f706bd97","name":"Redacci\u00f3n LPF","image":{"@type":"ImageObject","inLanguage":"es-AR","@id":"https:\/\/lapatriafutbolera.com.ar\/#\/schema\/person\/image\/","url":"https:\/\/secure.gravatar.com\/avatar\/57dc12e3750972170624cd118ca21d4157841e9e7b211e6dfe7a00b61088d285?s=96&d=mm&r=g","contentUrl":"https:\/\/secure.gravatar.com\/avatar\/57dc12e3750972170624cd118ca21d4157841e9e7b211e6dfe7a00b61088d285?s=96&d=mm&r=g","caption":"Redacci\u00f3n LPF"},"sameAs":["http:\/\/lapatriafutbolera.com.ar"],"url":"https:\/\/lapatriafutbolera.com.ar\/index.php\/author\/redaccion-lpf\/"}]}},"_links":{"self":[{"href":"https:\/\/lapatriafutbolera.com.ar\/index.php\/wp-json\/wp\/v2\/posts\/300","targetHints":{"allow":["GET"]}}],"collection":[{"href":"https:\/\/lapatriafutbolera.com.ar\/index.php\/wp-json\/wp\/v2\/posts"}],"about":[{"href":"https:\/\/lapatriafutbolera.com.ar\/index.php\/wp-json\/wp\/v2\/types\/post"}],"author":[{"embeddable":true,"href":"https:\/\/lapatriafutbolera.com.ar\/index.php\/wp-json\/wp\/v2\/users\/4"}],"replies":[{"embeddable":true,"href":"https:\/\/lapatriafutbolera.com.ar\/index.php\/wp-json\/wp\/v2\/comments?post=300"}],"version-history":[{"count":2,"href":"https:\/\/lapatriafutbolera.com.ar\/index.php\/wp-json\/wp\/v2\/posts\/300\/revisions"}],"predecessor-version":[{"id":304,"href":"https:\/\/lapatriafutbolera.com.ar\/index.php\/wp-json\/wp\/v2\/posts\/300\/revisions\/304"}],"wp:featuredmedia":[{"embeddable":true,"href":"https:\/\/lapatriafutbolera.com.ar\/index.php\/wp-json\/wp\/v2\/media\/301"}],"wp:attachment":[{"href":"https:\/\/lapatriafutbolera.com.ar\/index.php\/wp-json\/wp\/v2\/media?parent=300"}],"wp:term":[{"taxonomy":"category","embeddable":true,"href":"https:\/\/lapatriafutbolera.com.ar\/index.php\/wp-json\/wp\/v2\/categories?post=300"},{"taxonomy":"post_tag","embeddable":true,"href":"https:\/\/lapatriafutbolera.com.ar\/index.php\/wp-json\/wp\/v2\/tags?post=300"}],"curies":[{"name":"wp","href":"https:\/\/api.w.org\/{rel}","templated":true}]}}