{"id":362,"date":"2022-09-09T11:00:40","date_gmt":"2022-09-09T14:00:40","guid":{"rendered":"https:\/\/lapatriafutbolera.com.ar\/?p=362"},"modified":"2022-09-09T11:00:40","modified_gmt":"2022-09-09T14:00:40","slug":"maradona-y-newells-a-29-anos-del-debut-de-diego-en-la-lepra-rosarina","status":"publish","type":"post","link":"https:\/\/lapatriafutbolera.com.ar\/index.php\/2022\/09\/09\/maradona-y-newells-a-29-anos-del-debut-de-diego-en-la-lepra-rosarina\/","title":{"rendered":"Maradona y Newell&#8217;s: a 29 a\u00f1os del debut de Diego en la Lepra rosarina"},"content":{"rendered":"\n<p><strong>Se cumplen 29\u00a0a\u00f1os<\/strong>\u00a0del regreso de Diego Maradona\u00a0al f\u00fatbol argentino. El<strong>\u00a0<\/strong>9 de septiembre de 1993 &#8220;<strong>El M\u00e1s Grande eligi\u00f3 al M\u00e1s Popular&#8221;<\/strong>, record\u00f3 la Lepra en sus redes sociales. <\/p>\n\n\n<div class=\"wp-block-image\">\n<figure class=\"aligncenter size-full\"><img loading=\"lazy\" decoding=\"async\" width=\"544\" height=\"680\" src=\"https:\/\/lapatriafutbolera.com.ar\/wp-content\/uploads\/2022\/09\/FcLpVbtX0AITXbY.jpg\" alt=\"\" class=\"wp-image-364\" srcset=\"https:\/\/lapatriafutbolera.com.ar\/wp-content\/uploads\/2022\/09\/FcLpVbtX0AITXbY.jpg 544w, https:\/\/lapatriafutbolera.com.ar\/wp-content\/uploads\/2022\/09\/FcLpVbtX0AITXbY-240x300.jpg 240w\" sizes=\"auto, (max-width: 544px) 100vw, 544px\" \/><\/figure>\n<\/div>\n\n\n<p>&#8220;<strong>Diego eleg\u00eda a Newell&#8217;s. Un amor para toda la vida<\/strong>&#8221; agreg\u00f3.<\/p>\n\n\n\n<iframe loading=\"lazy\" width=\"560\" height=\"315\" src=\"https:\/\/www.youtube.com\/embed\/ZJfEqRfnB3Y\" title=\"Debut de Diego Maradona en Newell's Old Boys vs Independiente - DiFilm 1993 UG-3493 DiFilm\" frameborder=\"0\" allow=\"accelerometer; autoplay; clipboard-write; encrypted-media; gyroscope; picture-in-picture\" allowfullscreen><\/iframe>\n\n\n\n<p>Aquella tarde 40.000 hinchas&nbsp;completaron el estadio para ovacionar al Diez, quien fue presentado de la mano de sus dos hijas&nbsp;<strong>Dalma<\/strong>&nbsp;y&nbsp;<strong>Giannina<\/strong>.<\/p>\n\n\n\n<p><strong>El debut\u00f3 tuvo lugar el 10 de octubre<\/strong>&nbsp;ante<strong>&nbsp;Independiente<\/strong>, derrota 3 a 1 en la Doble Visera<\/p>\n","protected":false},"excerpt":{"rendered":"<p>Se cumplen 29\u00a0a\u00f1os\u00a0del regreso de Diego Maradona\u00a0al f\u00fatbol argentino. El\u00a09 de septiembre de 1993 &#8220;El&#8230;<\/p>\n","protected":false},"author":3,"featured_media":363,"comment_status":"open","ping_status":"open","sticky":false,"template":"","format":"standard","meta":{"footnotes":""},"categories":[12],"tags":[],"class_list":["post-362","post","type-post","status-publish","format-standard","has-post-thumbnail","hentry","category-maradoneando"],"yoast_head":"<!-- This site is optimized with the Yoast SEO plugin v19.5.1 - https:\/\/yoast.com\/wordpress\/plugins\/seo\/ -->\n<title>Maradona y Newell&#039;s: a 29 a\u00f1os del debut de Diego en la Lepra rosarina - LA PATRIA FUTBOLERA<\/title>\n<meta name=\"robots\" content=\"index, follow, max-snippet:-1, max-image-preview:large, max-video-preview:-1\" \/>\n<link rel=\"canonical\" href=\"https:\/\/lapatriafutbolera.com.ar\/index.php\/2022\/09\/09\/maradona-y-newells-a-29-anos-del-debut-de-diego-en-la-lepra-rosarina\/\" \/>\n<meta property=\"og:locale\" content=\"es_ES\" \/>\n<meta property=\"og:type\" content=\"article\" \/>\n<meta property=\"og:title\" content=\"Maradona y Newell&#039;s: a 29 a\u00f1os del debut de Diego en la Lepra rosarina - LA PATRIA FUTBOLERA\" \/>\n<meta property=\"og:description\" content=\"Se cumplen 29\u00a0a\u00f1os\u00a0del regreso de Diego Maradona\u00a0al f\u00fatbol argentino. El\u00a09 de septiembre de 1993 &#8220;El...\" \/>\n<meta property=\"og:url\" content=\"https:\/\/lapatriafutbolera.com.ar\/index.php\/2022\/09\/09\/maradona-y-newells-a-29-anos-del-debut-de-diego-en-la-lepra-rosarina\/\" \/>\n<meta property=\"og:site_name\" content=\"LA PATRIA FUTBOLERA\" \/>\n<meta property=\"article:published_time\" content=\"2022-09-09T14:00:40+00:00\" \/>\n<meta property=\"og:image\" content=\"https:\/\/lapatriafutbolera.com.ar\/wp-content\/uploads\/2022\/09\/nob-maradona.jpg\" \/>\n\t<meta property=\"og:image:width\" content=\"1200\" \/>\n\t<meta property=\"og:image:height\" content=\"800\" \/>\n\t<meta property=\"og:image:type\" content=\"image\/jpeg\" \/>\n<meta name=\"author\" content=\"Mart\u00edn Ripari\" \/>\n<meta name=\"twitter:card\" content=\"summary_large_image\" \/>\n<meta name=\"twitter:label1\" content=\"Escrito por\" \/>\n\t<meta name=\"twitter:data1\" content=\"Mart\u00edn Ripari\" \/>\n\t<meta name=\"twitter:label2\" content=\"Tiempo de lectura\" \/>\n\t<meta name=\"twitter:data2\" content=\"1 minuto\" \/>\n<script type=\"application\/ld+json\" class=\"yoast-schema-graph\">{\"@context\":\"https:\/\/schema.org\",\"@graph\":[{\"@type\":\"Article\",\"@id\":\"https:\/\/lapatriafutbolera.com.ar\/index.php\/2022\/09\/09\/maradona-y-newells-a-29-anos-del-debut-de-diego-en-la-lepra-rosarina\/#article\",\"isPartOf\":{\"@id\":\"https:\/\/lapatriafutbolera.com.ar\/index.php\/2022\/09\/09\/maradona-y-newells-a-29-anos-del-debut-de-diego-en-la-lepra-rosarina\/\"},\"author\":{\"name\":\"Mart\u00edn Ripari\",\"@id\":\"https:\/\/lapatriafutbolera.com.ar\/#\/schema\/person\/dc3d1ee3d5b1b3798150a5bbc781935d\"},\"headline\":\"Maradona y Newell&#8217;s: a 29 a\u00f1os del debut de Diego en la Lepra rosarina\",\"datePublished\":\"2022-09-09T14:00:40+00:00\",\"dateModified\":\"2022-09-09T14:00:40+00:00\",\"mainEntityOfPage\":{\"@id\":\"https:\/\/lapatriafutbolera.com.ar\/index.php\/2022\/09\/09\/maradona-y-newells-a-29-anos-del-debut-de-diego-en-la-lepra-rosarina\/\"},\"wordCount\":103,\"commentCount\":0,\"publisher\":{\"@id\":\"https:\/\/lapatriafutbolera.com.ar\/#organization\"},\"articleSection\":[\"Maradoneando\"],\"inLanguage\":\"es-AR\",\"potentialAction\":[{\"@type\":\"CommentAction\",\"name\":\"Comment\",\"target\":[\"https:\/\/lapatriafutbolera.com.ar\/index.php\/2022\/09\/09\/maradona-y-newells-a-29-anos-del-debut-de-diego-en-la-lepra-rosarina\/#respond\"]}]},{\"@type\":\"WebPage\",\"@id\":\"https:\/\/lapatriafutbolera.com.ar\/index.php\/2022\/09\/09\/maradona-y-newells-a-29-anos-del-debut-de-diego-en-la-lepra-rosarina\/\",\"url\":\"https:\/\/lapatriafutbolera.com.ar\/index.php\/2022\/09\/09\/maradona-y-newells-a-29-anos-del-debut-de-diego-en-la-lepra-rosarina\/\",\"name\":\"Maradona y Newell's: a 29 a\u00f1os del debut de Diego en la Lepra rosarina - LA PATRIA FUTBOLERA\",\"isPartOf\":{\"@id\":\"https:\/\/lapatriafutbolera.com.ar\/#website\"},\"datePublished\":\"2022-09-09T14:00:40+00:00\",\"dateModified\":\"2022-09-09T14:00:40+00:00\",\"breadcrumb\":{\"@id\":\"https:\/\/lapatriafutbolera.com.ar\/index.php\/2022\/09\/09\/maradona-y-newells-a-29-anos-del-debut-de-diego-en-la-lepra-rosarina\/#breadcrumb\"},\"inLanguage\":\"es-AR\",\"potentialAction\":[{\"@type\":\"ReadAction\",\"target\":[\"https:\/\/lapatriafutbolera.com.ar\/index.php\/2022\/09\/09\/maradona-y-newells-a-29-anos-del-debut-de-diego-en-la-lepra-rosarina\/\"]}]},{\"@type\":\"BreadcrumbList\",\"@id\":\"https:\/\/lapatriafutbolera.com.ar\/index.php\/2022\/09\/09\/maradona-y-newells-a-29-anos-del-debut-de-diego-en-la-lepra-rosarina\/#breadcrumb\",\"itemListElement\":[{\"@type\":\"ListItem\",\"position\":1,\"name\":\"Inicio\",\"item\":\"https:\/\/lapatriafutbolera.com.ar\/\"},{\"@type\":\"ListItem\",\"position\":2,\"name\":\"Maradona y Newell&#8217;s: a 29 a\u00f1os del debut de Diego en la Lepra rosarina\"}]},{\"@type\":\"WebSite\",\"@id\":\"https:\/\/lapatriafutbolera.com.ar\/#website\",\"url\":\"https:\/\/lapatriafutbolera.com.ar\/\",\"name\":\"LA PATRIA FUTBOLERA\",\"description\":\"\",\"publisher\":{\"@id\":\"https:\/\/lapatriafutbolera.com.ar\/#organization\"},\"potentialAction\":[{\"@type\":\"SearchAction\",\"target\":{\"@type\":\"EntryPoint\",\"urlTemplate\":\"https:\/\/lapatriafutbolera.com.ar\/?s={search_term_string}\"},\"query-input\":\"required name=search_term_string\"}],\"inLanguage\":\"es-AR\"},{\"@type\":\"Organization\",\"@id\":\"https:\/\/lapatriafutbolera.com.ar\/#organization\",\"name\":\"LA PATRIA FUTBOLERA\",\"url\":\"https:\/\/lapatriafutbolera.com.ar\/\",\"sameAs\":[],\"logo\":{\"@type\":\"ImageObject\",\"inLanguage\":\"es-AR\",\"@id\":\"https:\/\/lapatriafutbolera.com.ar\/#\/schema\/logo\/image\/\",\"url\":\"https:\/\/lapatriafutbolera.com.ar\/wp-content\/uploads\/2025\/03\/cropped-LA-PATRIA-14.jpg\",\"contentUrl\":\"https:\/\/lapatriafutbolera.com.ar\/wp-content\/uploads\/2025\/03\/cropped-LA-PATRIA-14.jpg\",\"width\":1308,\"height\":221,\"caption\":\"LA PATRIA FUTBOLERA\"},\"image\":{\"@id\":\"https:\/\/lapatriafutbolera.com.ar\/#\/schema\/logo\/image\/\"}},{\"@type\":\"Person\",\"@id\":\"https:\/\/lapatriafutbolera.com.ar\/#\/schema\/person\/dc3d1ee3d5b1b3798150a5bbc781935d\",\"name\":\"Mart\u00edn Ripari\",\"image\":{\"@type\":\"ImageObject\",\"inLanguage\":\"es-AR\",\"@id\":\"https:\/\/lapatriafutbolera.com.ar\/#\/schema\/person\/image\/\",\"url\":\"https:\/\/secure.gravatar.com\/avatar\/0db7df26707fd8adc2b24ae87259322b0aea8d9eaf092366b1d208b0b180ee7e?s=96&d=mm&r=g\",\"contentUrl\":\"https:\/\/secure.gravatar.com\/avatar\/0db7df26707fd8adc2b24ae87259322b0aea8d9eaf092366b1d208b0b180ee7e?s=96&d=mm&r=g\",\"caption\":\"Mart\u00edn Ripari\"},\"url\":\"https:\/\/lapatriafutbolera.com.ar\/index.php\/author\/martin-ripari\/\"}]}<\/script>\n<!-- \/ Yoast SEO plugin. -->","yoast_head_json":{"title":"Maradona y Newell's: a 29 a\u00f1os del debut de Diego en la Lepra rosarina - LA PATRIA FUTBOLERA","robots":{"index":"index","follow":"follow","max-snippet":"max-snippet:-1","max-image-preview":"max-image-preview:large","max-video-preview":"max-video-preview:-1"},"canonical":"https:\/\/lapatriafutbolera.com.ar\/index.php\/2022\/09\/09\/maradona-y-newells-a-29-anos-del-debut-de-diego-en-la-lepra-rosarina\/","og_locale":"es_ES","og_type":"article","og_title":"Maradona y Newell's: a 29 a\u00f1os del debut de Diego en la Lepra rosarina - LA PATRIA FUTBOLERA","og_description":"Se cumplen 29\u00a0a\u00f1os\u00a0del regreso de Diego Maradona\u00a0al f\u00fatbol argentino. El\u00a09 de septiembre de 1993 &#8220;El...","og_url":"https:\/\/lapatriafutbolera.com.ar\/index.php\/2022\/09\/09\/maradona-y-newells-a-29-anos-del-debut-de-diego-en-la-lepra-rosarina\/","og_site_name":"LA PATRIA FUTBOLERA","article_published_time":"2022-09-09T14:00:40+00:00","og_image":[{"width":1200,"height":800,"url":"https:\/\/lapatriafutbolera.com.ar\/wp-content\/uploads\/2022\/09\/nob-maradona.jpg","type":"image\/jpeg"}],"author":"Mart\u00edn Ripari","twitter_card":"summary_large_image","twitter_misc":{"Escrito por":"Mart\u00edn Ripari","Tiempo de lectura":"1 minuto"},"schema":{"@context":"https:\/\/schema.org","@graph":[{"@type":"Article","@id":"https:\/\/lapatriafutbolera.com.ar\/index.php\/2022\/09\/09\/maradona-y-newells-a-29-anos-del-debut-de-diego-en-la-lepra-rosarina\/#article","isPartOf":{"@id":"https:\/\/lapatriafutbolera.com.ar\/index.php\/2022\/09\/09\/maradona-y-newells-a-29-anos-del-debut-de-diego-en-la-lepra-rosarina\/"},"author":{"name":"Mart\u00edn Ripari","@id":"https:\/\/lapatriafutbolera.com.ar\/#\/schema\/person\/dc3d1ee3d5b1b3798150a5bbc781935d"},"headline":"Maradona y Newell&#8217;s: a 29 a\u00f1os del debut de Diego en la Lepra rosarina","datePublished":"2022-09-09T14:00:40+00:00","dateModified":"2022-09-09T14:00:40+00:00","mainEntityOfPage":{"@id":"https:\/\/lapatriafutbolera.com.ar\/index.php\/2022\/09\/09\/maradona-y-newells-a-29-anos-del-debut-de-diego-en-la-lepra-rosarina\/"},"wordCount":103,"commentCount":0,"publisher":{"@id":"https:\/\/lapatriafutbolera.com.ar\/#organization"},"articleSection":["Maradoneando"],"inLanguage":"es-AR","potentialAction":[{"@type":"CommentAction","name":"Comment","target":["https:\/\/lapatriafutbolera.com.ar\/index.php\/2022\/09\/09\/maradona-y-newells-a-29-anos-del-debut-de-diego-en-la-lepra-rosarina\/#respond"]}]},{"@type":"WebPage","@id":"https:\/\/lapatriafutbolera.com.ar\/index.php\/2022\/09\/09\/maradona-y-newells-a-29-anos-del-debut-de-diego-en-la-lepra-rosarina\/","url":"https:\/\/lapatriafutbolera.com.ar\/index.php\/2022\/09\/09\/maradona-y-newells-a-29-anos-del-debut-de-diego-en-la-lepra-rosarina\/","name":"Maradona y Newell's: a 29 a\u00f1os del debut de Diego en la Lepra rosarina - LA PATRIA FUTBOLERA","isPartOf":{"@id":"https:\/\/lapatriafutbolera.com.ar\/#website"},"datePublished":"2022-09-09T14:00:40+00:00","dateModified":"2022-09-09T14:00:40+00:00","breadcrumb":{"@id":"https:\/\/lapatriafutbolera.com.ar\/index.php\/2022\/09\/09\/maradona-y-newells-a-29-anos-del-debut-de-diego-en-la-lepra-rosarina\/#breadcrumb"},"inLanguage":"es-AR","potentialAction":[{"@type":"ReadAction","target":["https:\/\/lapatriafutbolera.com.ar\/index.php\/2022\/09\/09\/maradona-y-newells-a-29-anos-del-debut-de-diego-en-la-lepra-rosarina\/"]}]},{"@type":"BreadcrumbList","@id":"https:\/\/lapatriafutbolera.com.ar\/index.php\/2022\/09\/09\/maradona-y-newells-a-29-anos-del-debut-de-diego-en-la-lepra-rosarina\/#breadcrumb","itemListElement":[{"@type":"ListItem","position":1,"name":"Inicio","item":"https:\/\/lapatriafutbolera.com.ar\/"},{"@type":"ListItem","position":2,"name":"Maradona y Newell&#8217;s: a 29 a\u00f1os del debut de Diego en la Lepra rosarina"}]},{"@type":"WebSite","@id":"https:\/\/lapatriafutbolera.com.ar\/#website","url":"https:\/\/lapatriafutbolera.com.ar\/","name":"LA PATRIA FUTBOLERA","description":"","publisher":{"@id":"https:\/\/lapatriafutbolera.com.ar\/#organization"},"potentialAction":[{"@type":"SearchAction","target":{"@type":"EntryPoint","urlTemplate":"https:\/\/lapatriafutbolera.com.ar\/?s={search_term_string}"},"query-input":"required name=search_term_string"}],"inLanguage":"es-AR"},{"@type":"Organization","@id":"https:\/\/lapatriafutbolera.com.ar\/#organization","name":"LA PATRIA FUTBOLERA","url":"https:\/\/lapatriafutbolera.com.ar\/","sameAs":[],"logo":{"@type":"ImageObject","inLanguage":"es-AR","@id":"https:\/\/lapatriafutbolera.com.ar\/#\/schema\/logo\/image\/","url":"https:\/\/lapatriafutbolera.com.ar\/wp-content\/uploads\/2025\/03\/cropped-LA-PATRIA-14.jpg","contentUrl":"https:\/\/lapatriafutbolera.com.ar\/wp-content\/uploads\/2025\/03\/cropped-LA-PATRIA-14.jpg","width":1308,"height":221,"caption":"LA PATRIA FUTBOLERA"},"image":{"@id":"https:\/\/lapatriafutbolera.com.ar\/#\/schema\/logo\/image\/"}},{"@type":"Person","@id":"https:\/\/lapatriafutbolera.com.ar\/#\/schema\/person\/dc3d1ee3d5b1b3798150a5bbc781935d","name":"Mart\u00edn Ripari","image":{"@type":"ImageObject","inLanguage":"es-AR","@id":"https:\/\/lapatriafutbolera.com.ar\/#\/schema\/person\/image\/","url":"https:\/\/secure.gravatar.com\/avatar\/0db7df26707fd8adc2b24ae87259322b0aea8d9eaf092366b1d208b0b180ee7e?s=96&d=mm&r=g","contentUrl":"https:\/\/secure.gravatar.com\/avatar\/0db7df26707fd8adc2b24ae87259322b0aea8d9eaf092366b1d208b0b180ee7e?s=96&d=mm&r=g","caption":"Mart\u00edn Ripari"},"url":"https:\/\/lapatriafutbolera.com.ar\/index.php\/author\/martin-ripari\/"}]}},"_links":{"self":[{"href":"https:\/\/lapatriafutbolera.com.ar\/index.php\/wp-json\/wp\/v2\/posts\/362","targetHints":{"allow":["GET"]}}],"collection":[{"href":"https:\/\/lapatriafutbolera.com.ar\/index.php\/wp-json\/wp\/v2\/posts"}],"about":[{"href":"https:\/\/lapatriafutbolera.com.ar\/index.php\/wp-json\/wp\/v2\/types\/post"}],"author":[{"embeddable":true,"href":"https:\/\/lapatriafutbolera.com.ar\/index.php\/wp-json\/wp\/v2\/users\/3"}],"replies":[{"embeddable":true,"href":"https:\/\/lapatriafutbolera.com.ar\/index.php\/wp-json\/wp\/v2\/comments?post=362"}],"version-history":[{"count":1,"href":"https:\/\/lapatriafutbolera.com.ar\/index.php\/wp-json\/wp\/v2\/posts\/362\/revisions"}],"predecessor-version":[{"id":365,"href":"https:\/\/lapatriafutbolera.com.ar\/index.php\/wp-json\/wp\/v2\/posts\/362\/revisions\/365"}],"wp:featuredmedia":[{"embeddable":true,"href":"https:\/\/lapatriafutbolera.com.ar\/index.php\/wp-json\/wp\/v2\/media\/363"}],"wp:attachment":[{"href":"https:\/\/lapatriafutbolera.com.ar\/index.php\/wp-json\/wp\/v2\/media?parent=362"}],"wp:term":[{"taxonomy":"category","embeddable":true,"href":"https:\/\/lapatriafutbolera.com.ar\/index.php\/wp-json\/wp\/v2\/categories?post=362"},{"taxonomy":"post_tag","embeddable":true,"href":"https:\/\/lapatriafutbolera.com.ar\/index.php\/wp-json\/wp\/v2\/tags?post=362"}],"curies":[{"name":"wp","href":"https:\/\/api.w.org\/{rel}","templated":true}]}}