{"id":399,"date":"2022-09-10T19:10:08","date_gmt":"2022-09-10T22:10:08","guid":{"rendered":"https:\/\/lapatriafutbolera.com.ar\/?p=399"},"modified":"2022-09-10T19:10:48","modified_gmt":"2022-09-10T22:10:48","slug":"marcha-nacional-contra-el-gatillo-facil","status":"publish","type":"post","link":"https:\/\/lapatriafutbolera.com.ar\/index.php\/2022\/09\/10\/marcha-nacional-contra-el-gatillo-facil\/","title":{"rendered":"MARCHA NACIONAL CONTRA EL GATILLO FACIL"},"content":{"rendered":"\n<p>Se dijo alguna vez, y en este d\u00eda de lucha por las vidas que nos arrebatan d\u00eda a d\u00eda, barrio a barrio, ya no queremos volver a sacar del medio. Porque este partido no se da vuelta, porque por m\u00e1s a\u00f1os de condena que les den a los fusiladores estatales, ni una sola condena logra devolver a unx pibx a su familia.<\/p>\n\n\n\n<p>Y porque perdemos siempre? El equipo contrario no juega, sino que asesina, y tiene de su lado a todos los jueces y a un proyecto de pa\u00eds que no se concibe sin represi\u00f3n en los momentos de mayor crisis econ\u00f3mica.<\/p>\n\n\n<div class=\"wp-block-image\">\n<figure class=\"aligncenter size-large is-resized\"><img decoding=\"async\" src=\"https:\/\/lapatriafutbolera.com.ar\/wp-content\/uploads\/2022\/09\/ddhh2-1024x804.jpg\" alt=\"\" class=\"wp-image-401\" width=\"-201\" height=\"-157\" srcset=\"https:\/\/lapatriafutbolera.com.ar\/wp-content\/uploads\/2022\/09\/ddhh2-1024x804.jpg 1024w, https:\/\/lapatriafutbolera.com.ar\/wp-content\/uploads\/2022\/09\/ddhh2-300x236.jpg 300w, https:\/\/lapatriafutbolera.com.ar\/wp-content\/uploads\/2022\/09\/ddhh2-768x603.jpg 768w, https:\/\/lapatriafutbolera.com.ar\/wp-content\/uploads\/2022\/09\/ddhh2.jpg 1080w\" sizes=\"(max-width: 1024px) 100vw, 1024px\" \/><\/figure>\n<\/div>\n\n\n<p>Cuanto hace que no subimos la categor\u00eda? Aproximadamente desde el 55&#8242; que las balas, las c\u00e1rceles las torturas y las desapariciones por parte del Estado son parte de la Ideolog\u00eda del mismo.<\/p>\n\n\n\n<p>No alcanza con cambiar al DT, pero lo de Berni es much\u00edsimo, que hace a\u00fan como ministro de seguridad en la Provincia de bs. As.? No hay raz\u00f3n alguna, salvo que les es funcional para que la polic\u00eda siga arreglando sus negocios, siga matando pibxs, porque a los mafiosos, a los narcos y a los tratantes no se les anima.<\/p>\n\n\n\n<p>El Estado es participe necesario de la represi\u00f3n institucional, y sus gobiernos nunca discutieron realmente un proyecto de paz, de vida, sin balas, con seguridad plena sin negocios turbios ni cajas negras.<\/p>\n\n\n<div class=\"wp-block-image\">\n<figure class=\"aligncenter size-full\"><img loading=\"lazy\" decoding=\"async\" width=\"600\" height=\"470\" src=\"https:\/\/lapatriafutbolera.com.ar\/wp-content\/uploads\/2022\/09\/ddhh1.jpg\" alt=\"\" class=\"wp-image-402\" srcset=\"https:\/\/lapatriafutbolera.com.ar\/wp-content\/uploads\/2022\/09\/ddhh1.jpg 600w, https:\/\/lapatriafutbolera.com.ar\/wp-content\/uploads\/2022\/09\/ddhh1-300x235.jpg 300w\" sizes=\"auto, (max-width: 600px) 100vw, 600px\" \/><\/figure>\n<\/div>\n\n\n<p>Nos toca bancar, acaso metidxs abajo del arco para que no entre una bala m\u00e1s, pero esto nunca fue un partido entre dos equipos, ac\u00e1 cuando se pierde, el olor a flores de cementerio no te deja respirar ni dormir.<\/p>\n\n\n\n<p>Hoy se marcha, porque si hay algo que no vamos a dejar de hacer es gritarle bien fuerte de que lado de la vida estamos y estaremos, del lado de las madres, del lado de las familias que nunca m\u00e1s tendr\u00e1n a su ser querido,del lado de lxs pibxs que nacen en un barrio humilde y ya nacieron con sentencia, del lado de lxs pibxs que quieren vivir sin que les cueste tanta vida.<\/p>\n\n\n\n<p>Fuente: https:\/\/www.facebook.com\/Coordinadora-DDHH-del-F%C3%BAtbol-Argentino<\/p>\n","protected":false},"excerpt":{"rendered":"<p>Se dijo alguna vez, y en este d\u00eda de lucha por las vidas que nos&#8230;<\/p>\n","protected":false},"author":3,"featured_media":400,"comment_status":"open","ping_status":"open","sticky":false,"template":"","format":"standard","meta":{"footnotes":""},"categories":[11],"tags":[],"class_list":["post-399","post","type-post","status-publish","format-standard","has-post-thumbnail","hentry","category-derechos-humanos"],"yoast_head":"<!-- This site is optimized with the Yoast SEO plugin v19.5.1 - https:\/\/yoast.com\/wordpress\/plugins\/seo\/ -->\n<title>MARCHA NACIONAL CONTRA EL GATILLO FACIL - LA PATRIA FUTBOLERA<\/title>\n<meta name=\"robots\" content=\"index, follow, max-snippet:-1, max-image-preview:large, max-video-preview:-1\" \/>\n<link rel=\"canonical\" href=\"https:\/\/lapatriafutbolera.com.ar\/index.php\/2022\/09\/10\/marcha-nacional-contra-el-gatillo-facil\/\" \/>\n<meta property=\"og:locale\" content=\"es_ES\" \/>\n<meta property=\"og:type\" content=\"article\" \/>\n<meta property=\"og:title\" content=\"MARCHA NACIONAL CONTRA EL GATILLO FACIL - LA PATRIA FUTBOLERA\" \/>\n<meta property=\"og:description\" content=\"Se dijo alguna vez, y en este d\u00eda de lucha por las vidas que nos...\" \/>\n<meta property=\"og:url\" content=\"https:\/\/lapatriafutbolera.com.ar\/index.php\/2022\/09\/10\/marcha-nacional-contra-el-gatillo-facil\/\" \/>\n<meta property=\"og:site_name\" content=\"LA PATRIA FUTBOLERA\" \/>\n<meta property=\"article:published_time\" content=\"2022-09-10T22:10:08+00:00\" \/>\n<meta property=\"article:modified_time\" content=\"2022-09-10T22:10:48+00:00\" \/>\n<meta property=\"og:image\" content=\"https:\/\/lapatriafutbolera.com.ar\/wp-content\/uploads\/2022\/09\/ddhh3.jpg\" \/>\n\t<meta property=\"og:image:width\" content=\"1080\" \/>\n\t<meta property=\"og:image:height\" content=\"848\" \/>\n\t<meta property=\"og:image:type\" content=\"image\/jpeg\" \/>\n<meta name=\"author\" content=\"Mart\u00edn Ripari\" \/>\n<meta name=\"twitter:card\" content=\"summary_large_image\" \/>\n<meta name=\"twitter:label1\" content=\"Escrito por\" \/>\n\t<meta name=\"twitter:data1\" content=\"Mart\u00edn Ripari\" \/>\n\t<meta name=\"twitter:label2\" content=\"Tiempo de lectura\" \/>\n\t<meta name=\"twitter:data2\" content=\"2 minutos\" \/>\n<script type=\"application\/ld+json\" class=\"yoast-schema-graph\">{\"@context\":\"https:\/\/schema.org\",\"@graph\":[{\"@type\":\"Article\",\"@id\":\"https:\/\/lapatriafutbolera.com.ar\/index.php\/2022\/09\/10\/marcha-nacional-contra-el-gatillo-facil\/#article\",\"isPartOf\":{\"@id\":\"https:\/\/lapatriafutbolera.com.ar\/index.php\/2022\/09\/10\/marcha-nacional-contra-el-gatillo-facil\/\"},\"author\":{\"name\":\"Mart\u00edn Ripari\",\"@id\":\"https:\/\/lapatriafutbolera.com.ar\/#\/schema\/person\/dc3d1ee3d5b1b3798150a5bbc781935d\"},\"headline\":\"MARCHA NACIONAL CONTRA EL GATILLO FACIL\",\"datePublished\":\"2022-09-10T22:10:08+00:00\",\"dateModified\":\"2022-09-10T22:10:48+00:00\",\"mainEntityOfPage\":{\"@id\":\"https:\/\/lapatriafutbolera.com.ar\/index.php\/2022\/09\/10\/marcha-nacional-contra-el-gatillo-facil\/\"},\"wordCount\":374,\"commentCount\":0,\"publisher\":{\"@id\":\"https:\/\/lapatriafutbolera.com.ar\/#organization\"},\"articleSection\":[\"Derechos Humanos\"],\"inLanguage\":\"es-AR\",\"potentialAction\":[{\"@type\":\"CommentAction\",\"name\":\"Comment\",\"target\":[\"https:\/\/lapatriafutbolera.com.ar\/index.php\/2022\/09\/10\/marcha-nacional-contra-el-gatillo-facil\/#respond\"]}]},{\"@type\":\"WebPage\",\"@id\":\"https:\/\/lapatriafutbolera.com.ar\/index.php\/2022\/09\/10\/marcha-nacional-contra-el-gatillo-facil\/\",\"url\":\"https:\/\/lapatriafutbolera.com.ar\/index.php\/2022\/09\/10\/marcha-nacional-contra-el-gatillo-facil\/\",\"name\":\"MARCHA NACIONAL CONTRA EL GATILLO FACIL - LA PATRIA FUTBOLERA\",\"isPartOf\":{\"@id\":\"https:\/\/lapatriafutbolera.com.ar\/#website\"},\"datePublished\":\"2022-09-10T22:10:08+00:00\",\"dateModified\":\"2022-09-10T22:10:48+00:00\",\"breadcrumb\":{\"@id\":\"https:\/\/lapatriafutbolera.com.ar\/index.php\/2022\/09\/10\/marcha-nacional-contra-el-gatillo-facil\/#breadcrumb\"},\"inLanguage\":\"es-AR\",\"potentialAction\":[{\"@type\":\"ReadAction\",\"target\":[\"https:\/\/lapatriafutbolera.com.ar\/index.php\/2022\/09\/10\/marcha-nacional-contra-el-gatillo-facil\/\"]}]},{\"@type\":\"BreadcrumbList\",\"@id\":\"https:\/\/lapatriafutbolera.com.ar\/index.php\/2022\/09\/10\/marcha-nacional-contra-el-gatillo-facil\/#breadcrumb\",\"itemListElement\":[{\"@type\":\"ListItem\",\"position\":1,\"name\":\"Inicio\",\"item\":\"https:\/\/lapatriafutbolera.com.ar\/\"},{\"@type\":\"ListItem\",\"position\":2,\"name\":\"MARCHA NACIONAL CONTRA EL GATILLO FACIL\"}]},{\"@type\":\"WebSite\",\"@id\":\"https:\/\/lapatriafutbolera.com.ar\/#website\",\"url\":\"https:\/\/lapatriafutbolera.com.ar\/\",\"name\":\"LA PATRIA FUTBOLERA\",\"description\":\"\",\"publisher\":{\"@id\":\"https:\/\/lapatriafutbolera.com.ar\/#organization\"},\"potentialAction\":[{\"@type\":\"SearchAction\",\"target\":{\"@type\":\"EntryPoint\",\"urlTemplate\":\"https:\/\/lapatriafutbolera.com.ar\/?s={search_term_string}\"},\"query-input\":\"required name=search_term_string\"}],\"inLanguage\":\"es-AR\"},{\"@type\":\"Organization\",\"@id\":\"https:\/\/lapatriafutbolera.com.ar\/#organization\",\"name\":\"LA PATRIA FUTBOLERA\",\"url\":\"https:\/\/lapatriafutbolera.com.ar\/\",\"sameAs\":[],\"logo\":{\"@type\":\"ImageObject\",\"inLanguage\":\"es-AR\",\"@id\":\"https:\/\/lapatriafutbolera.com.ar\/#\/schema\/logo\/image\/\",\"url\":\"https:\/\/lapatriafutbolera.com.ar\/wp-content\/uploads\/2025\/03\/cropped-LA-PATRIA-14.jpg\",\"contentUrl\":\"https:\/\/lapatriafutbolera.com.ar\/wp-content\/uploads\/2025\/03\/cropped-LA-PATRIA-14.jpg\",\"width\":1308,\"height\":221,\"caption\":\"LA PATRIA FUTBOLERA\"},\"image\":{\"@id\":\"https:\/\/lapatriafutbolera.com.ar\/#\/schema\/logo\/image\/\"}},{\"@type\":\"Person\",\"@id\":\"https:\/\/lapatriafutbolera.com.ar\/#\/schema\/person\/dc3d1ee3d5b1b3798150a5bbc781935d\",\"name\":\"Mart\u00edn Ripari\",\"image\":{\"@type\":\"ImageObject\",\"inLanguage\":\"es-AR\",\"@id\":\"https:\/\/lapatriafutbolera.com.ar\/#\/schema\/person\/image\/\",\"url\":\"https:\/\/secure.gravatar.com\/avatar\/0db7df26707fd8adc2b24ae87259322b0aea8d9eaf092366b1d208b0b180ee7e?s=96&d=mm&r=g\",\"contentUrl\":\"https:\/\/secure.gravatar.com\/avatar\/0db7df26707fd8adc2b24ae87259322b0aea8d9eaf092366b1d208b0b180ee7e?s=96&d=mm&r=g\",\"caption\":\"Mart\u00edn Ripari\"},\"url\":\"https:\/\/lapatriafutbolera.com.ar\/index.php\/author\/martin-ripari\/\"}]}<\/script>\n<!-- \/ Yoast SEO plugin. -->","yoast_head_json":{"title":"MARCHA NACIONAL CONTRA EL GATILLO FACIL - LA PATRIA FUTBOLERA","robots":{"index":"index","follow":"follow","max-snippet":"max-snippet:-1","max-image-preview":"max-image-preview:large","max-video-preview":"max-video-preview:-1"},"canonical":"https:\/\/lapatriafutbolera.com.ar\/index.php\/2022\/09\/10\/marcha-nacional-contra-el-gatillo-facil\/","og_locale":"es_ES","og_type":"article","og_title":"MARCHA NACIONAL CONTRA EL GATILLO FACIL - LA PATRIA FUTBOLERA","og_description":"Se dijo alguna vez, y en este d\u00eda de lucha por las vidas que nos...","og_url":"https:\/\/lapatriafutbolera.com.ar\/index.php\/2022\/09\/10\/marcha-nacional-contra-el-gatillo-facil\/","og_site_name":"LA PATRIA FUTBOLERA","article_published_time":"2022-09-10T22:10:08+00:00","article_modified_time":"2022-09-10T22:10:48+00:00","og_image":[{"width":1080,"height":848,"url":"https:\/\/lapatriafutbolera.com.ar\/wp-content\/uploads\/2022\/09\/ddhh3.jpg","type":"image\/jpeg"}],"author":"Mart\u00edn Ripari","twitter_card":"summary_large_image","twitter_misc":{"Escrito por":"Mart\u00edn Ripari","Tiempo de lectura":"2 minutos"},"schema":{"@context":"https:\/\/schema.org","@graph":[{"@type":"Article","@id":"https:\/\/lapatriafutbolera.com.ar\/index.php\/2022\/09\/10\/marcha-nacional-contra-el-gatillo-facil\/#article","isPartOf":{"@id":"https:\/\/lapatriafutbolera.com.ar\/index.php\/2022\/09\/10\/marcha-nacional-contra-el-gatillo-facil\/"},"author":{"name":"Mart\u00edn Ripari","@id":"https:\/\/lapatriafutbolera.com.ar\/#\/schema\/person\/dc3d1ee3d5b1b3798150a5bbc781935d"},"headline":"MARCHA NACIONAL CONTRA EL GATILLO FACIL","datePublished":"2022-09-10T22:10:08+00:00","dateModified":"2022-09-10T22:10:48+00:00","mainEntityOfPage":{"@id":"https:\/\/lapatriafutbolera.com.ar\/index.php\/2022\/09\/10\/marcha-nacional-contra-el-gatillo-facil\/"},"wordCount":374,"commentCount":0,"publisher":{"@id":"https:\/\/lapatriafutbolera.com.ar\/#organization"},"articleSection":["Derechos Humanos"],"inLanguage":"es-AR","potentialAction":[{"@type":"CommentAction","name":"Comment","target":["https:\/\/lapatriafutbolera.com.ar\/index.php\/2022\/09\/10\/marcha-nacional-contra-el-gatillo-facil\/#respond"]}]},{"@type":"WebPage","@id":"https:\/\/lapatriafutbolera.com.ar\/index.php\/2022\/09\/10\/marcha-nacional-contra-el-gatillo-facil\/","url":"https:\/\/lapatriafutbolera.com.ar\/index.php\/2022\/09\/10\/marcha-nacional-contra-el-gatillo-facil\/","name":"MARCHA NACIONAL CONTRA EL GATILLO FACIL - LA PATRIA FUTBOLERA","isPartOf":{"@id":"https:\/\/lapatriafutbolera.com.ar\/#website"},"datePublished":"2022-09-10T22:10:08+00:00","dateModified":"2022-09-10T22:10:48+00:00","breadcrumb":{"@id":"https:\/\/lapatriafutbolera.com.ar\/index.php\/2022\/09\/10\/marcha-nacional-contra-el-gatillo-facil\/#breadcrumb"},"inLanguage":"es-AR","potentialAction":[{"@type":"ReadAction","target":["https:\/\/lapatriafutbolera.com.ar\/index.php\/2022\/09\/10\/marcha-nacional-contra-el-gatillo-facil\/"]}]},{"@type":"BreadcrumbList","@id":"https:\/\/lapatriafutbolera.com.ar\/index.php\/2022\/09\/10\/marcha-nacional-contra-el-gatillo-facil\/#breadcrumb","itemListElement":[{"@type":"ListItem","position":1,"name":"Inicio","item":"https:\/\/lapatriafutbolera.com.ar\/"},{"@type":"ListItem","position":2,"name":"MARCHA NACIONAL CONTRA EL GATILLO FACIL"}]},{"@type":"WebSite","@id":"https:\/\/lapatriafutbolera.com.ar\/#website","url":"https:\/\/lapatriafutbolera.com.ar\/","name":"LA PATRIA FUTBOLERA","description":"","publisher":{"@id":"https:\/\/lapatriafutbolera.com.ar\/#organization"},"potentialAction":[{"@type":"SearchAction","target":{"@type":"EntryPoint","urlTemplate":"https:\/\/lapatriafutbolera.com.ar\/?s={search_term_string}"},"query-input":"required name=search_term_string"}],"inLanguage":"es-AR"},{"@type":"Organization","@id":"https:\/\/lapatriafutbolera.com.ar\/#organization","name":"LA PATRIA FUTBOLERA","url":"https:\/\/lapatriafutbolera.com.ar\/","sameAs":[],"logo":{"@type":"ImageObject","inLanguage":"es-AR","@id":"https:\/\/lapatriafutbolera.com.ar\/#\/schema\/logo\/image\/","url":"https:\/\/lapatriafutbolera.com.ar\/wp-content\/uploads\/2025\/03\/cropped-LA-PATRIA-14.jpg","contentUrl":"https:\/\/lapatriafutbolera.com.ar\/wp-content\/uploads\/2025\/03\/cropped-LA-PATRIA-14.jpg","width":1308,"height":221,"caption":"LA PATRIA FUTBOLERA"},"image":{"@id":"https:\/\/lapatriafutbolera.com.ar\/#\/schema\/logo\/image\/"}},{"@type":"Person","@id":"https:\/\/lapatriafutbolera.com.ar\/#\/schema\/person\/dc3d1ee3d5b1b3798150a5bbc781935d","name":"Mart\u00edn Ripari","image":{"@type":"ImageObject","inLanguage":"es-AR","@id":"https:\/\/lapatriafutbolera.com.ar\/#\/schema\/person\/image\/","url":"https:\/\/secure.gravatar.com\/avatar\/0db7df26707fd8adc2b24ae87259322b0aea8d9eaf092366b1d208b0b180ee7e?s=96&d=mm&r=g","contentUrl":"https:\/\/secure.gravatar.com\/avatar\/0db7df26707fd8adc2b24ae87259322b0aea8d9eaf092366b1d208b0b180ee7e?s=96&d=mm&r=g","caption":"Mart\u00edn Ripari"},"url":"https:\/\/lapatriafutbolera.com.ar\/index.php\/author\/martin-ripari\/"}]}},"_links":{"self":[{"href":"https:\/\/lapatriafutbolera.com.ar\/index.php\/wp-json\/wp\/v2\/posts\/399","targetHints":{"allow":["GET"]}}],"collection":[{"href":"https:\/\/lapatriafutbolera.com.ar\/index.php\/wp-json\/wp\/v2\/posts"}],"about":[{"href":"https:\/\/lapatriafutbolera.com.ar\/index.php\/wp-json\/wp\/v2\/types\/post"}],"author":[{"embeddable":true,"href":"https:\/\/lapatriafutbolera.com.ar\/index.php\/wp-json\/wp\/v2\/users\/3"}],"replies":[{"embeddable":true,"href":"https:\/\/lapatriafutbolera.com.ar\/index.php\/wp-json\/wp\/v2\/comments?post=399"}],"version-history":[{"count":2,"href":"https:\/\/lapatriafutbolera.com.ar\/index.php\/wp-json\/wp\/v2\/posts\/399\/revisions"}],"predecessor-version":[{"id":404,"href":"https:\/\/lapatriafutbolera.com.ar\/index.php\/wp-json\/wp\/v2\/posts\/399\/revisions\/404"}],"wp:featuredmedia":[{"embeddable":true,"href":"https:\/\/lapatriafutbolera.com.ar\/index.php\/wp-json\/wp\/v2\/media\/400"}],"wp:attachment":[{"href":"https:\/\/lapatriafutbolera.com.ar\/index.php\/wp-json\/wp\/v2\/media?parent=399"}],"wp:term":[{"taxonomy":"category","embeddable":true,"href":"https:\/\/lapatriafutbolera.com.ar\/index.php\/wp-json\/wp\/v2\/categories?post=399"},{"taxonomy":"post_tag","embeddable":true,"href":"https:\/\/lapatriafutbolera.com.ar\/index.php\/wp-json\/wp\/v2\/tags?post=399"}],"curies":[{"name":"wp","href":"https:\/\/api.w.org\/{rel}","templated":true}]}}