{"id":405,"date":"2022-09-10T19:29:21","date_gmt":"2022-09-10T22:29:21","guid":{"rendered":"https:\/\/lapatriafutbolera.com.ar\/?p=405"},"modified":"2022-09-10T19:29:22","modified_gmt":"2022-09-10T22:29:22","slug":"la-historia-del-milagro-aleman","status":"publish","type":"post","link":"https:\/\/lapatriafutbolera.com.ar\/index.php\/2022\/09\/10\/la-historia-del-milagro-aleman\/","title":{"rendered":"La historia del Milagro Alem\u00e1n"},"content":{"rendered":"\n<p>La\u00a0<strong>Copa Mundial de la FIFA Suiza 1954<\/strong>\u00a0fue la quinta edici\u00f3n de la\u00a0<a href=\"https:\/\/es.wikipedia.org\/wiki\/Copa_Mundial_de_F%C3%BAtbol\">Copa Mundial de F\u00fatbol<\/a>, realizada en\u00a0<a href=\"https:\/\/es.wikipedia.org\/wiki\/Suiza\">Suiza<\/a>, entre el 16 de junio y el 4 de julio de 1954. As\u00ed, la Copa Mundial regres\u00f3 a\u00a0<a href=\"https:\/\/es.wikipedia.org\/wiki\/Europa\">Europa<\/a>, donde Suiza fue elegida sede por ser la \u00fanica naci\u00f3n con la infraestructura requerida para el evento.<\/p>\n\n\n\n<p>El mundial cont\u00f3 con la participaci\u00f3n de 16 selecciones nacionales, las cuales fueron divididas en 4 grupos de 4. Tambi\u00e9n marca el inicio del estrecho v\u00ednculo con la televisi\u00f3n, al ser el primer evento en ser transmitido a por lo menos 8 pa\u00edses de Europa. El partido por la gran final se disput\u00f3 entre\u00a0<a href=\"https:\/\/es.wikipedia.org\/wiki\/Selecci%C3%B3n_de_f%C3%BAtbol_de_Hungr%C3%ADa\">Hungr\u00eda<\/a>\u00a0y\u00a0<a href=\"https:\/\/es.wikipedia.org\/wiki\/Selecci%C3%B3n_de_f%C3%BAtbol_de_Alemania_Federal\">Alemania Federal<\/a>. En el llamado\u00a0<a href=\"https:\/\/es.wikipedia.org\/wiki\/Milagro_de_Berna\"><em>Milagro de Berna<\/em><\/a>, los alemanes derrotaron a los favoritos h\u00fangaros por 3:2 y se coronaron campeones por primera vez de la Copa Mundial. El bal\u00f3n oficial fue\u00a0<a href=\"https:\/\/es.wikipedia.org\/wiki\/Swiss_World_Champion\">Swiss World Champion<\/a>, fabricado por una compa\u00f1\u00eda local.<\/p>\n\n\n\n<p>Los devastadores efectos de la&nbsp;<a href=\"https:\/\/es.wikipedia.org\/wiki\/Segunda_Guerra_Mundial\">Segunda Guerra Mundial<\/a>&nbsp;a\u00fan se percib\u00edan en el mundo del f\u00fatbol. Originalmente, Suiza hab\u00eda sido elegida como sede para el&nbsp;<a href=\"https:\/\/es.wikipedia.org\/wiki\/Copa_Mundial_de_F%C3%BAtbol_de_1950\">torneo<\/a>&nbsp;a realizarse en 1949, el cual fue posteriormente modificado para ser celebrado en&nbsp;<a href=\"https:\/\/es.wikipedia.org\/wiki\/Brasil\">Brasil<\/a>&nbsp;en 1950. Suiza, a pesar de no haber sido da\u00f1ado por la guerra (se mantuvo neutral) y de tener una pujante econom\u00eda, no ten\u00eda los estadios necesarios como para organizar un evento en 1949 por lo que fue designada para celebrar el torneo de 1954, el que contaba adem\u00e1s con el a\u00f1adido de ser la celebraci\u00f3n de los cincuenta a\u00f1os de la&nbsp;<a href=\"https:\/\/es.wikipedia.org\/wiki\/FIFA\">FIFA<\/a>, cuyas oficinas centrales est\u00e1n en&nbsp;<a href=\"https:\/\/es.wikipedia.org\/wiki\/Z%C3%BArich\">Z\u00farich<\/a>, una de las principales ciudades del pa\u00eds alpino.<\/p>\n\n\n\n<p><a href=\"https:\/\/es.wikipedia.org\/wiki\/Selecci%C3%B3n_de_f%C3%BAtbol_de_Alemania_Federal\">Alemania<\/a>\u00a0pudo volver a competir en la Copa Mundial tras la prohibici\u00f3n en Brasil 1950. Sin embargo, debido a los cambios pol\u00edticos que sufri\u00f3 el pa\u00eds se presentaron dos selecciones del antiguo territorio:\u00a0<a href=\"https:\/\/es.wikipedia.org\/wiki\/Selecci%C3%B3n_de_f%C3%BAtbol_de_Alemania_Federal\">Alemania Occidental<\/a>, sucesor de la antigua selecci\u00f3n germana, y el peque\u00f1o protectorado semi-independiente del\u00a0<a href=\"https:\/\/es.wikipedia.org\/wiki\/Selecci%C3%B3n_de_f%C3%BAtbol_de_Sarre\">Sarre<\/a>, el que sobrevivir\u00eda un par de a\u00f1os y solo participar\u00eda en este torneo.\u00a0<a href=\"https:\/\/es.wikipedia.org\/wiki\/Selecci%C3%B3n_de_f%C3%BAtbol_de_Alemania_Democr%C3%A1tica\">Alemania Democr\u00e1tica<\/a>\u00a0no se presentar\u00eda a una fase clasificatoria hasta cuatro a\u00f1os m\u00e1s tarde. Por primera vez tambi\u00e9n se realiz\u00f3 una efectiva eliminatoria en\u00a0<a href=\"https:\/\/es.wikipedia.org\/wiki\/Asia\">Asia<\/a>\u00a0(donde se clasific\u00f3\u00a0<a href=\"https:\/\/es.wikipedia.org\/wiki\/Selecci%C3%B3n_de_f%C3%BAtbol_de_Corea_del_Sur\">Corea del Sur<\/a>) y en\u00a0<a href=\"https:\/\/es.wikipedia.org\/wiki\/Sudam%C3%A9rica\">Sudam\u00e9rica<\/a>, ya que en los torneos anteriores, los equipos de dicho subcontinente se hab\u00edan clasificado gracias a invitaciones o retiradas de sus adversarios.<a href=\"#cite_note-1\">1<\/a><\/p>\n\n\n\n<p><\/p>\n\n\n\n<figure class=\"wp-block-table\"><table><tbody><tr><td><strong>Equipos participantes<\/strong><strong><\/strong><\/td><\/tr><tr><td><em><a href=\"https:\/\/commons.wikimedia.org\/wiki\/File:Flag_of_Germany.svg\"><\/a><\/em><em>&nbsp;<\/em><em><a href=\"https:\/\/es.wikipedia.org\/wiki\/Selecci%C3%B3n_de_f%C3%BAtbol_de_Alemania_Federal\">Alemania Federal<\/a><\/em>&nbsp;<sup><a href=\"#1\">1<\/a><\/sup><\/td><td><a href=\"https:\/\/commons.wikimedia.org\/wiki\/File:Flag_of_the_Czech_Republic.svg\"><\/a>&nbsp;<a href=\"https:\/\/es.wikipedia.org\/wiki\/Selecci%C3%B3n_de_f%C3%BAtbol_de_Checoslovaquia\">Checoslovaquia<\/a><\/td><td><a href=\"https:\/\/commons.wikimedia.org\/wiki\/File:Flag_of_Hungary_(1949-1956).svg\"><\/a>&nbsp;<a href=\"https:\/\/es.wikipedia.org\/wiki\/Selecci%C3%B3n_de_f%C3%BAtbol_de_Hungr%C3%ADa\">Hungr\u00eda<\/a><\/td><td><a href=\"https:\/\/commons.wikimedia.org\/wiki\/File:Flag_of_Switzerland_(Pantone).svg\"><\/a>&nbsp;<a href=\"https:\/\/es.wikipedia.org\/wiki\/Selecci%C3%B3n_de_f%C3%BAtbol_de_Suiza\">Suiza<\/a><\/td><\/tr><tr><td><a href=\"https:\/\/commons.wikimedia.org\/wiki\/File:Flag_of_Austria.svg\"><\/a>&nbsp;<a href=\"https:\/\/es.wikipedia.org\/wiki\/Selecci%C3%B3n_de_f%C3%BAtbol_de_Austria\">Austria<\/a><\/td><td><em><a href=\"https:\/\/commons.wikimedia.org\/wiki\/File:Flag_of_South_Korea_(1949%E2%80%931984).svg\"><\/a><\/em><em>&nbsp;<\/em><em><a href=\"https:\/\/es.wikipedia.org\/wiki\/Selecci%C3%B3n_de_f%C3%BAtbol_de_Corea_del_Sur\">Corea del Sur<\/a><\/em><\/td><td><a href=\"https:\/\/commons.wikimedia.org\/wiki\/File:Flag_of_England.svg\"><\/a>&nbsp;<a href=\"https:\/\/es.wikipedia.org\/wiki\/Selecci%C3%B3n_de_f%C3%BAtbol_de_Inglaterra\">Inglaterra<\/a><\/td><td><em><a href=\"https:\/\/commons.wikimedia.org\/wiki\/File:Flag_of_Turkey.svg\"><\/a><\/em><em>&nbsp;<\/em><em><a href=\"https:\/\/es.wikipedia.org\/wiki\/Selecci%C3%B3n_de_f%C3%BAtbol_de_Turqu%C3%ADa\">Turqu\u00eda<\/a><\/em><\/td><\/tr><tr><td><a href=\"https:\/\/commons.wikimedia.org\/wiki\/File:Flag_of_Belgium_(civil).svg\"><\/a>&nbsp;<a href=\"https:\/\/es.wikipedia.org\/wiki\/Selecci%C3%B3n_de_f%C3%BAtbol_de_B%C3%A9lgica\">B\u00e9lgica<\/a><\/td><td><em><a href=\"https:\/\/commons.wikimedia.org\/wiki\/File:Flag_of_Scotland.svg\"><\/a><\/em><em>&nbsp;<\/em><em><a href=\"https:\/\/es.wikipedia.org\/wiki\/Selecci%C3%B3n_de_f%C3%BAtbol_de_Escocia\">Escocia<\/a><\/em><\/td><td><a href=\"https:\/\/commons.wikimedia.org\/wiki\/File:Flag_of_Italy_(1946%E2%80%932003).svg\"><\/a>&nbsp;<a href=\"https:\/\/es.wikipedia.org\/wiki\/Selecci%C3%B3n_de_f%C3%BAtbol_de_Italia\">Italia<\/a><\/td><td><a href=\"https:\/\/commons.wikimedia.org\/wiki\/File:Flag_of_Uruguay.svg\"><\/a>&nbsp;<a href=\"https:\/\/es.wikipedia.org\/wiki\/Selecci%C3%B3n_de_f%C3%BAtbol_del_Uruguay\">Uruguay<\/a><\/td><\/tr><tr><td><a href=\"https:\/\/commons.wikimedia.org\/wiki\/File:Flag_of_Brazil_(1889%E2%80%931960).svg\"><\/a>&nbsp;<a href=\"https:\/\/es.wikipedia.org\/wiki\/Selecci%C3%B3n_de_f%C3%BAtbol_de_Brasil\">Brasil<\/a><\/td><td><a href=\"https:\/\/commons.wikimedia.org\/wiki\/File:Flag_of_France_(1794%E2%80%931815,_1830%E2%80%931974,_2020%E2%80%93present).svg\"><\/a>&nbsp;<a href=\"https:\/\/es.wikipedia.org\/wiki\/Selecci%C3%B3n_de_f%C3%BAtbol_de_Francia\">Francia<\/a><\/td><td><a href=\"https:\/\/commons.wikimedia.org\/wiki\/File:Bandera_de_M%C3%A9xico_(1934-1968).png\"><\/a>&nbsp;<a href=\"https:\/\/es.wikipedia.org\/wiki\/Selecci%C3%B3n_de_f%C3%BAtbol_de_M%C3%A9xico\">M\u00e9xico<\/a><\/td><td><a href=\"https:\/\/commons.wikimedia.org\/wiki\/File:Flag_of_Yugoslavia_(1946-1992).svg\"><\/a>&nbsp;<a href=\"https:\/\/es.wikipedia.org\/wiki\/Selecci%C3%B3n_de_f%C3%BAtbol_de_Yugoslavia\">Yugoslavia<\/a><\/td><\/tr><\/tbody><\/table><\/figure>\n\n\n\n<h2 class=\"wp-block-heading\">Primera fase<\/h2>\n\n\n\n<p>En el campeonato de 1954 se us\u00f3 un formato \u00fanico. Los diecis\u00e9is equipos clasificados se dividieron en cuatro grupos de cuatro equipos cada uno. En cada grupo se designaron \u00aba dedo\u00bb dos cabezas de serie, que fueron Brasil, Uruguay, Hungr\u00eda, Inglaterra, Italia, Austria, Francia y Turqu\u00eda (curiosamente, la selecci\u00f3n anfitriona no fue cabeza de serie). Solo se programaron cuatro partidos para cada grupo, enfrentando a un cabeza de serie contra un equipo que no lo era. De esta forma, los cabeza de serie no se enfrentaron entre s\u00ed, ni tampoco los equipos que no eran cabeza de serie.<a href=\"#cite_note-3\">3<\/a>\u200b<\/p>\n\n\n\n<p>Otra singularidad fue que se jug\u00f3 tiempo extra, que en la mayor\u00eda de los torneos no se emplea en la fase de grupos, si hab\u00eda empate despu\u00e9s de 90 minutos, y el resultado final del partido ser\u00eda empate si este persist\u00eda despu\u00e9s de los 120 minutos.<\/p>\n\n\n\n<p>Cada victoria punt\u00faa con dos puntos y cada empate con uno. Los dos equipos con m\u00e1s puntos pasaron a la siguiente fase; en caso de empate a puntos no se ten\u00eda en cuenta la diferencia de goles, sino que se disputaba un partido de desempate. Si los dos primeros equipos, el primero y el segundo de cada grupo empataban a puntos, se hac\u00eda un sorteo para ver qui\u00e9n era el ganador del grupo, mientras que para el segundo y tercero de cada grupo, se disputaba un partido de desempate.<\/p>\n\n\n\n<p>El sistema propici\u00f3 que Yugoslavia y Brasil dejaran de atacarse para empatar y dejar fuera a Francia.<\/p>\n\n\n\n<h3 class=\"wp-block-heading\"><strong>Grupo 1<\/strong><strong><\/strong><\/h3>\n\n\n\n<figure class=\"wp-block-table\"><table><tbody><tr><td><strong>Equipo<\/strong><strong><\/strong><\/td><td><strong>Pts<\/strong><strong><\/strong><\/td><td><strong>PJ<\/strong><strong><\/strong><\/td><td><strong>PG<\/strong><strong><\/strong><\/td><td><strong>PE<\/strong><strong><\/strong><\/td><td><strong>PP<\/strong><strong><\/strong><\/td><td><strong>GF<\/strong><strong><\/strong><\/td><td><strong>GC<\/strong><strong><\/strong><\/td><td><strong>Dif<\/strong><strong><\/strong><\/td><\/tr><tr><td><strong><a href=\"https:\/\/commons.wikimedia.org\/wiki\/File:Flag_of_Brazil_(1889%E2%80%931960).svg\"><\/a><\/strong><strong>&nbsp;<\/strong><strong><a href=\"https:\/\/es.wikipedia.org\/wiki\/Selecci%C3%B3n_de_f%C3%BAtbol_de_Brasil\">Brasil<\/a><\/strong><\/td><td><strong>3<\/strong><\/td><td>2<\/td><td>1<\/td><td>1<\/td><td>0<\/td><td>6<\/td><td>1<\/td><td>5<\/td><\/tr><tr><td><strong><a href=\"https:\/\/commons.wikimedia.org\/wiki\/File:Flag_of_Yugoslavia_(1946-1992).svg\"><\/a><\/strong><strong>&nbsp;<\/strong><strong><a href=\"https:\/\/es.wikipedia.org\/wiki\/Selecci%C3%B3n_de_f%C3%BAtbol_de_Yugoslavia\">Yugoslavia<\/a><\/strong><\/td><td><strong>3<\/strong><\/td><td>2<\/td><td>1<\/td><td>1<\/td><td>0<\/td><td>2<\/td><td>1<\/td><td>1<\/td><\/tr><tr><td><a href=\"https:\/\/commons.wikimedia.org\/wiki\/File:Flag_of_France_(1794%E2%80%931815,_1830%E2%80%931974,_2020%E2%80%93present).svg\"><\/a>&nbsp;<a href=\"https:\/\/es.wikipedia.org\/wiki\/Selecci%C3%B3n_de_f%C3%BAtbol_de_Francia\">Francia<\/a><\/td><td><strong>2<\/strong><\/td><td>2<\/td><td>1<\/td><td>0<\/td><td>1<\/td><td>3<\/td><td>3<\/td><td>0<\/td><\/tr><tr><td><a href=\"https:\/\/commons.wikimedia.org\/wiki\/File:Bandera_de_M%C3%A9xico_(1934-1968).png\"><\/a>&nbsp;<a href=\"https:\/\/es.wikipedia.org\/wiki\/Selecci%C3%B3n_de_f%C3%BAtbol_de_M%C3%A9xico\">M\u00e9xico<\/a><\/td><td><strong>0<\/strong><\/td><td>2<\/td><td>0<\/td><td>0<\/td><td>2<\/td><td>2<\/td><td>8<\/td><td>-6<\/td><\/tr><\/tbody><\/table><\/figure>\n\n\n\n<h3 class=\"wp-block-heading\"><strong>SINSTESIS DE LOS PARTIDOS<\/strong><strong><\/strong><\/h3>\n\n\n\n<p><strong>16\/06\/1954<\/strong><strong><\/strong><\/p>\n\n\n\n<p><strong>YUGOSLAVIA 1 <\/strong>(PT 15\u2019, Milutinovic)<\/p>\n\n\n\n<p><strong>FRANCIA 0<\/strong><strong><\/strong><\/p>\n\n\n\n<p>YUGOSLAVIA: 1.Vladimir Beara; 2. Branko Stankovic,3. Tomislav Crnkovic; 4. Zlatko Cajkovski, 5. Ivan Horvat, 6. Vujadin Boskov; 18. Milos Milutinovic, 8. Rajko Mitic, 9. Bernard Vukas, 10. Stejpan Bobek (C), 11. Branko Zebec. DT: Aleksandar Timanic.<\/p>\n\n\n\n<p>FRANCIA: 1. Francois Remetter; 4. Lazare Gianessi, 6. Raymond Kaelbel; 14. Armand Penverne, 10. Robert Jonquet (C), 12. Jean-Jaques Marcel; 18. Raymond Kopa, 17. Leon Glovacki, 21. Andre Strappe, 16. Rene Dereuddre, 22. JeanVincent. DT: Pierre Pibarot.<\/p>\n\n\n\n<p>Arbitro: Merwyn Griffiths (Gales)<\/p>\n\n\n\n<p>Estadio: Olympique de la Pontaise (Lausanna)<\/p>\n\n\n\n<p>Publico: 16.000<\/p>\n\n\n\n<p><strong>16\/06\/1954<\/strong><strong><\/strong><\/p>\n\n\n\n<p><strong>BRASIL 5 <\/strong>(PT 23\u2019, Baltazar; 30\u2019, Didi; PT 34\u2019 y ST 24\u2019, Pinga; PT 43\u2019, Julinho)<\/p>\n\n\n\n<p><strong>MEXICO 0<\/strong><strong><\/strong><\/p>\n\n\n\n<p>BRASIL: 1. Castilho; 2. Djalma Santos,3. &nbsp;Nilton Santos; 4. Brandaozinho, 5. Pinheiro, 6. Bauer (C); 7. Julinho, 8. Didi, 9. Baltazar, 10. Pinga, 11. Francisco Rodrigues. DT: Zeze Moreira.<\/p>\n\n\n\n<p>MEXICO: 12. Salvador Mota; 2. Narciso Lopez,14. Juan &nbsp;Gomez; 5. Raul Cardenas, 3. Jorge Romo, 6. Rafael Avalos; 7. Alfredo Torres, 8. Jose Naranjo (C), 9. Jose Lamadrid, 10. Tomas Balcazar, 11. Raul Arellano. DT: Ignacio Trellez.<\/p>\n\n\n\n<p>Arbitro: Paul Wyssling (Suecia)<\/p>\n\n\n\n<p>Estadio: Stade des Charmilles (Ginebra)<\/p>\n\n\n\n<p>Publico: 12.500<\/p>\n\n\n\n<p><strong>19\/06\/1954<\/strong><strong><\/strong><\/p>\n\n\n\n<p><strong>FRANCIA 3 <\/strong>(PT 19\u2019, Vincent. ST 1\u2019, Cardenas, en contra; ST 43\u2019, Kopa, de penal)<\/p>\n\n\n\n<p><strong>MEXICO 2 <\/strong>(ST 9, Lamadrid; 40\u2019, Balcarzar)<\/p>\n\n\n\n<p><strong>FRANCIA:<\/strong>&nbsp;1. Francois Remetter; 4. Lazare Gianessi, 6. Raymond Kaelbel; 7.Roger Marche (C), 10. Robert Jonquet, 12. Jean-Jaques Marcel; 18. Raymond Kopa, 15. Abdelaziz Ben-Tifour, 21. Andre Strappe, 16. Rene Dereuddre, 22. Jean Vincent. DT: Pierre Pibarot.<\/p>\n\n\n\n<p><strong>MEXICO:<\/strong>&nbsp;1. Antonio Carbajal; 2. Narciso Lopez,4. Saturnino Martinez; 5. Raul Cardenas, 3. Jorge Romo, 6. Rafael Avalos; 7. Alfredo Torres, 8. Jose Naranjo (C), 9. Jose Lamadrid, 10. Tomas Balcazar, 11. Raul Arellano. DT: Ignacio Trellez.<\/p>\n\n\n\n<p>Arbitro: Manuel Asensi (Espa\u00f1a)<\/p>\n\n\n\n<p>Estadio: Stade des Charmilles (Ginebra)<\/p>\n\n\n\n<p>Publico: 19.000<\/p>\n\n\n\n<p><strong>19\/06\/1954<\/strong><strong><\/strong><\/p>\n\n\n\n<p><strong>BRASIL 1 <\/strong>(ST 24\u2019, Didi)<\/p>\n\n\n\n<p><strong>YUGOSLAVIA 1 <\/strong>(PT 3\u2019, Zebec)<\/p>\n\n\n\n<p><strong>BRASIL<\/strong>: 1. Castilho; 2. Djalma Santos,3. &nbsp;Nilton Santos; 4. Brandaozinho, 5. Pinheiro, 6. Bauer (C); 7. Julinho, 8. Didi, 9. Baltazar, 10. Pinga, 11. Francisco Rodrigues. DT: Zeze Moreira.<\/p>\n\n\n\n<p><strong>YUGOSLAVIA:<\/strong>&nbsp;1.Vladimir Beara; 2. Branko Stankovic,3. Tomislav Crnkovic; 4. Zlatko Cajkovski, 5. Ivan Horvat, 6. Vujadin Boskov; 18. Milos Milutinovic, 8. Rajko Mitic (C), 9. Bernard Vukas, Dionizije Dvornic, 11. Branko Zebec. DT: Aleksandar Timanic.<\/p>\n\n\n\n<p>Arbitro: Edward Faultless (Esococia)<\/p>\n\n\n\n<p>Estadio: Olympique de la Pontaise (Lausana)<\/p>\n\n\n\n<p>Publico: 21.000<\/p>\n\n\n\n<h3 class=\"wp-block-heading\"><strong>Grupo 2<\/strong><\/h3>\n\n\n\n<figure class=\"wp-block-table\"><table><tbody><tr><td><strong>Equipo<\/strong><strong><\/strong><\/td><td><strong>Pts<\/strong><strong><\/strong><\/td><td><strong>PJ<\/strong><strong><\/strong><\/td><td><strong>PG<\/strong><strong><\/strong><\/td><td><strong>PE<\/strong><strong><\/strong><\/td><td><strong>PP<\/strong><strong><\/strong><\/td><td><strong>GF<\/strong><strong><\/strong><\/td><td><strong>GC<\/strong><strong><\/strong><\/td><td><strong>Dif<\/strong><strong><\/strong><\/td><\/tr><tr><td><strong><a href=\"https:\/\/commons.wikimedia.org\/wiki\/File:Flag_of_Hungary_(1949-1956).svg\"><\/a><\/strong><strong>&nbsp;<\/strong><strong><a href=\"https:\/\/es.wikipedia.org\/wiki\/Selecci%C3%B3n_de_f%C3%BAtbol_de_Hungr%C3%ADa\">Hungr\u00eda<\/a><\/strong><\/td><td><strong>4<\/strong><\/td><td>2<\/td><td>2<\/td><td>0<\/td><td>0<\/td><td>17<\/td><td>3<\/td><td>14<\/td><\/tr><tr><td><strong><a href=\"https:\/\/commons.wikimedia.org\/wiki\/File:Flag_of_Germany.svg\"><\/a><\/strong><strong>&nbsp;<\/strong><strong><a href=\"https:\/\/es.wikipedia.org\/wiki\/Selecci%C3%B3n_de_f%C3%BAtbol_de_Alemania_Federal\">Alemania Federal<\/a><\/strong><\/td><td><strong>2<\/strong><\/td><td>2<\/td><td>1<\/td><td>0<\/td><td>1<\/td><td>7<\/td><td>9<\/td><td>-2<\/td><\/tr><tr><td><a href=\"https:\/\/commons.wikimedia.org\/wiki\/File:Flag_of_Turkey.svg\"><\/a>&nbsp;<a href=\"https:\/\/es.wikipedia.org\/wiki\/Selecci%C3%B3n_de_f%C3%BAtbol_de_Turqu%C3%ADa\">Turqu\u00eda<\/a><\/td><td><strong>2<\/strong><\/td><td>2<\/td><td>1<\/td><td>0<\/td><td>1<\/td><td>8<\/td><td>4<\/td><td>4<\/td><\/tr><tr><td><a href=\"https:\/\/commons.wikimedia.org\/wiki\/File:Flag_of_South_Korea_(1949%E2%80%931984).svg\"><\/a>&nbsp;<a href=\"https:\/\/es.wikipedia.org\/wiki\/Selecci%C3%B3n_de_f%C3%BAtbol_de_Corea_del_Sur\">Corea del Sur<\/a><\/td><td><strong>0<\/strong><\/td><td>2<\/td><td>0<\/td><td>0<\/td><td>2<\/td><td>0<\/td><td>16<\/td><td>-16<\/td><\/tr><\/tbody><\/table><\/figure>\n\n\n\n<h3 class=\"wp-block-heading\"><strong>SINTESIS DE LOS PARTIDOS<\/strong><strong><\/strong><\/h3>\n\n\n\n<p><strong>17\/06\/1954<\/strong><strong><\/strong><\/p>\n\n\n\n<p><strong>HUNGRIA 9 <\/strong>(PT 12, ST 44\u2019, Puskas; PT 18\u2019, Lantos; PT 24\u2019 y 36\u2019; ST 5\u2019, Kocsis; ST 14\u2019, Czibor; ST 30\u2019 y 38\u2019, Palotas)<\/p>\n\n\n\n<p><strong>COREA DEL SUR 0<\/strong><strong><\/strong><\/p>\n\n\n\n<h3 class=\"wp-block-heading\"><strong>&nbsp;<\/strong><\/h3>\n\n\n\n<p><strong>HUNGRIA: <\/strong>1. Gyula<strong>&nbsp;<\/strong>Grosics; 2. Jeno Buzansky, 4. Mihail Lantos; 5. Joszef Boszick, 3. Gyula Lorant, 15. Ferenc Szojka; 16. Lazlo Budal, 8. Sandor Kocsis, 19. Peter Palotas; 10. Ferenc Puscas (C), 11. Zoltan Czibor. DT: Gustav Sebes.<\/p>\n\n\n\n<p><strong>COREAL DEL SUR<\/strong>: 1. Dong Jong Hong; 2. Kyu Chong Park, 4. Chang Gi Kang; 8. Chung Min Choi, 3.Yae Seoung, Park, 6. Byung Dae Min (C); 11. Nam Sick Chung, 16. Yung Kwan Chu, 17. Il Kap Park, 10. Nak Woon Sung, 9. Sang Kwon Woo. DT: Sik.<\/p>\n\n\n\n<p>Arbitro: Raymond Vincenti (Francia)<\/p>\n\n\n\n<p>Estadio: Hardturm (Zurich)<\/p>\n\n\n\n<p>Publico: 13.000<\/p>\n\n\n\n<p><strong>17\/06\/1954<\/strong><strong><\/strong><\/p>\n\n\n\n<p><strong>ALEMANIA FEDERAL 4<\/strong>&nbsp;(PT 14\u2019, Schaffer; ST 7\u2019, Klodt; 15\u2019, Walter; 39\u2019, Morlok).<\/p>\n\n\n\n<p><strong>TURQUIA 1 <\/strong>(PT 2\u2019m, Suat)<\/p>\n\n\n\n<p><strong>ALEMANIA FEDERAL:<\/strong>&nbsp;1. Toni Turek; 2. Fritz Laband, 3. Werner Kolhmeyer; 6. Horst Eckel, 7. Jupp Posipal, 8. Karl Mai; 14. Berni Klodt, 13. Max Morlock, 16. Fritz Walter (C), 15. Ottmar Walter, 20. Hans Schaeffer. DT: Sepp Herberger.<\/p>\n\n\n\n<p><strong>TURQUIA: <\/strong>1. Seren<strong>&nbsp;<\/strong>Turgay (C); 2. Bolati Ridvan; 3. Dirimlili Basri; 4. Mustafa Erton, Zeybek Cetin, 6. Izak Rober; 7. Erol Keskin, 8. Mamat Suat, 9. Ismail Feridun, 10. Sargun Burhan, 11.Lefter Kucukandonyadis . DT: Alessandro Puppo.<\/p>\n\n\n\n<p>Arbitro: Jose Veira Da Costa (Portugal)<\/p>\n\n\n\n<p>Estadio: Wankdorf (Berna)<\/p>\n\n\n\n<p>Publico: 28.000<\/p>\n\n\n\n<p><strong>20\/06\/1954<\/strong><strong><\/strong><\/p>\n\n\n\n<p><strong>HUNGRIA 8 <\/strong>(PT 17\u2019, Puskas; PT 3\u2019, 21\u2019, ST 22\u2019, 33\u2019, Kocsis; ST 5\u2019 y 9\u2019, Hidegkuti; ST 28\u2019, Toth)<\/p>\n\n\n\n<p><strong>ALEMANIA FEDERAL 3 <\/strong>(PT 25\u2019, Pfaff. ST 32\u2019, Rahn; 36\u2019, Hermann)<\/p>\n\n\n\n<p><strong>HUNGRIA: <\/strong>1. Gyula<strong>&nbsp;<\/strong>Grosics; 2. Jeno Buzansky, 4. Mihail Lantos; 5. Joszef Boszick, 3. Gyula Lorant, 8. Joszef Zacarias; 7. Josef Toth, &nbsp;8. Sandor Kocsis, 9. Nandor Hidegkuti; 10. Ferenc Puscas (C), 11. Zoltan Czibor. DT: Gustav Sebes.<\/p>\n\n\n\n<p><strong>ALEMANIA FEDERAL:<\/strong>&nbsp;22. Heinz Kviatkowski; 4. Hans Bauer, 3. Werner Kolhmeyer; 9. Paul Mebus, 7. Jupp Posipal, 10. Werner Liebrich; 6. Horst Eckel, 12. Helmut Rahn, 17. Richard Hermann, 16. Fritz Walter, 19. Alfred Pfaff. DT: Sepp Herberger.<\/p>\n\n\n\n<p>Arbitro: Laurent Franken (Belgica)<\/p>\n\n\n\n<p>Estadio: St. Jakob (Basilea)<\/p>\n\n\n\n<p>Publico: 56.000<\/p>\n\n\n\n<p><strong>20\/06\/1954<\/strong><strong><\/strong><\/p>\n\n\n\n<p><strong>TURQUIA 7 <\/strong>(PT 10\u2019 Y 30\u2019, Suat; PT 24\u2019, Lefter; PT 37\u2019, ST 19\u2019 y 25\u2019, Burhan; ST 31\u2019, Erol)<\/p>\n\n\n\n<p><strong>COREA DEL SUR 0<\/strong><strong><\/strong><\/p>\n\n\n\n<p><strong>TURQUIA: <\/strong>1. Seren<strong>&nbsp;<\/strong>Turgay (C); 2. Bolati Ridvan; 3. Dirimlili Basri; 4. Mustafa Erton, Zeybek Cetin, 6. Izak Rober; 7. Erol Keskin, 8. Mamat Suat, 9. Ismail Feridun, 10. Sargun Burhan, 11.Lefter Kucukandonyadis . DT: Alessandro Puppo.<\/p>\n\n\n\n<p><strong>COREAL DEL SUR<\/strong>: 1. Dong Jong Hong; 2. Kyu Chong Park, 4. Chang Gi Kang; 8. Chung Min Choi, 3.Yae Seoung, Park, 6. Byung Dae Min (C); 11. Nam Sick Chung, 16. Yung Kwan Chu, 17. Il Kap Park, 10. Nak Woon Sung, 9. Sang Kwon Woo. DT: Sik.<\/p>\n\n\n\n<p><strong>Arbitro: <\/strong>Esteban Marino (Uruguay)<\/p>\n\n\n\n<p>Estadio: des Charmilles (Ginebra)<\/p>\n\n\n\n<p>Publico: 4.000<\/p>\n\n\n\n<h4 class=\"wp-block-heading\"><strong>\u00a0Desempate<\/strong><\/h4>\n\n\n\n<p><strong>SINTESIS <\/strong><strong><\/strong><\/p>\n\n\n\n<p><strong>ALEMANIA FEDERAL 7 <\/strong>(PT 7\u2019, O. Walter; PT 12\u2019 y ST 32\u2019, Schaffer; PT 30\u2019, ST 15\u2019 y 31\u2019, Morlock; ST 17\u2019, F. Walter)<\/p>\n\n\n\n<p><strong>TURQUIA 2 <\/strong>(PT 21\u2019, Mustafa Erton; ST 37\u2019, Lefter)<\/p>\n\n\n\n<p><strong>ALEMANIA FEDERAL:<\/strong>&nbsp;1. Toni Turek; , 4. Hans Bauer 2. Fritz Laband; 14. Berni Klodt, 7. Jupp Posipal, 13. Max Morlock; 6. Horst Eckel, 8. Karl Mai, 16. Fritz Walter (C), 15. Ottmar Walter, 20. Hans Schaeffer. DT: Sepp Herberger.<\/p>\n\n\n\n<p><strong>TURQUIA: <\/strong>12. Esroy<strong>&nbsp;<\/strong>Sukru; &nbsp;2. Bolati Ridvan; 3. Dirimlili Basri; 4. Mustafa Erton, Zeybek Cetin, 6. Izak Rober; 7. Erol Keskin, 17. Erdem Naci, 20. Oranici Nemci, 22. Tas Coskin, 11.Lefter Kucukandonyadis (C) . DT: Alessandro Puppo.<\/p>\n\n\n\n<p><strong>Arbitro: <\/strong>Raymond Vincenti (Francia)<\/p>\n\n\n\n<p>Estadio: Hardturm-Stadion (Zurich)<\/p>\n\n\n\n<p>Publico: 17.000<\/p>\n\n\n\n<h3 class=\"wp-block-heading\"><strong>Grupo 3<\/strong><\/h3>\n\n\n\n<figure class=\"wp-block-table\"><table><tbody><tr><td><strong>Equipo<\/strong><strong><\/strong><\/td><td><strong>Pts<\/strong><strong><\/strong><\/td><td><strong>PJ<\/strong><strong><\/strong><\/td><td><strong>PG<\/strong><strong><\/strong><\/td><td><strong>PE<\/strong><strong><\/strong><\/td><td><strong>PP<\/strong><strong><\/strong><\/td><td><strong>GF<\/strong><strong><\/strong><\/td><td><strong>GC<\/strong><strong><\/strong><\/td><td><strong>Dif<\/strong><strong><\/strong><\/td><\/tr><tr><td><strong><a href=\"https:\/\/commons.wikimedia.org\/wiki\/File:Flag_of_Uruguay.svg\"><\/a><\/strong><strong>&nbsp;<\/strong><strong><a href=\"https:\/\/es.wikipedia.org\/wiki\/Selecci%C3%B3n_de_f%C3%BAtbol_del_Uruguay\">Uruguay<\/a><\/strong>&nbsp;<strong>(CD)<\/strong><\/td><td><strong>4<\/strong><\/td><td>2<\/td><td>2<\/td><td>0<\/td><td>0<\/td><td>9<\/td><td>0<\/td><td>9<\/td><\/tr><tr><td><strong><a href=\"https:\/\/commons.wikimedia.org\/wiki\/File:Flag_of_Austria.svg\"><\/a><\/strong><strong>&nbsp;<\/strong><strong><a href=\"https:\/\/es.wikipedia.org\/wiki\/Selecci%C3%B3n_de_f%C3%BAtbol_de_Austria\">Austria<\/a><\/strong><\/td><td><strong>4<\/strong><\/td><td>2<\/td><td>2<\/td><td>0<\/td><td>0<\/td><td>6<\/td><td>0<\/td><td>6<\/td><\/tr><tr><td><a href=\"https:\/\/commons.wikimedia.org\/wiki\/File:Flag_of_the_Czech_Republic.svg\"><\/a>&nbsp;<a href=\"https:\/\/es.wikipedia.org\/wiki\/Selecci%C3%B3n_de_f%C3%BAtbol_de_Checoslovaquia\">Checoslovaquia<\/a><\/td><td><strong>0<\/strong><\/td><td>2<\/td><td>0<\/td><td>0<\/td><td>2<\/td><td>0<\/td><td>7<\/td><td>-7<\/td><\/tr><tr><td><a href=\"https:\/\/commons.wikimedia.org\/wiki\/File:Flag_of_Scotland.svg\"><\/a>&nbsp;<a href=\"https:\/\/es.wikipedia.org\/wiki\/Selecci%C3%B3n_de_f%C3%BAtbol_de_Escocia\">Escocia<\/a><\/td><td><strong>0<\/strong><\/td><td>2<\/td><td>0<\/td><td>0<\/td><td>2<\/td><td>0<\/td><td>8<\/td><td>-8<\/td><\/tr><\/tbody><\/table><\/figure>\n\n\n\n<p><strong>SINTESIS DE LOS PARTIDOS<\/strong><strong><\/strong><\/p>\n\n\n\n<p><strong>16\/06\/1954<\/strong><strong><\/strong><\/p>\n\n\n\n<p><strong>AUSTRIA 1 <\/strong>(PT 34\u2019, Probst)<\/p>\n\n\n\n<p><strong>ESCOCIA 0<\/strong><strong><\/strong><\/p>\n\n\n\n<p><strong>AUSTRIA: <\/strong>1. Kurt Schmied (C); 2. Gerhard Hanapi, 4. Leopold Barschandt; 5. Ernst Ocwirk, 3. Ernst Happel, 6. Karl Koller; 7. Roberto Koerner, 8. Walter Schelger, 19. Robert Dienst, 10. Eric Probst, 11. Alfred Koerner. DT: Nausch.<\/p>\n\n\n\n<p><strong>ESCOCIA: <\/strong>1. Fred<strong>&nbsp;<\/strong>Martin; 2. Willie Cunningham (C), 3. John &nbsp;Aird; 5. Tommy Docherty, 6. Jimmy Davidson, 7. Doug Cowie; 8. John McKenzie, 12. Willie Ferni, 11.Neil Mochan, 10. Allan Brown, 17. Willie Omond. DT: Dawson Walker.<\/p>\n\n\n\n<p>Arbitro: Laurent Franken (Belgica)<\/p>\n\n\n\n<p>Estadio: Stadion Letzigrund (Zurich)<\/p>\n\n\n\n<p>Publico: 25.000<\/p>\n\n\n\n<p><strong>16\/06\/1954<\/strong><strong><\/strong><\/p>\n\n\n\n<p><strong>URUGUAY 2 <\/strong>(ST 26\u2019 Miguez; 40\u2019, Schiaffino)<\/p>\n\n\n\n<p><strong>CHECOSLOVAQUIA 0<\/strong><strong><\/strong><\/p>\n\n\n\n<h3 class=\"wp-block-heading\"><strong>URUGUAY: <\/strong>1. Roque<strong>&nbsp;<\/strong>Maspoli; 2. Jose Santamria, 3. William Martinez; 4. Victor Rodriguez Andrade, 5. Obdulio Varela (C), 17. Luis Cruz; 7. Julio Abbadie, 19. Javier Ambrois, 9. Oscar Miguez, 10. Juan Schiaffino, 11. Carlos Borges. DT: Juan Lopez.<\/h3>\n\n\n\n<p><strong>CHECOSLOVAQUIA;<\/strong>&nbsp;1. Theodor Reimann; 2. Frantisek Safranek, 4. Ladislav &nbsp;Novak (C); 5. Jiri Trnka, 13. Jiri Hledik, 14. Jan Herti; 7. Vladislav Hlavacek, 8. Otto Hemele, 15. Ladislav Kacany, 10. Emil Pazicky, 11. Jiri Pesek. DT: Josef Cejp<\/p>\n\n\n\n<p><strong>Arbitro: <\/strong>Arthur Ellis (Inglaterra)<\/p>\n\n\n\n<p><strong>Estadio: <\/strong>Wankdorf (Berna)<\/p>\n\n\n\n<p>Publico: 20.5000<\/p>\n\n\n\n<p><strong>19\/06\/1954<\/strong><strong><\/strong><\/p>\n\n\n\n<p><strong>AUSTRIA 5 <\/strong>(PT 3\u2019 y 24\u2019, Stojaspal. PT 4\u2019, 21\u2019 y ST 6\u2019, Probst)<\/p>\n\n\n\n<p><strong>CHECOSLOVAQUIA 0<\/strong><strong><\/strong><\/p>\n\n\n\n<p><strong>AUSTRIA: <\/strong>1. Kurt Schmied (C); 2. Gerhard Hanapi, 4. Leopold Barschandt; 5. Ernst Ocwirk, 3. Ernst Happel, 6. Karl Koller; 7. Roberto Koerner, 8. Walter Schelger, 19. Robert Dienst, 10. Eric Probst, 11. Alfred Koerner. DT: Nausch.<\/p>\n\n\n\n<p><strong>CHECOSLOVAQUIA;<\/strong>&nbsp;21. Imrich Stacho; 2. Frantisek Safranek, 4. Ladislav &nbsp;Novak (C); 5. Jiri Trnka, 3. Svatopluk Pluskal, 14. Jan Hertl; 7. Vladislav Hlavacek, 8. Otto Hemele, 15. Ladislav Kacany, 10. Emil Pazicky, 17. Tadeas Kraus. DT: Josef Cejp<\/p>\n\n\n\n<p><strong>Arbitro: <\/strong>Viktor Stefanovic (Yugoslavia)<\/p>\n\n\n\n<p>Estadio: Hardturm (Zurich)<\/p>\n\n\n\n<p>Publico: 21.000<\/p>\n\n\n\n<p><strong>19\/06\/1954<\/strong><strong><\/strong><\/p>\n\n\n\n<p><strong>URUGUAY 7 <\/strong>(PT 17\u2019, ST 2\u2019 y 38\u2019, Borges; PT 30\u2019, ST 12\u2019, Miguez; ST 9\u2019 y 40\u2019, Abbaddie)<\/p>\n\n\n\n<p><strong>ESCOCIA 0<\/strong><strong><\/strong><\/p>\n\n\n\n<h3 class=\"wp-block-heading\"><strong>URUGUAY: <\/strong>1. Roque<strong>&nbsp;<\/strong>Maspoli; 2. Jose Santamria, 3. William Martinez; 4. Victor Rodriguez Andrade, 5. Obdulio Varela (C), 17. Luis Cruz; 7. Julio Abbadie, 19. Javier Ambrois, 9. Oscar Miguez, 10. Juan Schiaffino, 11. Carlos Borges. DT: Juan Lopez.<\/h3>\n\n\n\n<p><strong>ESCOCIA: <\/strong>1. Fred<strong>&nbsp;<\/strong>Martin; 2. Willie Cunningham (C), 3. John &nbsp;Aird; 5. Tommy Docherty, 6. Jimmy Davidson, 7. Doug Cowie; 8. John McKenzie, 12. Willie Ferni, 11.Neil Mochan, 10. Allan Brown, 17. Willie Omond. DT: Dawson Walker.<\/p>\n\n\n\n<p><strong>Arbitro: <\/strong>Vincenzo Orlandini (Italia)<\/p>\n\n\n\n<p><strong>Estadio: <\/strong>St. Jakob (Basilea)<\/p>\n\n\n\n<p>Publico: 24.000<\/p>\n\n\n\n<p><\/p>\n\n\n\n<h3 class=\"wp-block-heading\"><strong>Grupo 4<\/strong><strong><\/strong><\/h3>\n\n\n\n<figure class=\"wp-block-table\"><table><tbody><tr><td><strong>Equipo<\/strong><strong><\/strong><\/td><td><strong>Pts<\/strong><strong><\/strong><\/td><td><strong>PJ<\/strong><strong><\/strong><\/td><td><strong>PG<\/strong><strong><\/strong><\/td><td><strong>PE<\/strong><strong><\/strong><\/td><td><strong>PP<\/strong><strong><\/strong><\/td><td><strong>GF<\/strong><strong><\/strong><\/td><td><strong>GC<\/strong><strong><\/strong><\/td><td><strong>Dif<\/strong><strong><\/strong><\/td><\/tr><tr><td><strong><a href=\"https:\/\/commons.wikimedia.org\/wiki\/File:Flag_of_England.svg\"><\/a><\/strong><strong>&nbsp;<\/strong><strong><a href=\"https:\/\/es.wikipedia.org\/wiki\/Selecci%C3%B3n_de_f%C3%BAtbol_de_Inglaterra\">Inglaterra<\/a><\/strong><\/td><td><strong>3<\/strong><\/td><td>2<\/td><td>1<\/td><td>1<\/td><td>0<\/td><td>6<\/td><td>4<\/td><td>2<\/td><\/tr><tr><td><strong><a href=\"https:\/\/commons.wikimedia.org\/wiki\/File:Flag_of_Switzerland_(Pantone).svg\"><\/a><\/strong><strong>&nbsp;<\/strong><strong><a href=\"https:\/\/es.wikipedia.org\/wiki\/Selecci%C3%B3n_de_f%C3%BAtbol_de_Suiza\">Suiza<\/a><\/strong>&nbsp;<strong>(A)<\/strong><\/td><td><strong>2<\/strong><\/td><td>2<\/td><td>1<\/td><td>0<\/td><td>1<\/td><td>2<\/td><td>3<\/td><td>-1<\/td><\/tr><tr><td><a href=\"https:\/\/commons.wikimedia.org\/wiki\/File:Flag_of_Italy.svg\"><\/a>&nbsp;<a href=\"https:\/\/es.wikipedia.org\/wiki\/Selecci%C3%B3n_de_f%C3%BAtbol_de_Italia\">Italia<\/a><\/td><td><strong>2<\/strong><\/td><td>2<\/td><td>1<\/td><td>0<\/td><td>1<\/td><td>5<\/td><td>3<\/td><td>2<\/td><\/tr><tr><td><a href=\"https:\/\/commons.wikimedia.org\/wiki\/File:Flag_of_Belgium_(civil).svg\"><\/a>&nbsp;<a href=\"https:\/\/es.wikipedia.org\/wiki\/Selecci%C3%B3n_de_f%C3%BAtbol_de_B%C3%A9lgica\">B\u00e9lgica<\/a><\/td><td><strong>1<\/strong><\/td><td>2<\/td><td>0<\/td><td>1<\/td><td>1<\/td><td>5<\/td><td>8<\/td><td>-3<\/td><\/tr><\/tbody><\/table><\/figure>\n\n\n\n<h2 class=\"wp-block-heading\"><strong>SINTESIS DE LOS PARTIDOS<\/strong><strong><\/strong><\/h2>\n\n\n\n<p><strong>17\/06\/1954<\/strong><strong><\/strong><\/p>\n\n\n\n<p><strong>INGLATERRA 4 <\/strong>(PT 26, ST 8, Broadis. PT 36\u2019, ST 44\u2019, Lofthouse)<\/p>\n\n\n\n<p><strong>BELGICA 4 <\/strong>(PT 5\u2019, ST 26\u2019, Anoul. ST 32\u2019, Cappens; 45\u2019, Dickinson, en contra)<\/p>\n\n\n\n<h2 class=\"wp-block-heading\"><strong>INGLATERRA<\/strong>: 1. Gilbert Merrick; 2. Ron Staniforth, 3. Roger Byrne; 4. Bill Wright (C), 5. Syd Owen, 6. Jimmy Dickison; 7. Stanley Mathews, 8. Ivor Broadis, 9. Nat Lofthouse, 10. Tommy Taylor, 11. Tom Finney. DT: Walter Winterbottom.<\/h2>\n\n\n\n<p><strong>BELGICA: <\/strong>1. Leopold Gemaey; 2. ;Marcel Dries, 3. Alfons Van Brandt; 4. Constant Huymans, 5. Louis Carre, 6. Victor Mees; 16. Pieter Van der Bosch, 8. Dennis Houff, 9. Rick Coppens, 10. Leopold Anoul, 11. Josef Mermans. DT: Doug Livingstone.<\/p>\n\n\n\n<p>Arbitro: Emil Schmetzer (Alemania Federal)<\/p>\n\n\n\n<p>Estadio: St. Jakob (Basilea)<\/p>\n\n\n\n<p>Publico: 14.000<\/p>\n\n\n\n<p><strong>17\/06\/1954<\/strong><strong><\/strong><\/p>\n\n\n\n<p><strong>SUIZA 2 <\/strong>(PT 17\u2019, Ballaman. ST 34\u2019, Hugi)<\/p>\n\n\n\n<p><strong>ITALIA 1 <\/strong>(PT 43\u2019, Boniperti)<\/p>\n\n\n\n<p><strong>SUIZA: <\/strong>2. Eugene<strong>&nbsp;<\/strong>Parlier; 7. Andre Neury, 14. Willie Kerner; 5. Marcel Fluckiger, 4. Roger Bocquet (C), 9. Charles Casali; 16. Robert Ballaman, 22. Roger Volanthen, 18. Sepp Huegi, 20. Eugene Meier, 17. Jackie Fatton. DT: Rappan.<\/p>\n\n\n\n<p><strong>ITALIA:<\/strong>&nbsp;1. Giorgio Ghezzi; 2. Guido Vincenzi, 3. Giovanni Giacomazzi; 4. Maino Neri, 5. Omero Tognon, 6. Fulvio Nesti; 7. Ermes Muccinelli, 19. Giampiero Boniperti, 9. Carlo Galli, 8. Egisto Pandolfini, 11. Benito Lorenzi. DT: Lajos Czeizler<\/p>\n\n\n\n<p>Arbitro: Mario Viana (Brasil)<\/p>\n\n\n\n<p>Estadio: Olympique de la Pontaise (Lausana)<\/p>\n\n\n\n<p>Publico: 40.500<\/p>\n\n\n\n<p><strong>20\/06\/1954<\/strong><strong><\/strong><\/p>\n\n\n\n<p><strong>INGLATERRA 2 <\/strong>(PT 43\u2019, Mushen. ST 24\u2019, Wilshaw)<\/p>\n\n\n\n<p><strong>SUIZA 0<\/strong><strong><\/strong><\/p>\n\n\n\n<h2 class=\"wp-block-heading\"><strong>INGLATERRA<\/strong>: 1. Gilbert Merrick; 2. Ron Staniforth, 3. Roger Byrne; 4. Bill Wright (C), 14. Bill McGarry, 6. Jimmy Dickison; 7. Stanley Mathews, 8. Ivor Broadis, 15. Dennis Wilshaw, 10. Tommy Taylor, 11. Tom Finney. DT: Walter Winterbottom.<\/h2>\n\n\n\n<p><strong>SUIZA: <\/strong>2. Eugene<strong>&nbsp;<\/strong>Parlier; 7. Andre Neury, 14. Willie Kerner; 10. Oliver Eggiman, 4. Roger Bocquet (C), 8. Heinz Bigler; 16. Robert Ballaman, 22. Roger Volanthen, 15. Kiki Antenen, 20. Eugene Meier, 17. Jackie Fatton. DT: Karl Rappan.<\/p>\n\n\n\n<h2 class=\"wp-block-heading\">Arbitro: Istvan Zsotl (Hungria)<\/h2>\n\n\n\n<h2 class=\"wp-block-heading\">Estadio: Wankdorfstadion&nbsp;(Berna)<\/h2>\n\n\n\n<p>Publico: 43.500<\/p>\n\n\n\n<p><strong>20\/06\/1954<\/strong><strong><\/strong><\/p>\n\n\n\n<p><strong>ITALIA 4 <\/strong>(PT 40\u2019, Pandolfini. ST 8\u2019, Galli; 13\u2019, Frignani; 28\u2019, Lorenzi)<\/p>\n\n\n\n<p><strong>BELGICA 1 <\/strong>(ST 36\u2019, Anoul)<\/p>\n\n\n\n<p><strong>ITALIA:<\/strong>&nbsp;1. Giorgio Ghezzi; 13. Ardico Magnini, 3. Giovanni Giacomazzi; 4. Maino Neri, 5. Omero Tognon, 6. Fulvio Nesti; 21. Amleto Frignani, 10. Gino Capello, 9. Carlo Galli, 8. Egisto Pandolfini, 11. Benito Lorenzi. DT: Lajos Czeizler<\/p>\n\n\n\n<h4 class=\"wp-block-heading\"><strong>\u00a0Desempate<\/strong><\/h4>\n\n\n\n<h2 class=\"wp-block-heading\">SINTESIS<\/h2>\n\n\n\n<h2 class=\"wp-block-heading\"><strong>23\/06\/1954<\/strong><strong><\/strong><\/h2>\n\n\n\n<p><strong>SUIZA 4 <\/strong>(PT 14 ST 40\u2019, Hugi; ST 3\u2019, Ballama; 45, Fatton)<\/p>\n\n\n\n<p><strong>ITALIA 1 <\/strong>(PT 4, Nesti)<\/p>\n\n\n\n<p><strong>SUIZA: <\/strong>2. Eugene<strong>&nbsp;<\/strong>Parlier; 7. Andre Neury, 14. Willie Kerner; 10. Oliver Eggiman, 4. Roger Bocquet (C), 8. Heinz Bigler; 16. Robert Ballaman, 22. Roger Volanthen, 15. Kiki Antenen, 20. Eugene Meier, 17. Jackie Fatton. DT: Karl Rappan.<\/p>\n\n\n\n<p><strong>ITALIA:<\/strong>&nbsp;1. Giorgio Ghezzi; 13. Ardico Magnini, 3. Giovanni Giacomazzi; 4. Maino Neri, 5. Omero Tognon, 6. Fulvio Nesti; 21. Amleto Frignani, 10. Gino Capello, 9. Carlo Galli, 8. Egisto Pandolfini, 11. Benito Lorenzi. DT: Lajos Czeizler<\/p>\n\n\n\n<h4 class=\"wp-block-heading\">Arbitro: Merwyn Griffiths (Gales)<\/h4>\n\n\n\n<p>Estadio: St. Jakobs (Basilea)<\/p>\n\n\n\n<p>Publico: 29.000<\/p>\n\n\n\n<h2 class=\"wp-block-heading\">Segunda fase<\/h2>\n\n\n\n<p><strong>Cuartos de final<\/strong><\/p>\n\n\n\n<p><strong>SINTESIS DE LOS PARTIDOS<\/strong><strong><\/strong><\/p>\n\n\n\n<p><strong>26\/06\/1954<\/strong><strong><\/strong><\/p>\n\n\n\n<p><strong>AUSTRIA 7 <\/strong>(PT 24\u2019, 27\u2019, ST 7\u2019, Wagner; PT 25\u2019 y 34\u2019, A. Komer; PT 32\u2019, Ocwirk; ST 31\u2019, Probst)<\/p>\n\n\n\n<p><strong>ESCOCIA 5 <\/strong>(PT 16\u2019 y 39\u2019, Ballaman; PT 17\u2019y 23\u2019, ST 13, Huegi)<\/p>\n\n\n\n<p><strong>AUSTRIA: <\/strong>1. Kurt Schmied ; 2. Gerhard Hanapi, 4. Leopold Barschandt; 5. Ernst Ocwirk (C), 3. Ernst Happel, 6. Karl Koller; 7. Roberto Koerner, Wagner, Stojaspal, 10. Eric Probst, 11. Alfred Koerner. DT: Nausch.<\/p>\n\n\n\n<p><strong>SUIZA: <\/strong>2. Eugene<strong>&nbsp;<\/strong>Parlier; 7. Andre Neury, 14. Willie Kerner; 10. Oliver Eggiman, 4. Roger Bocquet (C), 9. Charles Casali; 16. Robert Ballaman, 22. Roger Volanthen, 18. Sepp Huegi, 15. Kiki Antenen, 17. Jackie Fatton. DT: Karl Rappan.<\/p>\n\n\n\n<p>Arbitro: Edward Faultless (Esocia)<\/p>\n\n\n\n<p>Estadio: Olympique de la Pontaise (Lausana)<\/p>\n\n\n\n<p>Publico: 31.000<\/p>\n\n\n\n<p><strong>26\/06\/1954<\/strong><strong><\/strong><\/p>\n\n\n\n<p><strong>URUGUAY 4 <\/strong>(PT 5\u2019, Borges; 39\u2019, Varela. ST 1\u2019, Schiaffino; 33\u2019, Ambrois)<\/p>\n\n\n\n<p><strong>INGLATERRA 2 <\/strong>(PT 16\u2019, Lofthouse; ST 12\u2019, Finney)<\/p>\n\n\n\n<h3 class=\"wp-block-heading\"><strong>URUGUAY: <\/strong>1. Roque<strong>&nbsp;<\/strong>Maspoli; 2. Jose Santamria, 3. William Martinez; 4. Victor Rodriguez Andrade, 5. Obdulio Varela (C), 17. Luis Cruz; 7. Julio Abbadie, 19. Javier Ambrois, 9. Oscar Miguez, 10. Juan Schiaffino, 11. Carlos Borges. DT: Juan Lopez.<\/h3>\n\n\n\n<h2 class=\"wp-block-heading\"><strong>INGLATERRA<\/strong>: Merrick; 2. Ron Staniforth, 3. Roger Byrne; 4. Bill Wright (C), 14. Bill McGarry, 6. Jimmy Dickison; 7. Stanley Mathews, 8. Ivor Broadis, 15. Dennis Wilshaw, 9. Nat Lofthouse, 11. Tom Finney. DT: Walter Winterbottom.<\/h2>\n\n\n\n<p>Arbitro: Erich Steiner (Austria)<\/p>\n\n\n\n<p>Estadio: St. Jakobs (Basilea)<\/p>\n\n\n\n<p>Publico: 28.000<\/p>\n\n\n\n<p><strong>27\/06\/1954<\/strong><strong><\/strong><\/p>\n\n\n\n<p><strong>ALEMANIA FEDERAL 2<\/strong>(PT 9\u2019, Horvath, en contra. ST 40\u2019, Rahn)<\/p>\n\n\n\n<p><strong>YUGOSLAVIA 0<\/strong><strong><\/strong><\/p>\n\n\n\n<p><strong>ALEMANIA FEDERAL:<\/strong>&nbsp;1. Toni Turek; , Kohlmeyer, 2. Fritz Laband; 12. Helmut Rahn, 10. Werner Liebrich, 13. Max Morlock; 6. Horst Eckel, 8. Karl Mai, 16. Fritz Walter (C), 15. Ottmar Walter, 20. Hans Schaeffer. DT: Sepp Herberger.<\/p>\n\n\n\n<p><strong>YUGOSLAVIA:<\/strong>&nbsp;1.Vladimir Beara; 2. Branko Stankovic,3. Tomislav Crnkovic; 4. Zlatko Cajkovski, 5. Ivan Horvat, 6. Vujadin Boskov; 18. Milos Milutinovic, 8. Rajko Mitic (C), 9. Bernard Vukas, 10. Stjepan Bobek, 11. Branko Zebec. DT: Aleksandar Timanic.<\/p>\n\n\n\n<p><strong>Arbitro: <\/strong>Istvan Zsotl (Hungria)<\/p>\n\n\n\n<p>Estadio: Des Charmilles (Ginebra)<\/p>\n\n\n\n<p>Publico: 17.000<\/p>\n\n\n\n<p><strong>27\/06\/1954<\/strong><strong><\/strong><\/p>\n\n\n\n<p><strong>HUNGRIA 4 <\/strong>(PT 4\u2019, Hidegkuti; PT 4\u2019, ST 43\u2019, Kocsis; ST 15\u2019, Lantos, de penal)<\/p>\n\n\n\n<p><strong>BRASIL 2 <\/strong>(PT 18\u2019, Djalma Santos, de penal. ST 20\u2019, Julinho)<\/p>\n\n\n\n<p><strong>HUNGRIA: <\/strong>1. Gyula<strong>&nbsp;<\/strong>Grosics; 2. Jeno Buzansky, 4. Mihail Lantos; 5. Joszef Boszick (C), 3. Gyula Lorant, 8. Joszef Zacarias; 7. Josef Toth, &nbsp;8. Sandor Kocsis, 9. Nandor Hidegkuti; 20. Mihaly Toth, 11. Zoltan Czibor. DT: Gustav Sebes.<\/p>\n\n\n\n<p><strong>BRASIL<\/strong>: 1. Castilho; 2. Djalma Santos,3. &nbsp;Nilton Santos; 4. Brandaozinho, 5. Pinheiro, 6. Bauer (C); 7. Julinho, 8. Didi, 19. Indio, 18. Umberto Tozzi, 17. Maurinho. DT: Zeze Moreira.<\/p>\n\n\n\n<p>Arbitro: Arthur Ellis (Inglaterra)<\/p>\n\n\n\n<p>Estadio: Wankdorfstadion (Berna)<\/p>\n\n\n\n<p>Publico: 40.000<\/p>\n\n\n\n<h3 class=\"wp-block-heading\"><strong>\u00a0Semifinales<\/strong><\/h3>\n\n\n\n<h3 class=\"wp-block-heading\"><strong>SINTESIS DE LOS PARTIDOS<\/strong><strong><\/strong><\/h3>\n\n\n\n<p><strong>30\/06\/1954<\/strong><strong><\/strong><\/p>\n\n\n\n<p><strong>ALEMANIA FEDERAL 6 <\/strong>(PT 31\u2019, Schaffer. ST 2\u2019, Morlock; 9\u2019 y 20\u2019, F Walter; 16\u2019 y 44\u2019, O Walter)<\/p>\n\n\n\n<p><strong>AUSTRIA 1 <\/strong>(ST 6\u2019, Probst)<\/p>\n\n\n\n<p><strong>ALEMANIA FEDERAL:<\/strong>&nbsp;1. Toni Turek; , 3. Werner Kohlmeyer, 7. Jupp Posipal; &nbsp;12. Helmut Rahn, 10. Werner Liebrich, 13. Max Morlock; 6. Horst Eckel, 8. Karl Mai, 16. Fritz Walter (C), 15. Ottmar Walter, 20. Hans Schaeffer. DT: Sepp Herberger.<\/p>\n\n\n\n<p><strong>AUSTRIA: <\/strong>16. Walter Zeman; 2. Gerhard Hanapi, 8. Walter Schelgel; 5. Ernst Ocwirk (C), 3. Ernst Happel, 6. Karl Koller; 7. Roberto Koerner, 9. Theodor Wagner, 21. Ernst Stojaspal, 10. Eric Probst, 11. Alfred Koerner. DT: Nausch.<\/p>\n\n\n\n<p>Arbitro: Vincenzo Orlandini (Italia)<\/p>\n\n\n\n<p>Estadio: St. Jakobs (Basilea)<\/p>\n\n\n\n<p>Publico: 58.000<\/p>\n\n\n\n<p><strong>30\/06\/1954<\/strong><strong><\/strong><\/p>\n\n\n\n<p><strong>HUNGRIA 4 <\/strong>(PT 13\u2019, Czibor; ST 1\u2019, Hidegkuti. STS 6\u2019 y 11\u2019, Kocsis)<\/p>\n\n\n\n<p><strong>URUGUAY 2 <\/strong>(ST 30\u2019 y 41\u2019, Hohberg)<\/p>\n\n\n\n<p><strong>HUNGRIA: <\/strong>1. Gyula<strong>&nbsp;<\/strong>Grosics; 2. Jeno Buzansky, 4. Mihail Lantos; 5. Joszef Boszick (C), 3. Gyula Lorant, 8. Joszef Zacarias; 16. Lazlo Budai, &nbsp;8. Sandor Kocsis, 9. Nandor Hidegkuti; 19. Pieter Palotas, 11. Zoltan Czibor. DT: Gustav Sebes.<\/p>\n\n\n\n<h3 class=\"wp-block-heading\"><strong>URUGUAY: <\/strong>1. Roque<strong>&nbsp;<\/strong>Maspoli; 2. Jose Santamria, 3. William Martinez; 4. Victor Rodriguez Andrade, 5. Obdulio Varela (C), 17. Luis Cruz; 18. Rafael Souto, 19. Javier Ambrois, 8. Juan Hohberg, 10. Juan Schiaffino, 11. Carlos Borges. DT: Juan Lopez.<\/h3>\n\n\n\n<p>Arbitro: Merwyn Griffiths (Gales)<\/p>\n\n\n\n<p>Estadio: Olympique de la Pontaise (Lausana)<\/p>\n\n\n\n<p>Publico: 37.000<\/p>\n\n\n\n<h3 class=\"wp-block-heading\"><strong>\u00a0Tercer lugar<\/strong><\/h3>\n\n\n\n<p><strong>SINTESIS<\/strong><strong><\/strong><\/p>\n\n\n\n<p><strong>03\/07\/1954<\/strong><strong><\/strong><\/p>\n\n\n\n<p><strong>AUSTRIA 3 <\/strong>(PT 16\u2019, Stojpasal, de penal; 39\u2019, R. Koener. ST 34\u2019, Ocwirk)<\/p>\n\n\n\n<p><strong>URUGUAY 1 <\/strong>(PT 22\u2019, Hohberg)<\/p>\n\n\n\n<p><strong>AUSTRIA: <\/strong>1. Kurt Schmeid; 2. Gerhard Hanapi, 4. Leopold Barschandt; 5. Ernst Ocwirk (C), 13. Walter Kollmannl, 6. Karl Koller; 7. Roberto Koerner, 9. Theodor Wagner, 21. Ernst Stojaspal, 10. Eric Probst, 19. Robert Dienst. DT: Walter Nausch.<\/p>\n\n\n\n<h3 class=\"wp-block-heading\"><strong>URUGUAY: 1. Roque\u00a0Maspoli; 2. Jose Santamria, 3. William Martinez (C); 4. Victor Rodriguez Andrade, 16. Nestor Carballo, 17. Luis Cruz; 18. Rafael Souto, 19. Javier Ambrois, 8. Juan Hohberg, 10. Juan Schiaffino, 11. Carlos Borges. DT: Juan Lopez.<\/strong><\/h3>\n\n\n\n<p>Arbitro: Mervin Griffits (Suiza)<\/p>\n\n\n\n<p>Estadio: Hardturm (Zurich)<\/p>\n\n\n\n<h3 class=\"wp-block-heading\"><strong>Final<\/strong><\/h3>\n\n\n\n<p><strong>SINTESIS<\/strong><strong><\/strong><\/p>\n\n\n\n<p><strong>04\/07\/1954<\/strong><strong><\/strong><\/p>\n\n\n\n<p><strong>ALEMANIA FEDERAL 3 <\/strong>(PT 10\u2019, Morlock. PT 18\u2019, ST 39, Rahn)<\/p>\n\n\n\n<p><strong>HUNGRIA 2 <\/strong>(PT 5\u2019, Puskas; PT 8\u2019, Czibor)<\/p>\n\n\n\n<p><strong>ALEMANIA FEDERAL:<\/strong>&nbsp;1. Toni Turek; , 3. Werner Kohlmeyer, 7. Jupp Posipal; &nbsp;12. Helmut Rahn, 10. Werner Liebrich, 13. Max Morlock; 6. Horst Eckel, 8. Karl Mai, 16. Fritz Walter (C), 15. Ottmar Walter, 20. Hans Schaeffer. DT: Sepp Herberger.<\/p>\n\n\n\n<p><strong>HUNGRIA: <\/strong>1. Gyula<strong>&nbsp;<\/strong>Grosics; 2. Jeno Buzansky, 4. Mihail Lantos; 5. Joszef Boszick, 3. Gyula Lorant, 8. Joszef Zacarias; 20. Mihail Toth, &nbsp;8. Sandor Kocsis, 9. Nandor Hidegkuti; 10. Ferenc Puskas (C), 11. Zoltan Czibor. DT: Gustav Sebes.<\/p>\n\n\n\n<p>Arbitro: William Ling (Inglaterra)<\/p>\n\n\n\n<p>Estadio: Wankdorfstadion (Berna)<\/p>\n\n\n\n<p>Publico: 60.000<\/p>\n","protected":false},"excerpt":{"rendered":"<p>La\u00a0Copa Mundial de la FIFA Suiza 1954\u00a0fue la quinta edici\u00f3n de la\u00a0Copa Mundial de F\u00fatbol,&#8230;<\/p>\n","protected":false},"author":4,"featured_media":406,"comment_status":"open","ping_status":"open","sticky":false,"template":"","format":"standard","meta":{"footnotes":""},"categories":[63],"tags":[],"class_list":["post-405","post","type-post","status-publish","format-standard","has-post-thumbnail","hentry","category-suiza-1954"],"yoast_head":"<!-- This site is optimized with the Yoast SEO plugin v19.5.1 - https:\/\/yoast.com\/wordpress\/plugins\/seo\/ -->\n<title>La historia del Milagro Alem\u00e1n - LA PATRIA FUTBOLERA<\/title>\n<meta name=\"robots\" content=\"index, follow, max-snippet:-1, max-image-preview:large, max-video-preview:-1\" \/>\n<link rel=\"canonical\" href=\"https:\/\/lapatriafutbolera.com.ar\/index.php\/2022\/09\/10\/la-historia-del-milagro-aleman\/\" \/>\n<meta property=\"og:locale\" content=\"es_ES\" \/>\n<meta property=\"og:type\" content=\"article\" \/>\n<meta property=\"og:title\" content=\"La historia del Milagro Alem\u00e1n - LA PATRIA FUTBOLERA\" \/>\n<meta property=\"og:description\" content=\"La\u00a0Copa Mundial de la FIFA Suiza 1954\u00a0fue la quinta edici\u00f3n de la\u00a0Copa Mundial de F\u00fatbol,...\" \/>\n<meta property=\"og:url\" content=\"https:\/\/lapatriafutbolera.com.ar\/index.php\/2022\/09\/10\/la-historia-del-milagro-aleman\/\" \/>\n<meta property=\"og:site_name\" content=\"LA PATRIA FUTBOLERA\" \/>\n<meta property=\"article:published_time\" content=\"2022-09-10T22:29:21+00:00\" \/>\n<meta property=\"article:modified_time\" content=\"2022-09-10T22:29:22+00:00\" \/>\n<meta property=\"og:image\" content=\"https:\/\/lapatriafutbolera.com.ar\/wp-content\/uploads\/2022\/09\/suiza-54.png\" \/>\n\t<meta property=\"og:image:width\" content=\"245\" \/>\n\t<meta property=\"og:image:height\" content=\"184\" \/>\n\t<meta property=\"og:image:type\" content=\"image\/png\" \/>\n<meta name=\"author\" content=\"Redacci\u00f3n LPF\" \/>\n<meta name=\"twitter:card\" content=\"summary_large_image\" \/>\n<meta name=\"twitter:label1\" content=\"Escrito por\" \/>\n\t<meta name=\"twitter:data1\" content=\"Redacci\u00f3n LPF\" \/>\n\t<meta name=\"twitter:label2\" content=\"Tiempo de lectura\" \/>\n\t<meta name=\"twitter:data2\" content=\"17 minutos\" \/>\n<script type=\"application\/ld+json\" class=\"yoast-schema-graph\">{\"@context\":\"https:\/\/schema.org\",\"@graph\":[{\"@type\":\"Article\",\"@id\":\"https:\/\/lapatriafutbolera.com.ar\/index.php\/2022\/09\/10\/la-historia-del-milagro-aleman\/#article\",\"isPartOf\":{\"@id\":\"https:\/\/lapatriafutbolera.com.ar\/index.php\/2022\/09\/10\/la-historia-del-milagro-aleman\/\"},\"author\":{\"name\":\"Redacci\u00f3n LPF\",\"@id\":\"https:\/\/lapatriafutbolera.com.ar\/#\/schema\/person\/eb56fb3a7e76133611d5b2d9f706bd97\"},\"headline\":\"La historia del Milagro Alem\u00e1n\",\"datePublished\":\"2022-09-10T22:29:21+00:00\",\"dateModified\":\"2022-09-10T22:29:22+00:00\",\"mainEntityOfPage\":{\"@id\":\"https:\/\/lapatriafutbolera.com.ar\/index.php\/2022\/09\/10\/la-historia-del-milagro-aleman\/\"},\"wordCount\":2800,\"commentCount\":0,\"publisher\":{\"@id\":\"https:\/\/lapatriafutbolera.com.ar\/#organization\"},\"articleSection\":[\"Suiza 1954\"],\"inLanguage\":\"es-AR\",\"potentialAction\":[{\"@type\":\"CommentAction\",\"name\":\"Comment\",\"target\":[\"https:\/\/lapatriafutbolera.com.ar\/index.php\/2022\/09\/10\/la-historia-del-milagro-aleman\/#respond\"]}]},{\"@type\":\"WebPage\",\"@id\":\"https:\/\/lapatriafutbolera.com.ar\/index.php\/2022\/09\/10\/la-historia-del-milagro-aleman\/\",\"url\":\"https:\/\/lapatriafutbolera.com.ar\/index.php\/2022\/09\/10\/la-historia-del-milagro-aleman\/\",\"name\":\"La historia del Milagro Alem\u00e1n - LA PATRIA FUTBOLERA\",\"isPartOf\":{\"@id\":\"https:\/\/lapatriafutbolera.com.ar\/#website\"},\"datePublished\":\"2022-09-10T22:29:21+00:00\",\"dateModified\":\"2022-09-10T22:29:22+00:00\",\"breadcrumb\":{\"@id\":\"https:\/\/lapatriafutbolera.com.ar\/index.php\/2022\/09\/10\/la-historia-del-milagro-aleman\/#breadcrumb\"},\"inLanguage\":\"es-AR\",\"potentialAction\":[{\"@type\":\"ReadAction\",\"target\":[\"https:\/\/lapatriafutbolera.com.ar\/index.php\/2022\/09\/10\/la-historia-del-milagro-aleman\/\"]}]},{\"@type\":\"BreadcrumbList\",\"@id\":\"https:\/\/lapatriafutbolera.com.ar\/index.php\/2022\/09\/10\/la-historia-del-milagro-aleman\/#breadcrumb\",\"itemListElement\":[{\"@type\":\"ListItem\",\"position\":1,\"name\":\"Inicio\",\"item\":\"https:\/\/lapatriafutbolera.com.ar\/\"},{\"@type\":\"ListItem\",\"position\":2,\"name\":\"La historia del Milagro Alem\u00e1n\"}]},{\"@type\":\"WebSite\",\"@id\":\"https:\/\/lapatriafutbolera.com.ar\/#website\",\"url\":\"https:\/\/lapatriafutbolera.com.ar\/\",\"name\":\"LA PATRIA FUTBOLERA\",\"description\":\"\",\"publisher\":{\"@id\":\"https:\/\/lapatriafutbolera.com.ar\/#organization\"},\"potentialAction\":[{\"@type\":\"SearchAction\",\"target\":{\"@type\":\"EntryPoint\",\"urlTemplate\":\"https:\/\/lapatriafutbolera.com.ar\/?s={search_term_string}\"},\"query-input\":\"required name=search_term_string\"}],\"inLanguage\":\"es-AR\"},{\"@type\":\"Organization\",\"@id\":\"https:\/\/lapatriafutbolera.com.ar\/#organization\",\"name\":\"LA PATRIA FUTBOLERA\",\"url\":\"https:\/\/lapatriafutbolera.com.ar\/\",\"sameAs\":[],\"logo\":{\"@type\":\"ImageObject\",\"inLanguage\":\"es-AR\",\"@id\":\"https:\/\/lapatriafutbolera.com.ar\/#\/schema\/logo\/image\/\",\"url\":\"https:\/\/lapatriafutbolera.com.ar\/wp-content\/uploads\/2025\/03\/cropped-LA-PATRIA-14.jpg\",\"contentUrl\":\"https:\/\/lapatriafutbolera.com.ar\/wp-content\/uploads\/2025\/03\/cropped-LA-PATRIA-14.jpg\",\"width\":1308,\"height\":221,\"caption\":\"LA PATRIA FUTBOLERA\"},\"image\":{\"@id\":\"https:\/\/lapatriafutbolera.com.ar\/#\/schema\/logo\/image\/\"}},{\"@type\":\"Person\",\"@id\":\"https:\/\/lapatriafutbolera.com.ar\/#\/schema\/person\/eb56fb3a7e76133611d5b2d9f706bd97\",\"name\":\"Redacci\u00f3n LPF\",\"image\":{\"@type\":\"ImageObject\",\"inLanguage\":\"es-AR\",\"@id\":\"https:\/\/lapatriafutbolera.com.ar\/#\/schema\/person\/image\/\",\"url\":\"https:\/\/secure.gravatar.com\/avatar\/57dc12e3750972170624cd118ca21d4157841e9e7b211e6dfe7a00b61088d285?s=96&d=mm&r=g\",\"contentUrl\":\"https:\/\/secure.gravatar.com\/avatar\/57dc12e3750972170624cd118ca21d4157841e9e7b211e6dfe7a00b61088d285?s=96&d=mm&r=g\",\"caption\":\"Redacci\u00f3n LPF\"},\"sameAs\":[\"http:\/\/lapatriafutbolera.com.ar\"],\"url\":\"https:\/\/lapatriafutbolera.com.ar\/index.php\/author\/redaccion-lpf\/\"}]}<\/script>\n<!-- \/ Yoast SEO plugin. -->","yoast_head_json":{"title":"La historia del Milagro Alem\u00e1n - LA PATRIA FUTBOLERA","robots":{"index":"index","follow":"follow","max-snippet":"max-snippet:-1","max-image-preview":"max-image-preview:large","max-video-preview":"max-video-preview:-1"},"canonical":"https:\/\/lapatriafutbolera.com.ar\/index.php\/2022\/09\/10\/la-historia-del-milagro-aleman\/","og_locale":"es_ES","og_type":"article","og_title":"La historia del Milagro Alem\u00e1n - LA PATRIA FUTBOLERA","og_description":"La\u00a0Copa Mundial de la FIFA Suiza 1954\u00a0fue la quinta edici\u00f3n de la\u00a0Copa Mundial de F\u00fatbol,...","og_url":"https:\/\/lapatriafutbolera.com.ar\/index.php\/2022\/09\/10\/la-historia-del-milagro-aleman\/","og_site_name":"LA PATRIA FUTBOLERA","article_published_time":"2022-09-10T22:29:21+00:00","article_modified_time":"2022-09-10T22:29:22+00:00","og_image":[{"width":245,"height":184,"url":"https:\/\/lapatriafutbolera.com.ar\/wp-content\/uploads\/2022\/09\/suiza-54.png","type":"image\/png"}],"author":"Redacci\u00f3n LPF","twitter_card":"summary_large_image","twitter_misc":{"Escrito por":"Redacci\u00f3n LPF","Tiempo de lectura":"17 minutos"},"schema":{"@context":"https:\/\/schema.org","@graph":[{"@type":"Article","@id":"https:\/\/lapatriafutbolera.com.ar\/index.php\/2022\/09\/10\/la-historia-del-milagro-aleman\/#article","isPartOf":{"@id":"https:\/\/lapatriafutbolera.com.ar\/index.php\/2022\/09\/10\/la-historia-del-milagro-aleman\/"},"author":{"name":"Redacci\u00f3n LPF","@id":"https:\/\/lapatriafutbolera.com.ar\/#\/schema\/person\/eb56fb3a7e76133611d5b2d9f706bd97"},"headline":"La historia del Milagro Alem\u00e1n","datePublished":"2022-09-10T22:29:21+00:00","dateModified":"2022-09-10T22:29:22+00:00","mainEntityOfPage":{"@id":"https:\/\/lapatriafutbolera.com.ar\/index.php\/2022\/09\/10\/la-historia-del-milagro-aleman\/"},"wordCount":2800,"commentCount":0,"publisher":{"@id":"https:\/\/lapatriafutbolera.com.ar\/#organization"},"articleSection":["Suiza 1954"],"inLanguage":"es-AR","potentialAction":[{"@type":"CommentAction","name":"Comment","target":["https:\/\/lapatriafutbolera.com.ar\/index.php\/2022\/09\/10\/la-historia-del-milagro-aleman\/#respond"]}]},{"@type":"WebPage","@id":"https:\/\/lapatriafutbolera.com.ar\/index.php\/2022\/09\/10\/la-historia-del-milagro-aleman\/","url":"https:\/\/lapatriafutbolera.com.ar\/index.php\/2022\/09\/10\/la-historia-del-milagro-aleman\/","name":"La historia del Milagro Alem\u00e1n - LA PATRIA FUTBOLERA","isPartOf":{"@id":"https:\/\/lapatriafutbolera.com.ar\/#website"},"datePublished":"2022-09-10T22:29:21+00:00","dateModified":"2022-09-10T22:29:22+00:00","breadcrumb":{"@id":"https:\/\/lapatriafutbolera.com.ar\/index.php\/2022\/09\/10\/la-historia-del-milagro-aleman\/#breadcrumb"},"inLanguage":"es-AR","potentialAction":[{"@type":"ReadAction","target":["https:\/\/lapatriafutbolera.com.ar\/index.php\/2022\/09\/10\/la-historia-del-milagro-aleman\/"]}]},{"@type":"BreadcrumbList","@id":"https:\/\/lapatriafutbolera.com.ar\/index.php\/2022\/09\/10\/la-historia-del-milagro-aleman\/#breadcrumb","itemListElement":[{"@type":"ListItem","position":1,"name":"Inicio","item":"https:\/\/lapatriafutbolera.com.ar\/"},{"@type":"ListItem","position":2,"name":"La historia del Milagro Alem\u00e1n"}]},{"@type":"WebSite","@id":"https:\/\/lapatriafutbolera.com.ar\/#website","url":"https:\/\/lapatriafutbolera.com.ar\/","name":"LA PATRIA FUTBOLERA","description":"","publisher":{"@id":"https:\/\/lapatriafutbolera.com.ar\/#organization"},"potentialAction":[{"@type":"SearchAction","target":{"@type":"EntryPoint","urlTemplate":"https:\/\/lapatriafutbolera.com.ar\/?s={search_term_string}"},"query-input":"required name=search_term_string"}],"inLanguage":"es-AR"},{"@type":"Organization","@id":"https:\/\/lapatriafutbolera.com.ar\/#organization","name":"LA PATRIA FUTBOLERA","url":"https:\/\/lapatriafutbolera.com.ar\/","sameAs":[],"logo":{"@type":"ImageObject","inLanguage":"es-AR","@id":"https:\/\/lapatriafutbolera.com.ar\/#\/schema\/logo\/image\/","url":"https:\/\/lapatriafutbolera.com.ar\/wp-content\/uploads\/2025\/03\/cropped-LA-PATRIA-14.jpg","contentUrl":"https:\/\/lapatriafutbolera.com.ar\/wp-content\/uploads\/2025\/03\/cropped-LA-PATRIA-14.jpg","width":1308,"height":221,"caption":"LA PATRIA FUTBOLERA"},"image":{"@id":"https:\/\/lapatriafutbolera.com.ar\/#\/schema\/logo\/image\/"}},{"@type":"Person","@id":"https:\/\/lapatriafutbolera.com.ar\/#\/schema\/person\/eb56fb3a7e76133611d5b2d9f706bd97","name":"Redacci\u00f3n LPF","image":{"@type":"ImageObject","inLanguage":"es-AR","@id":"https:\/\/lapatriafutbolera.com.ar\/#\/schema\/person\/image\/","url":"https:\/\/secure.gravatar.com\/avatar\/57dc12e3750972170624cd118ca21d4157841e9e7b211e6dfe7a00b61088d285?s=96&d=mm&r=g","contentUrl":"https:\/\/secure.gravatar.com\/avatar\/57dc12e3750972170624cd118ca21d4157841e9e7b211e6dfe7a00b61088d285?s=96&d=mm&r=g","caption":"Redacci\u00f3n LPF"},"sameAs":["http:\/\/lapatriafutbolera.com.ar"],"url":"https:\/\/lapatriafutbolera.com.ar\/index.php\/author\/redaccion-lpf\/"}]}},"_links":{"self":[{"href":"https:\/\/lapatriafutbolera.com.ar\/index.php\/wp-json\/wp\/v2\/posts\/405","targetHints":{"allow":["GET"]}}],"collection":[{"href":"https:\/\/lapatriafutbolera.com.ar\/index.php\/wp-json\/wp\/v2\/posts"}],"about":[{"href":"https:\/\/lapatriafutbolera.com.ar\/index.php\/wp-json\/wp\/v2\/types\/post"}],"author":[{"embeddable":true,"href":"https:\/\/lapatriafutbolera.com.ar\/index.php\/wp-json\/wp\/v2\/users\/4"}],"replies":[{"embeddable":true,"href":"https:\/\/lapatriafutbolera.com.ar\/index.php\/wp-json\/wp\/v2\/comments?post=405"}],"version-history":[{"count":1,"href":"https:\/\/lapatriafutbolera.com.ar\/index.php\/wp-json\/wp\/v2\/posts\/405\/revisions"}],"predecessor-version":[{"id":407,"href":"https:\/\/lapatriafutbolera.com.ar\/index.php\/wp-json\/wp\/v2\/posts\/405\/revisions\/407"}],"wp:featuredmedia":[{"embeddable":true,"href":"https:\/\/lapatriafutbolera.com.ar\/index.php\/wp-json\/wp\/v2\/media\/406"}],"wp:attachment":[{"href":"https:\/\/lapatriafutbolera.com.ar\/index.php\/wp-json\/wp\/v2\/media?parent=405"}],"wp:term":[{"taxonomy":"category","embeddable":true,"href":"https:\/\/lapatriafutbolera.com.ar\/index.php\/wp-json\/wp\/v2\/categories?post=405"},{"taxonomy":"post_tag","embeddable":true,"href":"https:\/\/lapatriafutbolera.com.ar\/index.php\/wp-json\/wp\/v2\/tags?post=405"}],"curies":[{"name":"wp","href":"https:\/\/api.w.org\/{rel}","templated":true}]}}