{"id":414,"date":"2022-09-16T07:47:17","date_gmt":"2022-09-16T10:47:17","guid":{"rendered":"https:\/\/lapatriafutbolera.com.ar\/?p=414"},"modified":"2022-09-16T07:56:13","modified_gmt":"2022-09-16T10:56:13","slug":"iran-el-gigante-asiatico-de-qatar-2022","status":"publish","type":"post","link":"https:\/\/lapatriafutbolera.com.ar\/index.php\/2022\/09\/16\/iran-el-gigante-asiatico-de-qatar-2022\/","title":{"rendered":"Ir\u00e1n, el gigante asi\u00e1tico de Qatar 2022"},"content":{"rendered":"\n<p>En los \u00faltimos a\u00f1os,<strong>&nbsp;Ir\u00e1n<\/strong>&nbsp;termin\u00f3 de afirmarse como&nbsp;<strong>la potencia del f\u00fatbol asi\u00e1tico<\/strong>&nbsp;que hab\u00eda sido en la d\u00e9cada del 70, cuando gan\u00f3 tres copas continentales consecutivas y consigui\u00f3 un empate hist\u00f3rico ante Escocia en el Mundial de 1978. Ahora el&nbsp;<em>Team Melli&nbsp;<\/em>seclasific\u00f3 a su<strong>&nbsp;tercer Mundial consecutivo&nbsp;<\/strong>y lo logr\u00f3 sin dramas.&nbsp;<\/p>\n\n\n\n<p><strong>\u00bfPodr\u00e1n por primera vez avanzar de fase en una Copa del Mundo?\u00a0<\/strong>En Brasil 2014 le dieron un susto a Argentina, que necesit\u00f3 de un gol de Lionel Messi en el final del partido para ganar, y en Rusia 2018 derrotaron a Marruecos y so\u00f1aron hasta el final con tener alguna chance de eliminar a Espa\u00f1a o Portugal, al empatar con los lusos y finalizar con cuatro puntos. Con el croata\u00a0<strong>Dragan Skocic\u00a0<\/strong>\u2014gran conocedor del f\u00fatbol local\u2014\u00a0como entrenador y con varios de los jugadores m\u00e1s destacados del equipo en el \u00faltimo Mundial, los iran\u00edes\u00a0<strong>van a ir a Qatar por su sue\u00f1o jugando m\u00e1s cerca de casa que nunca.<\/strong><\/p>\n\n\n\n<p>A continuaci\u00f3n, los<strong>\u00a0datos m\u00e1s importantes<\/strong>\u00a0a saber de los iran\u00edes y su camino de clasificaci\u00f3n para el Mundial.<\/p>\n\n\n\n<h2 class=\"wp-block-heading\">Qui\u00e9n es Mehdi Taremi, la figura de Ir\u00e1n para el Mundial 2022<\/h2>\n\n\n\n<p>Mehdi Taremi es un futbolista de 30 a\u00f1os que se desempe\u00f1a en Porto como centro delantero y sus clubes anteriores fueron Iranjavan FC, Shahin Bushehr, Persepolis, Al-Gharafa SC y Rio Ave FC.<\/p>\n\n\n\n<ul class=\"wp-block-list\"><li><strong>Debut en Ir\u00e1n<\/strong>: 11 de junio de 2015.<\/li><li><strong>Goles en Ir\u00e1n<\/strong>: 27.<\/li><li><strong>Partidos en Ir\u00e1n<\/strong>: 57.<\/li><\/ul>\n\n\n<div class=\"wp-block-image\">\n<figure class=\"aligncenter size-full\"><img loading=\"lazy\" decoding=\"async\" width=\"760\" height=\"428\" src=\"https:\/\/lapatriafutbolera.com.ar\/wp-content\/uploads\/2022\/09\/mehdi-taremi-1.jpg\" alt=\"\" class=\"wp-image-416\" srcset=\"https:\/\/lapatriafutbolera.com.ar\/wp-content\/uploads\/2022\/09\/mehdi-taremi-1.jpg 760w, https:\/\/lapatriafutbolera.com.ar\/wp-content\/uploads\/2022\/09\/mehdi-taremi-1-300x169.jpg 300w\" sizes=\"auto, (max-width: 760px) 100vw, 760px\" \/><figcaption>Mehdi Taremi, goleador del Porto portugues<\/figcaption><\/figure>\n<\/div>\n\n\n<h2 class=\"wp-block-heading\">Calendario de partidos en el Mundial Qatar 2022<\/h2>\n\n\n\n<ul class=\"wp-block-list\"><li><strong>21 de noviembre vs. Inglaterra&nbsp;<\/strong>&#8211;&nbsp;07:00 hs. de CDMX \/ 10:00 hs. de Argentina \/ 14:00 hs. de Espa\u00f1a<\/li><li><strong>25 de noviembre vs. Gales&nbsp;<\/strong>&#8211; 04:00 hs. de CDMX \/ 07:00 hs. de Argentina \/ 11:00 hs. de Espa\u00f1a<\/li><li><strong>29 de noviembre vs. Estados Unidos&nbsp;<\/strong>&#8211;&nbsp;13:00 hs. de CDMX \/ 16:00 hs. de Argentina \/ 20:00 hs. de Espa\u00f1a<\/li><\/ul>\n\n\n\n<h2 class=\"wp-block-heading\">El presente de Ir\u00e1n<\/h2>\n\n\n\n<ul class=\"wp-block-list\"><li><strong>Ranking FIFA:\u00a0<\/strong>23\u00b0 (junio 2022)<\/li><li><strong>\u00bfC\u00f3mo se clasific\u00f3 al Mundial?\u00a0<\/strong>Termin\u00f3 entre los dos primeros del Grupo A de las Eliminatorias Asi\u00e1ticas (el martes 29\/3 cerro su participaci\u00f3n).<\/li><li><strong>Rendimiento en 2021 (G-E-P):\u00a0<\/strong>10-1-0 (31 GF, 3 GC, +28)<\/li><li><strong>Rendimiento en 2022:\u00a0<\/strong>3-0-0 (4 GF, 0 GC, +4)<\/li><\/ul>\n\n\n\n<h2 class=\"wp-block-heading\">Ir\u00e1n en las Eliminatorias Asi\u00e1ticas<\/h2>\n\n\n\n<h3 class=\"wp-block-heading\">Resultados<\/h3>\n\n\n\n<figure class=\"wp-block-table\"><table><thead><tr><th scope=\"col\">Rival<\/th><th scope=\"col\">Condici\u00f3n<\/th><th scope=\"col\">Resultado<\/th><\/tr><\/thead><tbody><tr><td>Hong Kong<\/td><td>Visitante<\/td><td>2-0<\/td><\/tr><tr><td>Camboya<\/td><td>Local<\/td><td>14-0<\/td><\/tr><tr><td>Bahrein<\/td><td>Visitante<\/td><td>0-1<\/td><\/tr><tr><td>Irak<\/td><td>Visitante<\/td><td>1-2<\/td><\/tr><tr><td>Hong Kong<\/td><td>Local<\/td><td>3-1<\/td><\/tr><tr><td>Bahrein<\/td><td>Visitante<\/td><td>3-0<\/td><\/tr><tr><td>Camboya<\/td><td>Local<\/td><td>10-0<\/td><\/tr><tr><td>Irak<\/td><td>Local<\/td><td>1-0<\/td><\/tr><tr><td>Siria<\/td><td>Local<\/td><td>1-0<\/td><\/tr><tr><td>Irak<\/td><td>Visitante<\/td><td>3-0<\/td><\/tr><tr><td>Emiratos \u00c1rabes Unidos<\/td><td>Visitante<\/td><td>1-0<\/td><\/tr><tr><td>Corea del Sur<\/td><td>Local<\/td><td>1-1<\/td><\/tr><tr><td>L\u00edbano<\/td><td>Visitante<\/td><td>2-1<\/td><\/tr><tr><td>Siria<\/td><td>Visitante<\/td><td>3-0<\/td><\/tr><tr><td>Irak<\/td><td>Local<\/td><td>1-0<\/td><\/tr><tr><td>Emiratos \u00c1rabes Unidos<\/td><td>Local<\/td><td>1-0<\/td><\/tr><tr><td>Corea del Sur<\/td><td>Visitante<\/td><td>0-2<\/td><\/tr><tr><td>L\u00edbano<\/td><td>Local<\/td><td>2-0<\/td><\/tr><\/tbody><\/table><\/figure>\n\n\n\n<h2 class=\"wp-block-heading\">Historial de Ir\u00e1n en la Copa del Mundo<\/h2>\n\n\n\n<p><strong>La Selecci\u00f3n de Ir\u00e1n particip\u00f3 en cinco Mundiales<\/strong>&nbsp;y no estuvo presente en 15 ocasiones. Por otro lado, nunca gan\u00f3 el torneo, jug\u00f3 15 partidos, gan\u00f3 2, empat\u00f3 4 y perdi\u00f3 9.<\/p>\n\n\n\n<ul class=\"wp-block-list\"><li><strong>Posici\u00f3n hist\u00f3rica:<\/strong>\u00a048\u00ba.<\/li><li><strong>M\u00e1ximo goleador<\/strong>: Karim Ansarifard (2).<\/li><li><strong>Mejor actuaci\u00f3n:<\/strong>\u00a0eliminados en primera ronda en 1978.<\/li><li><strong>Peor actuaci\u00f3n:<\/strong>\u00a0eliminados en grupos en Brasil 2014.<\/li><\/ul>\n\n\n\n<h2 class=\"wp-block-heading\">Qu\u00e9 se puede esperar de Ir\u00e1n en el Mundial Qatar 2022<\/h2>\n\n\n\n<p><strong>Ir\u00e1n<\/strong>&nbsp;est\u00e1 en el grupo con Inglaterra, que es la selecci\u00f3n favorita en esa zona a quedarse con la primera posici\u00f3n.&nbsp;<strong>Por lo tanto, se puede esperar que luche por un segundo puesto con Estados Unidos y Gales.<\/strong>&nbsp;En caso de avanzar de ronda, ser\u00eda un m\u00e9rito deportivo, debido a que nunca lo lograron en su historia.<\/p>\n","protected":false},"excerpt":{"rendered":"<p>En los \u00faltimos a\u00f1os,&nbsp;Ir\u00e1n&nbsp;termin\u00f3 de afirmarse como&nbsp;la potencia del f\u00fatbol asi\u00e1tico&nbsp;que hab\u00eda sido en la&#8230;<\/p>\n","protected":false},"author":4,"featured_media":417,"comment_status":"open","ping_status":"open","sticky":false,"template":"","format":"standard","meta":{"footnotes":""},"categories":[24,36,17],"tags":[],"class_list":["post-414","post","type-post","status-publish","format-standard","has-post-thumbnail","hentry","category-grupo-b","category-iran","category-qatar-2022"],"yoast_head":"<!-- This site is optimized with the Yoast SEO plugin v19.5.1 - https:\/\/yoast.com\/wordpress\/plugins\/seo\/ -->\n<title>Ir\u00e1n, el gigante asi\u00e1tico de Qatar 2022 - LA PATRIA FUTBOLERA<\/title>\n<meta name=\"robots\" content=\"index, follow, max-snippet:-1, max-image-preview:large, max-video-preview:-1\" \/>\n<link rel=\"canonical\" href=\"https:\/\/lapatriafutbolera.com.ar\/index.php\/2022\/09\/16\/iran-el-gigante-asiatico-de-qatar-2022\/\" \/>\n<meta property=\"og:locale\" content=\"es_ES\" \/>\n<meta property=\"og:type\" content=\"article\" \/>\n<meta property=\"og:title\" content=\"Ir\u00e1n, el gigante asi\u00e1tico de Qatar 2022 - LA PATRIA FUTBOLERA\" \/>\n<meta property=\"og:description\" content=\"En los \u00faltimos a\u00f1os,&nbsp;Ir\u00e1n&nbsp;termin\u00f3 de afirmarse como&nbsp;la potencia del f\u00fatbol asi\u00e1tico&nbsp;que hab\u00eda sido en la...\" \/>\n<meta property=\"og:url\" content=\"https:\/\/lapatriafutbolera.com.ar\/index.php\/2022\/09\/16\/iran-el-gigante-asiatico-de-qatar-2022\/\" \/>\n<meta property=\"og:site_name\" content=\"LA PATRIA FUTBOLERA\" \/>\n<meta property=\"article:published_time\" content=\"2022-09-16T10:47:17+00:00\" \/>\n<meta property=\"article:modified_time\" content=\"2022-09-16T10:56:13+00:00\" \/>\n<meta property=\"og:image\" content=\"https:\/\/lapatriafutbolera.com.ar\/wp-content\/uploads\/2022\/09\/iran_862x485.webp\" \/>\n\t<meta property=\"og:image:width\" content=\"862\" \/>\n\t<meta property=\"og:image:height\" content=\"485\" \/>\n\t<meta property=\"og:image:type\" content=\"image\/webp\" \/>\n<meta name=\"author\" content=\"Redacci\u00f3n LPF\" \/>\n<meta name=\"twitter:card\" content=\"summary_large_image\" \/>\n<meta name=\"twitter:label1\" content=\"Escrito por\" \/>\n\t<meta name=\"twitter:data1\" content=\"Redacci\u00f3n LPF\" \/>\n\t<meta name=\"twitter:label2\" content=\"Tiempo de lectura\" \/>\n\t<meta name=\"twitter:data2\" content=\"3 minutos\" \/>\n<script type=\"application\/ld+json\" class=\"yoast-schema-graph\">{\"@context\":\"https:\/\/schema.org\",\"@graph\":[{\"@type\":\"Article\",\"@id\":\"https:\/\/lapatriafutbolera.com.ar\/index.php\/2022\/09\/16\/iran-el-gigante-asiatico-de-qatar-2022\/#article\",\"isPartOf\":{\"@id\":\"https:\/\/lapatriafutbolera.com.ar\/index.php\/2022\/09\/16\/iran-el-gigante-asiatico-de-qatar-2022\/\"},\"author\":{\"name\":\"Redacci\u00f3n LPF\",\"@id\":\"https:\/\/lapatriafutbolera.com.ar\/#\/schema\/person\/eb56fb3a7e76133611d5b2d9f706bd97\"},\"headline\":\"Ir\u00e1n, el gigante asi\u00e1tico de Qatar 2022\",\"datePublished\":\"2022-09-16T10:47:17+00:00\",\"dateModified\":\"2022-09-16T10:56:13+00:00\",\"mainEntityOfPage\":{\"@id\":\"https:\/\/lapatriafutbolera.com.ar\/index.php\/2022\/09\/16\/iran-el-gigante-asiatico-de-qatar-2022\/\"},\"wordCount\":585,\"commentCount\":0,\"publisher\":{\"@id\":\"https:\/\/lapatriafutbolera.com.ar\/#organization\"},\"articleSection\":[\"Grupo B\",\"Iran\",\"Qatar 2022\"],\"inLanguage\":\"es-AR\",\"potentialAction\":[{\"@type\":\"CommentAction\",\"name\":\"Comment\",\"target\":[\"https:\/\/lapatriafutbolera.com.ar\/index.php\/2022\/09\/16\/iran-el-gigante-asiatico-de-qatar-2022\/#respond\"]}]},{\"@type\":\"WebPage\",\"@id\":\"https:\/\/lapatriafutbolera.com.ar\/index.php\/2022\/09\/16\/iran-el-gigante-asiatico-de-qatar-2022\/\",\"url\":\"https:\/\/lapatriafutbolera.com.ar\/index.php\/2022\/09\/16\/iran-el-gigante-asiatico-de-qatar-2022\/\",\"name\":\"Ir\u00e1n, el gigante asi\u00e1tico de Qatar 2022 - LA PATRIA FUTBOLERA\",\"isPartOf\":{\"@id\":\"https:\/\/lapatriafutbolera.com.ar\/#website\"},\"datePublished\":\"2022-09-16T10:47:17+00:00\",\"dateModified\":\"2022-09-16T10:56:13+00:00\",\"breadcrumb\":{\"@id\":\"https:\/\/lapatriafutbolera.com.ar\/index.php\/2022\/09\/16\/iran-el-gigante-asiatico-de-qatar-2022\/#breadcrumb\"},\"inLanguage\":\"es-AR\",\"potentialAction\":[{\"@type\":\"ReadAction\",\"target\":[\"https:\/\/lapatriafutbolera.com.ar\/index.php\/2022\/09\/16\/iran-el-gigante-asiatico-de-qatar-2022\/\"]}]},{\"@type\":\"BreadcrumbList\",\"@id\":\"https:\/\/lapatriafutbolera.com.ar\/index.php\/2022\/09\/16\/iran-el-gigante-asiatico-de-qatar-2022\/#breadcrumb\",\"itemListElement\":[{\"@type\":\"ListItem\",\"position\":1,\"name\":\"Inicio\",\"item\":\"https:\/\/lapatriafutbolera.com.ar\/\"},{\"@type\":\"ListItem\",\"position\":2,\"name\":\"Ir\u00e1n, el gigante asi\u00e1tico de Qatar 2022\"}]},{\"@type\":\"WebSite\",\"@id\":\"https:\/\/lapatriafutbolera.com.ar\/#website\",\"url\":\"https:\/\/lapatriafutbolera.com.ar\/\",\"name\":\"LA PATRIA FUTBOLERA\",\"description\":\"\",\"publisher\":{\"@id\":\"https:\/\/lapatriafutbolera.com.ar\/#organization\"},\"potentialAction\":[{\"@type\":\"SearchAction\",\"target\":{\"@type\":\"EntryPoint\",\"urlTemplate\":\"https:\/\/lapatriafutbolera.com.ar\/?s={search_term_string}\"},\"query-input\":\"required name=search_term_string\"}],\"inLanguage\":\"es-AR\"},{\"@type\":\"Organization\",\"@id\":\"https:\/\/lapatriafutbolera.com.ar\/#organization\",\"name\":\"LA PATRIA FUTBOLERA\",\"url\":\"https:\/\/lapatriafutbolera.com.ar\/\",\"sameAs\":[],\"logo\":{\"@type\":\"ImageObject\",\"inLanguage\":\"es-AR\",\"@id\":\"https:\/\/lapatriafutbolera.com.ar\/#\/schema\/logo\/image\/\",\"url\":\"https:\/\/lapatriafutbolera.com.ar\/wp-content\/uploads\/2025\/03\/cropped-LA-PATRIA-14.jpg\",\"contentUrl\":\"https:\/\/lapatriafutbolera.com.ar\/wp-content\/uploads\/2025\/03\/cropped-LA-PATRIA-14.jpg\",\"width\":1308,\"height\":221,\"caption\":\"LA PATRIA FUTBOLERA\"},\"image\":{\"@id\":\"https:\/\/lapatriafutbolera.com.ar\/#\/schema\/logo\/image\/\"}},{\"@type\":\"Person\",\"@id\":\"https:\/\/lapatriafutbolera.com.ar\/#\/schema\/person\/eb56fb3a7e76133611d5b2d9f706bd97\",\"name\":\"Redacci\u00f3n LPF\",\"image\":{\"@type\":\"ImageObject\",\"inLanguage\":\"es-AR\",\"@id\":\"https:\/\/lapatriafutbolera.com.ar\/#\/schema\/person\/image\/\",\"url\":\"https:\/\/secure.gravatar.com\/avatar\/57dc12e3750972170624cd118ca21d4157841e9e7b211e6dfe7a00b61088d285?s=96&d=mm&r=g\",\"contentUrl\":\"https:\/\/secure.gravatar.com\/avatar\/57dc12e3750972170624cd118ca21d4157841e9e7b211e6dfe7a00b61088d285?s=96&d=mm&r=g\",\"caption\":\"Redacci\u00f3n LPF\"},\"sameAs\":[\"http:\/\/lapatriafutbolera.com.ar\"],\"url\":\"https:\/\/lapatriafutbolera.com.ar\/index.php\/author\/redaccion-lpf\/\"}]}<\/script>\n<!-- \/ Yoast SEO plugin. -->","yoast_head_json":{"title":"Ir\u00e1n, el gigante asi\u00e1tico de Qatar 2022 - LA PATRIA FUTBOLERA","robots":{"index":"index","follow":"follow","max-snippet":"max-snippet:-1","max-image-preview":"max-image-preview:large","max-video-preview":"max-video-preview:-1"},"canonical":"https:\/\/lapatriafutbolera.com.ar\/index.php\/2022\/09\/16\/iran-el-gigante-asiatico-de-qatar-2022\/","og_locale":"es_ES","og_type":"article","og_title":"Ir\u00e1n, el gigante asi\u00e1tico de Qatar 2022 - LA PATRIA FUTBOLERA","og_description":"En los \u00faltimos a\u00f1os,&nbsp;Ir\u00e1n&nbsp;termin\u00f3 de afirmarse como&nbsp;la potencia del f\u00fatbol asi\u00e1tico&nbsp;que hab\u00eda sido en la...","og_url":"https:\/\/lapatriafutbolera.com.ar\/index.php\/2022\/09\/16\/iran-el-gigante-asiatico-de-qatar-2022\/","og_site_name":"LA PATRIA FUTBOLERA","article_published_time":"2022-09-16T10:47:17+00:00","article_modified_time":"2022-09-16T10:56:13+00:00","og_image":[{"width":862,"height":485,"url":"https:\/\/lapatriafutbolera.com.ar\/wp-content\/uploads\/2022\/09\/iran_862x485.webp","type":"image\/webp"}],"author":"Redacci\u00f3n LPF","twitter_card":"summary_large_image","twitter_misc":{"Escrito por":"Redacci\u00f3n LPF","Tiempo de lectura":"3 minutos"},"schema":{"@context":"https:\/\/schema.org","@graph":[{"@type":"Article","@id":"https:\/\/lapatriafutbolera.com.ar\/index.php\/2022\/09\/16\/iran-el-gigante-asiatico-de-qatar-2022\/#article","isPartOf":{"@id":"https:\/\/lapatriafutbolera.com.ar\/index.php\/2022\/09\/16\/iran-el-gigante-asiatico-de-qatar-2022\/"},"author":{"name":"Redacci\u00f3n LPF","@id":"https:\/\/lapatriafutbolera.com.ar\/#\/schema\/person\/eb56fb3a7e76133611d5b2d9f706bd97"},"headline":"Ir\u00e1n, el gigante asi\u00e1tico de Qatar 2022","datePublished":"2022-09-16T10:47:17+00:00","dateModified":"2022-09-16T10:56:13+00:00","mainEntityOfPage":{"@id":"https:\/\/lapatriafutbolera.com.ar\/index.php\/2022\/09\/16\/iran-el-gigante-asiatico-de-qatar-2022\/"},"wordCount":585,"commentCount":0,"publisher":{"@id":"https:\/\/lapatriafutbolera.com.ar\/#organization"},"articleSection":["Grupo B","Iran","Qatar 2022"],"inLanguage":"es-AR","potentialAction":[{"@type":"CommentAction","name":"Comment","target":["https:\/\/lapatriafutbolera.com.ar\/index.php\/2022\/09\/16\/iran-el-gigante-asiatico-de-qatar-2022\/#respond"]}]},{"@type":"WebPage","@id":"https:\/\/lapatriafutbolera.com.ar\/index.php\/2022\/09\/16\/iran-el-gigante-asiatico-de-qatar-2022\/","url":"https:\/\/lapatriafutbolera.com.ar\/index.php\/2022\/09\/16\/iran-el-gigante-asiatico-de-qatar-2022\/","name":"Ir\u00e1n, el gigante asi\u00e1tico de Qatar 2022 - LA PATRIA FUTBOLERA","isPartOf":{"@id":"https:\/\/lapatriafutbolera.com.ar\/#website"},"datePublished":"2022-09-16T10:47:17+00:00","dateModified":"2022-09-16T10:56:13+00:00","breadcrumb":{"@id":"https:\/\/lapatriafutbolera.com.ar\/index.php\/2022\/09\/16\/iran-el-gigante-asiatico-de-qatar-2022\/#breadcrumb"},"inLanguage":"es-AR","potentialAction":[{"@type":"ReadAction","target":["https:\/\/lapatriafutbolera.com.ar\/index.php\/2022\/09\/16\/iran-el-gigante-asiatico-de-qatar-2022\/"]}]},{"@type":"BreadcrumbList","@id":"https:\/\/lapatriafutbolera.com.ar\/index.php\/2022\/09\/16\/iran-el-gigante-asiatico-de-qatar-2022\/#breadcrumb","itemListElement":[{"@type":"ListItem","position":1,"name":"Inicio","item":"https:\/\/lapatriafutbolera.com.ar\/"},{"@type":"ListItem","position":2,"name":"Ir\u00e1n, el gigante asi\u00e1tico de Qatar 2022"}]},{"@type":"WebSite","@id":"https:\/\/lapatriafutbolera.com.ar\/#website","url":"https:\/\/lapatriafutbolera.com.ar\/","name":"LA PATRIA FUTBOLERA","description":"","publisher":{"@id":"https:\/\/lapatriafutbolera.com.ar\/#organization"},"potentialAction":[{"@type":"SearchAction","target":{"@type":"EntryPoint","urlTemplate":"https:\/\/lapatriafutbolera.com.ar\/?s={search_term_string}"},"query-input":"required name=search_term_string"}],"inLanguage":"es-AR"},{"@type":"Organization","@id":"https:\/\/lapatriafutbolera.com.ar\/#organization","name":"LA PATRIA FUTBOLERA","url":"https:\/\/lapatriafutbolera.com.ar\/","sameAs":[],"logo":{"@type":"ImageObject","inLanguage":"es-AR","@id":"https:\/\/lapatriafutbolera.com.ar\/#\/schema\/logo\/image\/","url":"https:\/\/lapatriafutbolera.com.ar\/wp-content\/uploads\/2025\/03\/cropped-LA-PATRIA-14.jpg","contentUrl":"https:\/\/lapatriafutbolera.com.ar\/wp-content\/uploads\/2025\/03\/cropped-LA-PATRIA-14.jpg","width":1308,"height":221,"caption":"LA PATRIA FUTBOLERA"},"image":{"@id":"https:\/\/lapatriafutbolera.com.ar\/#\/schema\/logo\/image\/"}},{"@type":"Person","@id":"https:\/\/lapatriafutbolera.com.ar\/#\/schema\/person\/eb56fb3a7e76133611d5b2d9f706bd97","name":"Redacci\u00f3n LPF","image":{"@type":"ImageObject","inLanguage":"es-AR","@id":"https:\/\/lapatriafutbolera.com.ar\/#\/schema\/person\/image\/","url":"https:\/\/secure.gravatar.com\/avatar\/57dc12e3750972170624cd118ca21d4157841e9e7b211e6dfe7a00b61088d285?s=96&d=mm&r=g","contentUrl":"https:\/\/secure.gravatar.com\/avatar\/57dc12e3750972170624cd118ca21d4157841e9e7b211e6dfe7a00b61088d285?s=96&d=mm&r=g","caption":"Redacci\u00f3n LPF"},"sameAs":["http:\/\/lapatriafutbolera.com.ar"],"url":"https:\/\/lapatriafutbolera.com.ar\/index.php\/author\/redaccion-lpf\/"}]}},"_links":{"self":[{"href":"https:\/\/lapatriafutbolera.com.ar\/index.php\/wp-json\/wp\/v2\/posts\/414","targetHints":{"allow":["GET"]}}],"collection":[{"href":"https:\/\/lapatriafutbolera.com.ar\/index.php\/wp-json\/wp\/v2\/posts"}],"about":[{"href":"https:\/\/lapatriafutbolera.com.ar\/index.php\/wp-json\/wp\/v2\/types\/post"}],"author":[{"embeddable":true,"href":"https:\/\/lapatriafutbolera.com.ar\/index.php\/wp-json\/wp\/v2\/users\/4"}],"replies":[{"embeddable":true,"href":"https:\/\/lapatriafutbolera.com.ar\/index.php\/wp-json\/wp\/v2\/comments?post=414"}],"version-history":[{"count":1,"href":"https:\/\/lapatriafutbolera.com.ar\/index.php\/wp-json\/wp\/v2\/posts\/414\/revisions"}],"predecessor-version":[{"id":418,"href":"https:\/\/lapatriafutbolera.com.ar\/index.php\/wp-json\/wp\/v2\/posts\/414\/revisions\/418"}],"wp:featuredmedia":[{"embeddable":true,"href":"https:\/\/lapatriafutbolera.com.ar\/index.php\/wp-json\/wp\/v2\/media\/417"}],"wp:attachment":[{"href":"https:\/\/lapatriafutbolera.com.ar\/index.php\/wp-json\/wp\/v2\/media?parent=414"}],"wp:term":[{"taxonomy":"category","embeddable":true,"href":"https:\/\/lapatriafutbolera.com.ar\/index.php\/wp-json\/wp\/v2\/categories?post=414"},{"taxonomy":"post_tag","embeddable":true,"href":"https:\/\/lapatriafutbolera.com.ar\/index.php\/wp-json\/wp\/v2\/tags?post=414"}],"curies":[{"name":"wp","href":"https:\/\/api.w.org\/{rel}","templated":true}]}}