{"id":428,"date":"2022-09-16T09:24:22","date_gmt":"2022-09-16T12:24:22","guid":{"rendered":"https:\/\/lapatriafutbolera.com.ar\/?p=428"},"modified":"2022-09-16T09:24:23","modified_gmt":"2022-09-16T12:24:23","slug":"fotos-un-documental-y-un-juego-de-preguntas-para-recordar-la-noche-de-los-lapices","status":"publish","type":"post","link":"https:\/\/lapatriafutbolera.com.ar\/index.php\/2022\/09\/16\/fotos-un-documental-y-un-juego-de-preguntas-para-recordar-la-noche-de-los-lapices\/","title":{"rendered":"Fotos, un documental y un juego de preguntas para recordar &#8220;La Noche de los L\u00e1pices&#8221;"},"content":{"rendered":"\n<p>Fuente: www.telam.com.ar<\/p>\n\n\n\n<p><strong><em>Se trata de una serie de recursos pedag\u00f3gicos elaborados por la Comisi\u00f3n Provincial por la Memoria para que los docentes trabajen este hecho en las aulas.<\/em><\/strong><\/p>\n\n\n\n<p>Estudiantes de las escuelas de la<strong>&nbsp;provincia de Buenos Aires podr\u00e1n recordar a los adolescentes desaparecidos&nbsp;<\/strong>durante el episodio conocido como &#8220;La Noche de los L\u00e1pices&#8221; en la<strong>&nbsp;\u00faltima dictadura militar&nbsp;<\/strong>con fotos, un documental, volantes de protestas estudiantiles y hasta un juego de preguntas, que pone a disposici\u00f3n la Comisi\u00f3n Provincial por la Memoria (CPM).<\/p>\n\n\n\n<p>Se trata de una serie de recursos pedag\u00f3gicos elaborados por la CPM para que los docentes trabajen este hecho en las aulas.<\/p>\n\n\n\n<p>Seg\u00fan inform\u00f3 la CPM, en el marco de un Especial por los&nbsp;<strong>46 a\u00f1os de La Noche de los L\u00e1pices<\/strong>, se pone a disposici\u00f3n material documental, fotos de archivo y un juego de preguntas y respuestas sobre j\u00f3venes y participaci\u00f3n pol\u00edtica en el link&nbsp;<a href=\"https:\/\/www.comisionporlamemoria.org\/project\/la-noche-de-los-lapices-guia-de-recursos-para-docentes\/\" target=\"_blank\" rel=\"noreferrer noopener\">https:\/\/www.comisionporlamemoria.org\/project\/la-noche-de-los-lapices-guia-de-recursos-para-docentes\/.<\/a><\/p>\n\n\n\n<p>Tambi\u00e9n se podr\u00e1 acceder al<strong>&nbsp;documental &#8220;Los Irrecuperables&#8221;:&nbsp;<\/strong>Tres historias de militantes de los 70&#8242; que se enlazan en el juicio al represor Miguel Etchecolatz en 2006. Las discusiones sobre juventud y pol\u00edtica de ayer y de hoy&#8221; en el link&nbsp;<a href=\"https:\/\/vimeo.com\/28518622?embedded=true&amp;source=video_title&amp;owner=3482982\" target=\"_blank\" rel=\"noreferrer noopener\">https:\/\/vimeo.com\/28518622?embedded=true&amp;source=video_title&amp;owner=3482982.<\/a><\/p>\n\n\n\n<p>Adem\u00e1s se pueden acceder a los volantes de protestas estudiantiles que se realizaron en distintas ciudades bonaerenses en memoria de ese episodio y que fueron hallados en la exDirecci\u00f3n de Inteligencia de la Polic\u00eda de Buenos Aires como parte de las tareas de vigilancia ejercidas sobre la juventud.<\/p>\n\n\n\n<p>La CPM tambi\u00e9n pone a disposici\u00f3n de las escuelas la posibilidad de hacer&nbsp;<strong>visitas guiadas<\/strong>&nbsp;a su sede, previo contacto al mail&nbsp;<strong>sitios@comisionporlamemoria.org.<\/strong><\/p>\n\n\n\n<h2 class=\"wp-block-heading\">46 A\u00f1os de los secuestros<\/h2>\n\n\n\n<p>La noche del 16 de septiembre de 1976 las fuerzas represivas secuestraron a Horacio Ungaro junto a un amigo que se hab\u00eda quedado a dormir en su casa: Daniel Alberto Racero.<\/p>\n\n\n\n<p>Adem\u00e1s de Horacio y Daniel, fueron secuestrados Claudio De Acha, Mar\u00eda Clara Ciocchini, Mar\u00eda Claudia Falcone y Francisco L\u00f3pez Muntaner; en tanto el 17 de septiembre los represores apresaron a Emilce Moler y Patricia Miranda y cuatro d\u00edas despu\u00e9s fue detenido Pablo D\u00edaz, pero una semana antes hab\u00edan secuestrado al estudiante Gustavo Calotti.<\/p>\n\n\n\n<p>Todos fueron conducidos al centro clandestino de detenci\u00f3n Arana, donde se los tortur\u00f3 durante semanas y luego se los traslad\u00f3 a la prisi\u00f3n ilegal Pozo de Banfield.<\/p>\n\n\n\n<p>Moler, D\u00edaz, Miranda y Calotti recuperaron la libertad mientras los seis restantes siguen desaparecidos.<\/p>\n\n\n\n<p>Nora Ungaro, hermana de Marta y Horacio, tambi\u00e9n fue secuestrada 15 d\u00edas despu\u00e9s que su hermano, y liberada luego de 20 d\u00edas tras ser alojada en el centro clandestino de Arana y en el Pozo de Quilmes.<\/p>\n","protected":false},"excerpt":{"rendered":"<p>Fuente: www.telam.com.ar Se trata de una serie de recursos pedag\u00f3gicos elaborados por la Comisi\u00f3n Provincial&#8230;<\/p>\n","protected":false},"author":4,"featured_media":429,"comment_status":"open","ping_status":"open","sticky":false,"template":"","format":"standard","meta":{"footnotes":""},"categories":[11],"tags":[],"class_list":["post-428","post","type-post","status-publish","format-standard","has-post-thumbnail","hentry","category-derechos-humanos"],"yoast_head":"<!-- This site is optimized with the Yoast SEO plugin v19.5.1 - https:\/\/yoast.com\/wordpress\/plugins\/seo\/ -->\n<title>Fotos, un documental y un juego de preguntas para recordar &quot;La Noche de los L\u00e1pices&quot; - LA PATRIA FUTBOLERA<\/title>\n<meta name=\"robots\" content=\"index, follow, max-snippet:-1, max-image-preview:large, max-video-preview:-1\" \/>\n<link rel=\"canonical\" href=\"https:\/\/lapatriafutbolera.com.ar\/index.php\/2022\/09\/16\/fotos-un-documental-y-un-juego-de-preguntas-para-recordar-la-noche-de-los-lapices\/\" \/>\n<meta property=\"og:locale\" content=\"es_ES\" \/>\n<meta property=\"og:type\" content=\"article\" \/>\n<meta property=\"og:title\" content=\"Fotos, un documental y un juego de preguntas para recordar &quot;La Noche de los L\u00e1pices&quot; - LA PATRIA FUTBOLERA\" \/>\n<meta property=\"og:description\" content=\"Fuente: www.telam.com.ar Se trata de una serie de recursos pedag\u00f3gicos elaborados por la Comisi\u00f3n Provincial...\" \/>\n<meta property=\"og:url\" content=\"https:\/\/lapatriafutbolera.com.ar\/index.php\/2022\/09\/16\/fotos-un-documental-y-un-juego-de-preguntas-para-recordar-la-noche-de-los-lapices\/\" \/>\n<meta property=\"og:site_name\" content=\"LA PATRIA FUTBOLERA\" \/>\n<meta property=\"article:published_time\" content=\"2022-09-16T12:24:22+00:00\" \/>\n<meta property=\"article:modified_time\" content=\"2022-09-16T12:24:23+00:00\" \/>\n<meta property=\"og:image\" content=\"https:\/\/lapatriafutbolera.com.ar\/wp-content\/uploads\/2022\/09\/5f61308527742_900.jpg\" \/>\n\t<meta property=\"og:image:width\" content=\"900\" \/>\n\t<meta property=\"og:image:height\" content=\"506\" \/>\n\t<meta property=\"og:image:type\" content=\"image\/jpeg\" \/>\n<meta name=\"author\" content=\"Redacci\u00f3n LPF\" \/>\n<meta name=\"twitter:card\" content=\"summary_large_image\" \/>\n<meta name=\"twitter:label1\" content=\"Escrito por\" \/>\n\t<meta name=\"twitter:data1\" content=\"Redacci\u00f3n LPF\" \/>\n\t<meta name=\"twitter:label2\" content=\"Tiempo de lectura\" \/>\n\t<meta name=\"twitter:data2\" content=\"2 minutos\" \/>\n<script type=\"application\/ld+json\" class=\"yoast-schema-graph\">{\"@context\":\"https:\/\/schema.org\",\"@graph\":[{\"@type\":\"Article\",\"@id\":\"https:\/\/lapatriafutbolera.com.ar\/index.php\/2022\/09\/16\/fotos-un-documental-y-un-juego-de-preguntas-para-recordar-la-noche-de-los-lapices\/#article\",\"isPartOf\":{\"@id\":\"https:\/\/lapatriafutbolera.com.ar\/index.php\/2022\/09\/16\/fotos-un-documental-y-un-juego-de-preguntas-para-recordar-la-noche-de-los-lapices\/\"},\"author\":{\"name\":\"Redacci\u00f3n LPF\",\"@id\":\"https:\/\/lapatriafutbolera.com.ar\/#\/schema\/person\/eb56fb3a7e76133611d5b2d9f706bd97\"},\"headline\":\"Fotos, un documental y un juego de preguntas para recordar &#8220;La Noche de los L\u00e1pices&#8221;\",\"datePublished\":\"2022-09-16T12:24:22+00:00\",\"dateModified\":\"2022-09-16T12:24:23+00:00\",\"mainEntityOfPage\":{\"@id\":\"https:\/\/lapatriafutbolera.com.ar\/index.php\/2022\/09\/16\/fotos-un-documental-y-un-juego-de-preguntas-para-recordar-la-noche-de-los-lapices\/\"},\"wordCount\":509,\"commentCount\":0,\"publisher\":{\"@id\":\"https:\/\/lapatriafutbolera.com.ar\/#organization\"},\"articleSection\":[\"Derechos Humanos\"],\"inLanguage\":\"es-AR\",\"potentialAction\":[{\"@type\":\"CommentAction\",\"name\":\"Comment\",\"target\":[\"https:\/\/lapatriafutbolera.com.ar\/index.php\/2022\/09\/16\/fotos-un-documental-y-un-juego-de-preguntas-para-recordar-la-noche-de-los-lapices\/#respond\"]}]},{\"@type\":\"WebPage\",\"@id\":\"https:\/\/lapatriafutbolera.com.ar\/index.php\/2022\/09\/16\/fotos-un-documental-y-un-juego-de-preguntas-para-recordar-la-noche-de-los-lapices\/\",\"url\":\"https:\/\/lapatriafutbolera.com.ar\/index.php\/2022\/09\/16\/fotos-un-documental-y-un-juego-de-preguntas-para-recordar-la-noche-de-los-lapices\/\",\"name\":\"Fotos, un documental y un juego de preguntas para recordar \\\"La Noche de los L\u00e1pices\\\" - LA PATRIA FUTBOLERA\",\"isPartOf\":{\"@id\":\"https:\/\/lapatriafutbolera.com.ar\/#website\"},\"datePublished\":\"2022-09-16T12:24:22+00:00\",\"dateModified\":\"2022-09-16T12:24:23+00:00\",\"breadcrumb\":{\"@id\":\"https:\/\/lapatriafutbolera.com.ar\/index.php\/2022\/09\/16\/fotos-un-documental-y-un-juego-de-preguntas-para-recordar-la-noche-de-los-lapices\/#breadcrumb\"},\"inLanguage\":\"es-AR\",\"potentialAction\":[{\"@type\":\"ReadAction\",\"target\":[\"https:\/\/lapatriafutbolera.com.ar\/index.php\/2022\/09\/16\/fotos-un-documental-y-un-juego-de-preguntas-para-recordar-la-noche-de-los-lapices\/\"]}]},{\"@type\":\"BreadcrumbList\",\"@id\":\"https:\/\/lapatriafutbolera.com.ar\/index.php\/2022\/09\/16\/fotos-un-documental-y-un-juego-de-preguntas-para-recordar-la-noche-de-los-lapices\/#breadcrumb\",\"itemListElement\":[{\"@type\":\"ListItem\",\"position\":1,\"name\":\"Inicio\",\"item\":\"https:\/\/lapatriafutbolera.com.ar\/\"},{\"@type\":\"ListItem\",\"position\":2,\"name\":\"Fotos, un documental y un juego de preguntas para recordar &#8220;La Noche de los L\u00e1pices&#8221;\"}]},{\"@type\":\"WebSite\",\"@id\":\"https:\/\/lapatriafutbolera.com.ar\/#website\",\"url\":\"https:\/\/lapatriafutbolera.com.ar\/\",\"name\":\"LA PATRIA FUTBOLERA\",\"description\":\"\",\"publisher\":{\"@id\":\"https:\/\/lapatriafutbolera.com.ar\/#organization\"},\"potentialAction\":[{\"@type\":\"SearchAction\",\"target\":{\"@type\":\"EntryPoint\",\"urlTemplate\":\"https:\/\/lapatriafutbolera.com.ar\/?s={search_term_string}\"},\"query-input\":\"required name=search_term_string\"}],\"inLanguage\":\"es-AR\"},{\"@type\":\"Organization\",\"@id\":\"https:\/\/lapatriafutbolera.com.ar\/#organization\",\"name\":\"LA PATRIA FUTBOLERA\",\"url\":\"https:\/\/lapatriafutbolera.com.ar\/\",\"sameAs\":[],\"logo\":{\"@type\":\"ImageObject\",\"inLanguage\":\"es-AR\",\"@id\":\"https:\/\/lapatriafutbolera.com.ar\/#\/schema\/logo\/image\/\",\"url\":\"https:\/\/lapatriafutbolera.com.ar\/wp-content\/uploads\/2025\/03\/cropped-LA-PATRIA-14.jpg\",\"contentUrl\":\"https:\/\/lapatriafutbolera.com.ar\/wp-content\/uploads\/2025\/03\/cropped-LA-PATRIA-14.jpg\",\"width\":1308,\"height\":221,\"caption\":\"LA PATRIA FUTBOLERA\"},\"image\":{\"@id\":\"https:\/\/lapatriafutbolera.com.ar\/#\/schema\/logo\/image\/\"}},{\"@type\":\"Person\",\"@id\":\"https:\/\/lapatriafutbolera.com.ar\/#\/schema\/person\/eb56fb3a7e76133611d5b2d9f706bd97\",\"name\":\"Redacci\u00f3n LPF\",\"image\":{\"@type\":\"ImageObject\",\"inLanguage\":\"es-AR\",\"@id\":\"https:\/\/lapatriafutbolera.com.ar\/#\/schema\/person\/image\/\",\"url\":\"https:\/\/secure.gravatar.com\/avatar\/57dc12e3750972170624cd118ca21d4157841e9e7b211e6dfe7a00b61088d285?s=96&d=mm&r=g\",\"contentUrl\":\"https:\/\/secure.gravatar.com\/avatar\/57dc12e3750972170624cd118ca21d4157841e9e7b211e6dfe7a00b61088d285?s=96&d=mm&r=g\",\"caption\":\"Redacci\u00f3n LPF\"},\"sameAs\":[\"http:\/\/lapatriafutbolera.com.ar\"],\"url\":\"https:\/\/lapatriafutbolera.com.ar\/index.php\/author\/redaccion-lpf\/\"}]}<\/script>\n<!-- \/ Yoast SEO plugin. -->","yoast_head_json":{"title":"Fotos, un documental y un juego de preguntas para recordar \"La Noche de los L\u00e1pices\" - LA PATRIA FUTBOLERA","robots":{"index":"index","follow":"follow","max-snippet":"max-snippet:-1","max-image-preview":"max-image-preview:large","max-video-preview":"max-video-preview:-1"},"canonical":"https:\/\/lapatriafutbolera.com.ar\/index.php\/2022\/09\/16\/fotos-un-documental-y-un-juego-de-preguntas-para-recordar-la-noche-de-los-lapices\/","og_locale":"es_ES","og_type":"article","og_title":"Fotos, un documental y un juego de preguntas para recordar \"La Noche de los L\u00e1pices\" - LA PATRIA FUTBOLERA","og_description":"Fuente: www.telam.com.ar Se trata de una serie de recursos pedag\u00f3gicos elaborados por la Comisi\u00f3n Provincial...","og_url":"https:\/\/lapatriafutbolera.com.ar\/index.php\/2022\/09\/16\/fotos-un-documental-y-un-juego-de-preguntas-para-recordar-la-noche-de-los-lapices\/","og_site_name":"LA PATRIA FUTBOLERA","article_published_time":"2022-09-16T12:24:22+00:00","article_modified_time":"2022-09-16T12:24:23+00:00","og_image":[{"width":900,"height":506,"url":"https:\/\/lapatriafutbolera.com.ar\/wp-content\/uploads\/2022\/09\/5f61308527742_900.jpg","type":"image\/jpeg"}],"author":"Redacci\u00f3n LPF","twitter_card":"summary_large_image","twitter_misc":{"Escrito por":"Redacci\u00f3n LPF","Tiempo de lectura":"2 minutos"},"schema":{"@context":"https:\/\/schema.org","@graph":[{"@type":"Article","@id":"https:\/\/lapatriafutbolera.com.ar\/index.php\/2022\/09\/16\/fotos-un-documental-y-un-juego-de-preguntas-para-recordar-la-noche-de-los-lapices\/#article","isPartOf":{"@id":"https:\/\/lapatriafutbolera.com.ar\/index.php\/2022\/09\/16\/fotos-un-documental-y-un-juego-de-preguntas-para-recordar-la-noche-de-los-lapices\/"},"author":{"name":"Redacci\u00f3n LPF","@id":"https:\/\/lapatriafutbolera.com.ar\/#\/schema\/person\/eb56fb3a7e76133611d5b2d9f706bd97"},"headline":"Fotos, un documental y un juego de preguntas para recordar &#8220;La Noche de los L\u00e1pices&#8221;","datePublished":"2022-09-16T12:24:22+00:00","dateModified":"2022-09-16T12:24:23+00:00","mainEntityOfPage":{"@id":"https:\/\/lapatriafutbolera.com.ar\/index.php\/2022\/09\/16\/fotos-un-documental-y-un-juego-de-preguntas-para-recordar-la-noche-de-los-lapices\/"},"wordCount":509,"commentCount":0,"publisher":{"@id":"https:\/\/lapatriafutbolera.com.ar\/#organization"},"articleSection":["Derechos Humanos"],"inLanguage":"es-AR","potentialAction":[{"@type":"CommentAction","name":"Comment","target":["https:\/\/lapatriafutbolera.com.ar\/index.php\/2022\/09\/16\/fotos-un-documental-y-un-juego-de-preguntas-para-recordar-la-noche-de-los-lapices\/#respond"]}]},{"@type":"WebPage","@id":"https:\/\/lapatriafutbolera.com.ar\/index.php\/2022\/09\/16\/fotos-un-documental-y-un-juego-de-preguntas-para-recordar-la-noche-de-los-lapices\/","url":"https:\/\/lapatriafutbolera.com.ar\/index.php\/2022\/09\/16\/fotos-un-documental-y-un-juego-de-preguntas-para-recordar-la-noche-de-los-lapices\/","name":"Fotos, un documental y un juego de preguntas para recordar \"La Noche de los L\u00e1pices\" - LA PATRIA FUTBOLERA","isPartOf":{"@id":"https:\/\/lapatriafutbolera.com.ar\/#website"},"datePublished":"2022-09-16T12:24:22+00:00","dateModified":"2022-09-16T12:24:23+00:00","breadcrumb":{"@id":"https:\/\/lapatriafutbolera.com.ar\/index.php\/2022\/09\/16\/fotos-un-documental-y-un-juego-de-preguntas-para-recordar-la-noche-de-los-lapices\/#breadcrumb"},"inLanguage":"es-AR","potentialAction":[{"@type":"ReadAction","target":["https:\/\/lapatriafutbolera.com.ar\/index.php\/2022\/09\/16\/fotos-un-documental-y-un-juego-de-preguntas-para-recordar-la-noche-de-los-lapices\/"]}]},{"@type":"BreadcrumbList","@id":"https:\/\/lapatriafutbolera.com.ar\/index.php\/2022\/09\/16\/fotos-un-documental-y-un-juego-de-preguntas-para-recordar-la-noche-de-los-lapices\/#breadcrumb","itemListElement":[{"@type":"ListItem","position":1,"name":"Inicio","item":"https:\/\/lapatriafutbolera.com.ar\/"},{"@type":"ListItem","position":2,"name":"Fotos, un documental y un juego de preguntas para recordar &#8220;La Noche de los L\u00e1pices&#8221;"}]},{"@type":"WebSite","@id":"https:\/\/lapatriafutbolera.com.ar\/#website","url":"https:\/\/lapatriafutbolera.com.ar\/","name":"LA PATRIA FUTBOLERA","description":"","publisher":{"@id":"https:\/\/lapatriafutbolera.com.ar\/#organization"},"potentialAction":[{"@type":"SearchAction","target":{"@type":"EntryPoint","urlTemplate":"https:\/\/lapatriafutbolera.com.ar\/?s={search_term_string}"},"query-input":"required name=search_term_string"}],"inLanguage":"es-AR"},{"@type":"Organization","@id":"https:\/\/lapatriafutbolera.com.ar\/#organization","name":"LA PATRIA FUTBOLERA","url":"https:\/\/lapatriafutbolera.com.ar\/","sameAs":[],"logo":{"@type":"ImageObject","inLanguage":"es-AR","@id":"https:\/\/lapatriafutbolera.com.ar\/#\/schema\/logo\/image\/","url":"https:\/\/lapatriafutbolera.com.ar\/wp-content\/uploads\/2025\/03\/cropped-LA-PATRIA-14.jpg","contentUrl":"https:\/\/lapatriafutbolera.com.ar\/wp-content\/uploads\/2025\/03\/cropped-LA-PATRIA-14.jpg","width":1308,"height":221,"caption":"LA PATRIA FUTBOLERA"},"image":{"@id":"https:\/\/lapatriafutbolera.com.ar\/#\/schema\/logo\/image\/"}},{"@type":"Person","@id":"https:\/\/lapatriafutbolera.com.ar\/#\/schema\/person\/eb56fb3a7e76133611d5b2d9f706bd97","name":"Redacci\u00f3n LPF","image":{"@type":"ImageObject","inLanguage":"es-AR","@id":"https:\/\/lapatriafutbolera.com.ar\/#\/schema\/person\/image\/","url":"https:\/\/secure.gravatar.com\/avatar\/57dc12e3750972170624cd118ca21d4157841e9e7b211e6dfe7a00b61088d285?s=96&d=mm&r=g","contentUrl":"https:\/\/secure.gravatar.com\/avatar\/57dc12e3750972170624cd118ca21d4157841e9e7b211e6dfe7a00b61088d285?s=96&d=mm&r=g","caption":"Redacci\u00f3n LPF"},"sameAs":["http:\/\/lapatriafutbolera.com.ar"],"url":"https:\/\/lapatriafutbolera.com.ar\/index.php\/author\/redaccion-lpf\/"}]}},"_links":{"self":[{"href":"https:\/\/lapatriafutbolera.com.ar\/index.php\/wp-json\/wp\/v2\/posts\/428","targetHints":{"allow":["GET"]}}],"collection":[{"href":"https:\/\/lapatriafutbolera.com.ar\/index.php\/wp-json\/wp\/v2\/posts"}],"about":[{"href":"https:\/\/lapatriafutbolera.com.ar\/index.php\/wp-json\/wp\/v2\/types\/post"}],"author":[{"embeddable":true,"href":"https:\/\/lapatriafutbolera.com.ar\/index.php\/wp-json\/wp\/v2\/users\/4"}],"replies":[{"embeddable":true,"href":"https:\/\/lapatriafutbolera.com.ar\/index.php\/wp-json\/wp\/v2\/comments?post=428"}],"version-history":[{"count":1,"href":"https:\/\/lapatriafutbolera.com.ar\/index.php\/wp-json\/wp\/v2\/posts\/428\/revisions"}],"predecessor-version":[{"id":430,"href":"https:\/\/lapatriafutbolera.com.ar\/index.php\/wp-json\/wp\/v2\/posts\/428\/revisions\/430"}],"wp:featuredmedia":[{"embeddable":true,"href":"https:\/\/lapatriafutbolera.com.ar\/index.php\/wp-json\/wp\/v2\/media\/429"}],"wp:attachment":[{"href":"https:\/\/lapatriafutbolera.com.ar\/index.php\/wp-json\/wp\/v2\/media?parent=428"}],"wp:term":[{"taxonomy":"category","embeddable":true,"href":"https:\/\/lapatriafutbolera.com.ar\/index.php\/wp-json\/wp\/v2\/categories?post=428"},{"taxonomy":"post_tag","embeddable":true,"href":"https:\/\/lapatriafutbolera.com.ar\/index.php\/wp-json\/wp\/v2\/tags?post=428"}],"curies":[{"name":"wp","href":"https:\/\/api.w.org\/{rel}","templated":true}]}}