{"id":505,"date":"2022-10-11T12:25:47","date_gmt":"2022-10-11T15:25:47","guid":{"rendered":"https:\/\/lapatriafutbolera.com.ar\/?p=505"},"modified":"2022-10-11T12:25:49","modified_gmt":"2022-10-11T15:25:49","slug":"se-confirmo-la-lesion-de-paulo-dybala-y-crece-la-incertidumbre-sobre-su-futuro","status":"publish","type":"post","link":"https:\/\/lapatriafutbolera.com.ar\/index.php\/2022\/10\/11\/se-confirmo-la-lesion-de-paulo-dybala-y-crece-la-incertidumbre-sobre-su-futuro\/","title":{"rendered":"Se confirm\u00f3 la lesi\u00f3n de Paulo Dybala y crece la incertidumbre sobre su futuro"},"content":{"rendered":"\n<p>El cordob\u00e9s tuvo que abandonar el \u00faltimo compromiso de la Roma y el entrenador, Jos\u00e9 Mourinho, dijo que podr\u00eda ser una lesi\u00f3n grave. <strong>Los detalles<\/strong>.<\/p>\n\n\n\n<p><img loading=\"lazy\" decoding=\"async\" alt=\"El cordob\u00e9s se fue lesionado en el \u00faltimo compromiso y encendi\u00f3 las alarmas en la selecci\u00f3n argentina. Foto: REUTERS\/Ammar Awad\" height=\"5226\" width=\"7835\" class=\"\" src=\"https:\/\/cloudfront-us-east-1.images.arcpublishing.com\/infobae\/SV5DKAYLJMZTSEJRPZAM4536JU.jpg\" srcset=\"https:\/\/www.infobae.com\/new-resizer\/0zAHlIhOw-6SzCfNK7M3xJx-uDc=\/420x280\/filters:format(webp):quality(85)\/cloudfront-us-east-1.images.arcpublishing.com\/infobae\/SV5DKAYLJMZTSEJRPZAM4536JU.jpg 420w,https:\/\/www.infobae.com\/new-resizer\/NhoaxPBjFSGQk1IHNTiQ9Q7hgOU=\/768x512\/filters:format(webp):quality(85)\/cloudfront-us-east-1.images.arcpublishing.com\/infobae\/SV5DKAYLJMZTSEJRPZAM4536JU.jpg 768w,https:\/\/www.infobae.com\/new-resizer\/grGQRvMMHDlY7PkCLwm56SaZvw0=\/992x661\/filters:format(webp):quality(85)\/cloudfront-us-east-1.images.arcpublishing.com\/infobae\/SV5DKAYLJMZTSEJRPZAM4536JU.jpg 992w,https:\/\/www.infobae.com\/new-resizer\/y37xvDMNPEev8YbnK1-dVdXGhjI=\/1200x800\/filters:format(webp):quality(85)\/cloudfront-us-east-1.images.arcpublishing.com\/infobae\/SV5DKAYLJMZTSEJRPZAM4536JU.jpg 1200w,https:\/\/www.infobae.com\/new-resizer\/s7RRUt9-fICJ7JKDjrlWh3N3wJc=\/1440x960\/filters:format(webp):quality(85)\/cloudfront-us-east-1.images.arcpublishing.com\/infobae\/SV5DKAYLJMZTSEJRPZAM4536JU.jpg 1440w\">El cordob\u00e9s se fue lesionado en el \u00faltimo compromiso y encendi\u00f3 las alarmas en la selecci\u00f3n argentina. Foto: REUTERS\/Ammar Awad<\/p>\n\n\n\n<p>Son momentos de tensi\u00f3n e incertidumbre en la selecci\u00f3n argentina. Es que\u00a0<strong><a href=\"https:\/\/es.wikipedia.org\/wiki\/Paulo_Dybala\">Paulo Dybala<\/a><\/strong>, lesionado este domingo en la victoria de la\u00a0<strong><a href=\"https:\/\/www.transfermarkt.com.ar\/as-rom\/startseite\/verein\/12\">Roma<\/a>\u00a0<\/strong>sobre el Lecce por 2 a 1 en la novena fecha de la Serie A de Italia,\u00a0<strong>tendr\u00eda comprometida<\/strong>\u00a0<strong>su participaci\u00f3n en el <a href=\"https:\/\/www.fifa.com\/fifaplus\/es\/tournaments\/mens\/worldcup\/qatar2022\">Mundial de Qatar<\/a>\u00a0<\/strong>previsto a partir del 20 de noviembre.<\/p>\n\n\n\n<p>Seg\u00fan indic\u00f3 la cadena&nbsp;<em>Sky Sport&nbsp;<\/em>en Italia, los estudios m\u00e9dicos confirmaron la lesi\u00f3n del cu\u00e1driceps femoral. De esta manera,&nbsp;<em>La Joya&nbsp;<\/em><strong>podr\u00eda estar fuera de las canchas de 4 a 8 semanas<\/strong>. La duraci\u00f3n exacta de su recuperci\u00f3n la establecer\u00e1 la resonancia magn\u00e9tica que se le realizar\u00e1 en las pr\u00f3ximas 24 a 36 horas, en cuanto se se reduzca el hematoma que tiene en la zona.<\/p>\n\n\n\n<p>La preocupaci\u00f3n por la lesi\u00f3n del cordob\u00e9s aument\u00f3 tras las declaraciones del DT portugu\u00e9s<strong>\u00a0<a href=\"https:\/\/es.wikipedia.org\/wiki\/Jos%C3%A9_Mourinho\">Jos\u00e9 Mourinho<\/a>\u00a0<\/strong>tras el partido: \u201c\u00bfC\u00f3mo est\u00e1 Dybala? Digo mal para no decir muy mal, pero me temo que es m\u00e1s malo que malo. Creo que no estar\u00e1 con la Roma hasta 2023\u2033.<\/p>\n\n\n\n<p>El delantero ejecut\u00f3 el penal que le dio el triunfo a la&nbsp;<strong>Roma&nbsp;<\/strong>y de inmediato se toc\u00f3 el&nbsp;<strong>muslo izquierdo con muecas de dolor.<\/strong>&nbsp;Tras ser reemplazado, su rostro en el banco de suplentes daba indicios de una situaci\u00f3n compleja a&nbsp;<strong>42 d\u00edas del inicio de la Copa del Mundo.<\/strong><\/p>\n\n\n\n<p><strong>Dybala<\/strong>, de 28 a\u00f1os, quien permanece en contacto con el <a href=\"https:\/\/www.planbnoticias.com.ar\/index.php\/2021\/07\/13\/daniel-martinez-el-medico-pampeano-campeon-de-america-feliz-por-leo-y-el-grupo\/\">m\u00e9dico del seleccionado<strong>\u00a0Daniel Mart\u00ednez<\/strong><\/a><strong>,<\/strong>\u00a0es el futbolista argentino de mejor actualidad en la\u00a0<strong><a href=\"https:\/\/es.wikipedia.org\/wiki\/Serie_A_(Italia)\">Serie A italiana<\/a>.\u00a0<\/strong>Desde su llegada al club de la capital a principios de temporada, procedente de\u00a0<strong><a href=\"https:\/\/www.juventus.com\/es\/\">Juventus<\/a><\/strong>, el ex<strong>\u00a0<a href=\"https:\/\/www.institutoacc.com.ar\/\">Instituto de C\u00f3rdoba\u00a0<\/a><\/strong>jug\u00f3\u00a0<strong>11 partidos\u00a0<\/strong>oficiales entre el\u00a0<em><strong>Calcio\u00a0<\/strong><\/em>y la<strong>\u00a0Europa League\u00a0<\/strong>y\u00a0<strong>anot\u00f3 7 goles.<\/strong><\/p>\n\n\n\n<p>La\u00a0<em><a href=\"https:\/\/www.goal.com\/es\/noticias\/por-que-dicen-scaloneta-seleccion-argentina-como-surgio-apodo\/blt161039853d770fcf\">Scaloneta<\/a>\u00a0<\/em>tendr\u00e1 un amistoso antes del comienzo de la gran cita internacional en el pa\u00eds del Golfo ante los\u00a0<strong><a href=\"https:\/\/www.transfermarkt.com.ar\/emiratos-arabes-unidos\/kader\/verein\/5147\">Emiratos \u00c1rabes Unidos<\/a><\/strong>, que dirige el argentino<strong>\u00a0<a href=\"https:\/\/es.wikipedia.org\/wiki\/Rodolfo_Arruabarrena\">Rodolfo Arruabarrena<\/a>.<\/strong>\u00a0Dicho compromiso se disputar\u00e1 en\u00a0<strong>Abu Dabhi\u00a0<\/strong>el\u00a0<strong>16 de noviembre<\/strong>, seis d\u00edas antes del debut albiceleste frente a\u00a0<strong>Arabia Saudita<\/strong>\u00a0en la\u00a0<strong>Copa del Mundo de Qatar<\/strong>. Luego, el\u00a0<strong>s\u00e1bado 26<\/strong>\u00a0el representativo nacional afrontar\u00e1 su segundo encuentro del\u00a0<strong>Grupo C<\/strong>\u00a0contra\u00a0<strong>M\u00e9xico<\/strong>, a cargo de\u00a0<strong>Gerardo Martino<\/strong>, y cerrar\u00e1 la fase inicial frente a\u00a0<strong>Polonia\u00a0<\/strong>el\u00a0<strong>mi\u00e9rcoles 30.<\/strong><\/p>\n\n\n\n<p><\/p>\n\n\n\n<p><\/p>\n","protected":false},"excerpt":{"rendered":"<p>El cordob\u00e9s tuvo que abandonar el \u00faltimo compromiso de la Roma y el entrenador, Jos\u00e9&#8230;<\/p>\n","protected":false},"author":4,"featured_media":506,"comment_status":"open","ping_status":"open","sticky":false,"template":"","format":"standard","meta":{"footnotes":""},"categories":[19],"tags":[],"class_list":["post-505","post","type-post","status-publish","format-standard","has-post-thumbnail","hentry","category-seleccion-mayor"],"yoast_head":"<!-- This site is optimized with the Yoast SEO plugin v19.5.1 - https:\/\/yoast.com\/wordpress\/plugins\/seo\/ -->\n<title>Se confirm\u00f3 la lesi\u00f3n de Paulo Dybala y crece la incertidumbre sobre su futuro - LA PATRIA FUTBOLERA<\/title>\n<meta name=\"robots\" content=\"index, follow, max-snippet:-1, max-image-preview:large, max-video-preview:-1\" \/>\n<link rel=\"canonical\" href=\"https:\/\/lapatriafutbolera.com.ar\/index.php\/2022\/10\/11\/se-confirmo-la-lesion-de-paulo-dybala-y-crece-la-incertidumbre-sobre-su-futuro\/\" \/>\n<meta property=\"og:locale\" content=\"es_ES\" \/>\n<meta property=\"og:type\" content=\"article\" \/>\n<meta property=\"og:title\" content=\"Se confirm\u00f3 la lesi\u00f3n de Paulo Dybala y crece la incertidumbre sobre su futuro - LA PATRIA FUTBOLERA\" \/>\n<meta property=\"og:description\" content=\"El cordob\u00e9s tuvo que abandonar el \u00faltimo compromiso de la Roma y el entrenador, Jos\u00e9...\" \/>\n<meta property=\"og:url\" content=\"https:\/\/lapatriafutbolera.com.ar\/index.php\/2022\/10\/11\/se-confirmo-la-lesion-de-paulo-dybala-y-crece-la-incertidumbre-sobre-su-futuro\/\" \/>\n<meta property=\"og:site_name\" content=\"LA PATRIA FUTBOLERA\" \/>\n<meta property=\"article:published_time\" content=\"2022-10-11T15:25:47+00:00\" \/>\n<meta property=\"article:modified_time\" content=\"2022-10-11T15:25:49+00:00\" \/>\n<meta property=\"og:image\" content=\"https:\/\/lapatriafutbolera.com.ar\/wp-content\/uploads\/2022\/10\/dybala.jpg\" \/>\n\t<meta property=\"og:image:width\" content=\"1200\" \/>\n\t<meta property=\"og:image:height\" content=\"793\" \/>\n\t<meta property=\"og:image:type\" content=\"image\/jpeg\" \/>\n<meta name=\"author\" content=\"Redacci\u00f3n LPF\" \/>\n<meta name=\"twitter:card\" content=\"summary_large_image\" \/>\n<meta name=\"twitter:label1\" content=\"Escrito por\" \/>\n\t<meta name=\"twitter:data1\" content=\"Redacci\u00f3n LPF\" \/>\n\t<meta name=\"twitter:label2\" content=\"Tiempo de lectura\" \/>\n\t<meta name=\"twitter:data2\" content=\"3 minutos\" \/>\n<script type=\"application\/ld+json\" class=\"yoast-schema-graph\">{\"@context\":\"https:\/\/schema.org\",\"@graph\":[{\"@type\":\"Article\",\"@id\":\"https:\/\/lapatriafutbolera.com.ar\/index.php\/2022\/10\/11\/se-confirmo-la-lesion-de-paulo-dybala-y-crece-la-incertidumbre-sobre-su-futuro\/#article\",\"isPartOf\":{\"@id\":\"https:\/\/lapatriafutbolera.com.ar\/index.php\/2022\/10\/11\/se-confirmo-la-lesion-de-paulo-dybala-y-crece-la-incertidumbre-sobre-su-futuro\/\"},\"author\":{\"name\":\"Redacci\u00f3n LPF\",\"@id\":\"https:\/\/lapatriafutbolera.com.ar\/#\/schema\/person\/eb56fb3a7e76133611d5b2d9f706bd97\"},\"headline\":\"Se confirm\u00f3 la lesi\u00f3n de Paulo Dybala y crece la incertidumbre sobre su futuro\",\"datePublished\":\"2022-10-11T15:25:47+00:00\",\"dateModified\":\"2022-10-11T15:25:49+00:00\",\"mainEntityOfPage\":{\"@id\":\"https:\/\/lapatriafutbolera.com.ar\/index.php\/2022\/10\/11\/se-confirmo-la-lesion-de-paulo-dybala-y-crece-la-incertidumbre-sobre-su-futuro\/\"},\"wordCount\":462,\"commentCount\":0,\"publisher\":{\"@id\":\"https:\/\/lapatriafutbolera.com.ar\/#organization\"},\"articleSection\":[\"Selecci\u00f3n Mayor\"],\"inLanguage\":\"es-AR\",\"potentialAction\":[{\"@type\":\"CommentAction\",\"name\":\"Comment\",\"target\":[\"https:\/\/lapatriafutbolera.com.ar\/index.php\/2022\/10\/11\/se-confirmo-la-lesion-de-paulo-dybala-y-crece-la-incertidumbre-sobre-su-futuro\/#respond\"]}]},{\"@type\":\"WebPage\",\"@id\":\"https:\/\/lapatriafutbolera.com.ar\/index.php\/2022\/10\/11\/se-confirmo-la-lesion-de-paulo-dybala-y-crece-la-incertidumbre-sobre-su-futuro\/\",\"url\":\"https:\/\/lapatriafutbolera.com.ar\/index.php\/2022\/10\/11\/se-confirmo-la-lesion-de-paulo-dybala-y-crece-la-incertidumbre-sobre-su-futuro\/\",\"name\":\"Se confirm\u00f3 la lesi\u00f3n de Paulo Dybala y crece la incertidumbre sobre su futuro - LA PATRIA FUTBOLERA\",\"isPartOf\":{\"@id\":\"https:\/\/lapatriafutbolera.com.ar\/#website\"},\"datePublished\":\"2022-10-11T15:25:47+00:00\",\"dateModified\":\"2022-10-11T15:25:49+00:00\",\"breadcrumb\":{\"@id\":\"https:\/\/lapatriafutbolera.com.ar\/index.php\/2022\/10\/11\/se-confirmo-la-lesion-de-paulo-dybala-y-crece-la-incertidumbre-sobre-su-futuro\/#breadcrumb\"},\"inLanguage\":\"es-AR\",\"potentialAction\":[{\"@type\":\"ReadAction\",\"target\":[\"https:\/\/lapatriafutbolera.com.ar\/index.php\/2022\/10\/11\/se-confirmo-la-lesion-de-paulo-dybala-y-crece-la-incertidumbre-sobre-su-futuro\/\"]}]},{\"@type\":\"BreadcrumbList\",\"@id\":\"https:\/\/lapatriafutbolera.com.ar\/index.php\/2022\/10\/11\/se-confirmo-la-lesion-de-paulo-dybala-y-crece-la-incertidumbre-sobre-su-futuro\/#breadcrumb\",\"itemListElement\":[{\"@type\":\"ListItem\",\"position\":1,\"name\":\"Inicio\",\"item\":\"https:\/\/lapatriafutbolera.com.ar\/\"},{\"@type\":\"ListItem\",\"position\":2,\"name\":\"Se confirm\u00f3 la lesi\u00f3n de Paulo Dybala y crece la incertidumbre sobre su futuro\"}]},{\"@type\":\"WebSite\",\"@id\":\"https:\/\/lapatriafutbolera.com.ar\/#website\",\"url\":\"https:\/\/lapatriafutbolera.com.ar\/\",\"name\":\"LA PATRIA FUTBOLERA\",\"description\":\"\",\"publisher\":{\"@id\":\"https:\/\/lapatriafutbolera.com.ar\/#organization\"},\"potentialAction\":[{\"@type\":\"SearchAction\",\"target\":{\"@type\":\"EntryPoint\",\"urlTemplate\":\"https:\/\/lapatriafutbolera.com.ar\/?s={search_term_string}\"},\"query-input\":\"required name=search_term_string\"}],\"inLanguage\":\"es-AR\"},{\"@type\":\"Organization\",\"@id\":\"https:\/\/lapatriafutbolera.com.ar\/#organization\",\"name\":\"LA PATRIA FUTBOLERA\",\"url\":\"https:\/\/lapatriafutbolera.com.ar\/\",\"sameAs\":[],\"logo\":{\"@type\":\"ImageObject\",\"inLanguage\":\"es-AR\",\"@id\":\"https:\/\/lapatriafutbolera.com.ar\/#\/schema\/logo\/image\/\",\"url\":\"https:\/\/lapatriafutbolera.com.ar\/wp-content\/uploads\/2025\/03\/cropped-LA-PATRIA-14.jpg\",\"contentUrl\":\"https:\/\/lapatriafutbolera.com.ar\/wp-content\/uploads\/2025\/03\/cropped-LA-PATRIA-14.jpg\",\"width\":1308,\"height\":221,\"caption\":\"LA PATRIA FUTBOLERA\"},\"image\":{\"@id\":\"https:\/\/lapatriafutbolera.com.ar\/#\/schema\/logo\/image\/\"}},{\"@type\":\"Person\",\"@id\":\"https:\/\/lapatriafutbolera.com.ar\/#\/schema\/person\/eb56fb3a7e76133611d5b2d9f706bd97\",\"name\":\"Redacci\u00f3n LPF\",\"image\":{\"@type\":\"ImageObject\",\"inLanguage\":\"es-AR\",\"@id\":\"https:\/\/lapatriafutbolera.com.ar\/#\/schema\/person\/image\/\",\"url\":\"https:\/\/secure.gravatar.com\/avatar\/57dc12e3750972170624cd118ca21d4157841e9e7b211e6dfe7a00b61088d285?s=96&d=mm&r=g\",\"contentUrl\":\"https:\/\/secure.gravatar.com\/avatar\/57dc12e3750972170624cd118ca21d4157841e9e7b211e6dfe7a00b61088d285?s=96&d=mm&r=g\",\"caption\":\"Redacci\u00f3n LPF\"},\"sameAs\":[\"http:\/\/lapatriafutbolera.com.ar\"],\"url\":\"https:\/\/lapatriafutbolera.com.ar\/index.php\/author\/redaccion-lpf\/\"}]}<\/script>\n<!-- \/ Yoast SEO plugin. -->","yoast_head_json":{"title":"Se confirm\u00f3 la lesi\u00f3n de Paulo Dybala y crece la incertidumbre sobre su futuro - LA PATRIA FUTBOLERA","robots":{"index":"index","follow":"follow","max-snippet":"max-snippet:-1","max-image-preview":"max-image-preview:large","max-video-preview":"max-video-preview:-1"},"canonical":"https:\/\/lapatriafutbolera.com.ar\/index.php\/2022\/10\/11\/se-confirmo-la-lesion-de-paulo-dybala-y-crece-la-incertidumbre-sobre-su-futuro\/","og_locale":"es_ES","og_type":"article","og_title":"Se confirm\u00f3 la lesi\u00f3n de Paulo Dybala y crece la incertidumbre sobre su futuro - LA PATRIA FUTBOLERA","og_description":"El cordob\u00e9s tuvo que abandonar el \u00faltimo compromiso de la Roma y el entrenador, Jos\u00e9...","og_url":"https:\/\/lapatriafutbolera.com.ar\/index.php\/2022\/10\/11\/se-confirmo-la-lesion-de-paulo-dybala-y-crece-la-incertidumbre-sobre-su-futuro\/","og_site_name":"LA PATRIA FUTBOLERA","article_published_time":"2022-10-11T15:25:47+00:00","article_modified_time":"2022-10-11T15:25:49+00:00","og_image":[{"width":1200,"height":793,"url":"https:\/\/lapatriafutbolera.com.ar\/wp-content\/uploads\/2022\/10\/dybala.jpg","type":"image\/jpeg"}],"author":"Redacci\u00f3n LPF","twitter_card":"summary_large_image","twitter_misc":{"Escrito por":"Redacci\u00f3n LPF","Tiempo de lectura":"3 minutos"},"schema":{"@context":"https:\/\/schema.org","@graph":[{"@type":"Article","@id":"https:\/\/lapatriafutbolera.com.ar\/index.php\/2022\/10\/11\/se-confirmo-la-lesion-de-paulo-dybala-y-crece-la-incertidumbre-sobre-su-futuro\/#article","isPartOf":{"@id":"https:\/\/lapatriafutbolera.com.ar\/index.php\/2022\/10\/11\/se-confirmo-la-lesion-de-paulo-dybala-y-crece-la-incertidumbre-sobre-su-futuro\/"},"author":{"name":"Redacci\u00f3n LPF","@id":"https:\/\/lapatriafutbolera.com.ar\/#\/schema\/person\/eb56fb3a7e76133611d5b2d9f706bd97"},"headline":"Se confirm\u00f3 la lesi\u00f3n de Paulo Dybala y crece la incertidumbre sobre su futuro","datePublished":"2022-10-11T15:25:47+00:00","dateModified":"2022-10-11T15:25:49+00:00","mainEntityOfPage":{"@id":"https:\/\/lapatriafutbolera.com.ar\/index.php\/2022\/10\/11\/se-confirmo-la-lesion-de-paulo-dybala-y-crece-la-incertidumbre-sobre-su-futuro\/"},"wordCount":462,"commentCount":0,"publisher":{"@id":"https:\/\/lapatriafutbolera.com.ar\/#organization"},"articleSection":["Selecci\u00f3n Mayor"],"inLanguage":"es-AR","potentialAction":[{"@type":"CommentAction","name":"Comment","target":["https:\/\/lapatriafutbolera.com.ar\/index.php\/2022\/10\/11\/se-confirmo-la-lesion-de-paulo-dybala-y-crece-la-incertidumbre-sobre-su-futuro\/#respond"]}]},{"@type":"WebPage","@id":"https:\/\/lapatriafutbolera.com.ar\/index.php\/2022\/10\/11\/se-confirmo-la-lesion-de-paulo-dybala-y-crece-la-incertidumbre-sobre-su-futuro\/","url":"https:\/\/lapatriafutbolera.com.ar\/index.php\/2022\/10\/11\/se-confirmo-la-lesion-de-paulo-dybala-y-crece-la-incertidumbre-sobre-su-futuro\/","name":"Se confirm\u00f3 la lesi\u00f3n de Paulo Dybala y crece la incertidumbre sobre su futuro - LA PATRIA FUTBOLERA","isPartOf":{"@id":"https:\/\/lapatriafutbolera.com.ar\/#website"},"datePublished":"2022-10-11T15:25:47+00:00","dateModified":"2022-10-11T15:25:49+00:00","breadcrumb":{"@id":"https:\/\/lapatriafutbolera.com.ar\/index.php\/2022\/10\/11\/se-confirmo-la-lesion-de-paulo-dybala-y-crece-la-incertidumbre-sobre-su-futuro\/#breadcrumb"},"inLanguage":"es-AR","potentialAction":[{"@type":"ReadAction","target":["https:\/\/lapatriafutbolera.com.ar\/index.php\/2022\/10\/11\/se-confirmo-la-lesion-de-paulo-dybala-y-crece-la-incertidumbre-sobre-su-futuro\/"]}]},{"@type":"BreadcrumbList","@id":"https:\/\/lapatriafutbolera.com.ar\/index.php\/2022\/10\/11\/se-confirmo-la-lesion-de-paulo-dybala-y-crece-la-incertidumbre-sobre-su-futuro\/#breadcrumb","itemListElement":[{"@type":"ListItem","position":1,"name":"Inicio","item":"https:\/\/lapatriafutbolera.com.ar\/"},{"@type":"ListItem","position":2,"name":"Se confirm\u00f3 la lesi\u00f3n de Paulo Dybala y crece la incertidumbre sobre su futuro"}]},{"@type":"WebSite","@id":"https:\/\/lapatriafutbolera.com.ar\/#website","url":"https:\/\/lapatriafutbolera.com.ar\/","name":"LA PATRIA FUTBOLERA","description":"","publisher":{"@id":"https:\/\/lapatriafutbolera.com.ar\/#organization"},"potentialAction":[{"@type":"SearchAction","target":{"@type":"EntryPoint","urlTemplate":"https:\/\/lapatriafutbolera.com.ar\/?s={search_term_string}"},"query-input":"required name=search_term_string"}],"inLanguage":"es-AR"},{"@type":"Organization","@id":"https:\/\/lapatriafutbolera.com.ar\/#organization","name":"LA PATRIA FUTBOLERA","url":"https:\/\/lapatriafutbolera.com.ar\/","sameAs":[],"logo":{"@type":"ImageObject","inLanguage":"es-AR","@id":"https:\/\/lapatriafutbolera.com.ar\/#\/schema\/logo\/image\/","url":"https:\/\/lapatriafutbolera.com.ar\/wp-content\/uploads\/2025\/03\/cropped-LA-PATRIA-14.jpg","contentUrl":"https:\/\/lapatriafutbolera.com.ar\/wp-content\/uploads\/2025\/03\/cropped-LA-PATRIA-14.jpg","width":1308,"height":221,"caption":"LA PATRIA FUTBOLERA"},"image":{"@id":"https:\/\/lapatriafutbolera.com.ar\/#\/schema\/logo\/image\/"}},{"@type":"Person","@id":"https:\/\/lapatriafutbolera.com.ar\/#\/schema\/person\/eb56fb3a7e76133611d5b2d9f706bd97","name":"Redacci\u00f3n LPF","image":{"@type":"ImageObject","inLanguage":"es-AR","@id":"https:\/\/lapatriafutbolera.com.ar\/#\/schema\/person\/image\/","url":"https:\/\/secure.gravatar.com\/avatar\/57dc12e3750972170624cd118ca21d4157841e9e7b211e6dfe7a00b61088d285?s=96&d=mm&r=g","contentUrl":"https:\/\/secure.gravatar.com\/avatar\/57dc12e3750972170624cd118ca21d4157841e9e7b211e6dfe7a00b61088d285?s=96&d=mm&r=g","caption":"Redacci\u00f3n LPF"},"sameAs":["http:\/\/lapatriafutbolera.com.ar"],"url":"https:\/\/lapatriafutbolera.com.ar\/index.php\/author\/redaccion-lpf\/"}]}},"_links":{"self":[{"href":"https:\/\/lapatriafutbolera.com.ar\/index.php\/wp-json\/wp\/v2\/posts\/505","targetHints":{"allow":["GET"]}}],"collection":[{"href":"https:\/\/lapatriafutbolera.com.ar\/index.php\/wp-json\/wp\/v2\/posts"}],"about":[{"href":"https:\/\/lapatriafutbolera.com.ar\/index.php\/wp-json\/wp\/v2\/types\/post"}],"author":[{"embeddable":true,"href":"https:\/\/lapatriafutbolera.com.ar\/index.php\/wp-json\/wp\/v2\/users\/4"}],"replies":[{"embeddable":true,"href":"https:\/\/lapatriafutbolera.com.ar\/index.php\/wp-json\/wp\/v2\/comments?post=505"}],"version-history":[{"count":1,"href":"https:\/\/lapatriafutbolera.com.ar\/index.php\/wp-json\/wp\/v2\/posts\/505\/revisions"}],"predecessor-version":[{"id":507,"href":"https:\/\/lapatriafutbolera.com.ar\/index.php\/wp-json\/wp\/v2\/posts\/505\/revisions\/507"}],"wp:featuredmedia":[{"embeddable":true,"href":"https:\/\/lapatriafutbolera.com.ar\/index.php\/wp-json\/wp\/v2\/media\/506"}],"wp:attachment":[{"href":"https:\/\/lapatriafutbolera.com.ar\/index.php\/wp-json\/wp\/v2\/media?parent=505"}],"wp:term":[{"taxonomy":"category","embeddable":true,"href":"https:\/\/lapatriafutbolera.com.ar\/index.php\/wp-json\/wp\/v2\/categories?post=505"},{"taxonomy":"post_tag","embeddable":true,"href":"https:\/\/lapatriafutbolera.com.ar\/index.php\/wp-json\/wp\/v2\/tags?post=505"}],"curies":[{"name":"wp","href":"https:\/\/api.w.org\/{rel}","templated":true}]}}