{"id":569,"date":"2022-10-25T08:00:00","date_gmt":"2022-10-25T11:00:00","guid":{"rendered":"https:\/\/lapatriafutbolera.com.ar\/?p=569"},"modified":"2022-10-25T07:31:28","modified_gmt":"2022-10-25T10:31:28","slug":"el-penta-siempre-al-acecho","status":"publish","type":"post","link":"https:\/\/lapatriafutbolera.com.ar\/index.php\/2022\/10\/25\/el-penta-siempre-al-acecho\/","title":{"rendered":"El Penta, siempre al acecho"},"content":{"rendered":"\n<p>Brasil viene de clasificarse al Mundial en la primera posici\u00f3n de las Eliminatorias Sudamericanas con 45 puntos, los cuales logr\u00f3 tras finalizar invicto con 14 victorias y tres empates. En tanto, en la Copa Am\u00e9rica 2021 lleg\u00f3 a la final y cay\u00f3 por 1-0 frente a Argentina.<\/p>\n\n\n\n<ul class=\"wp-block-list\"><li><strong>Ranking FIFA:<\/strong>&nbsp;1\u00b0<\/li><li><strong>Entrenador<\/strong>: Tite<\/li><\/ul>\n\n\n\n<h2 class=\"wp-block-heading\">Neymar, la figura de Brasil para el Mundial Qatar 2022<\/h2>\n\n\n\n<p>El futbolista de Paris Saint-Germain es la principal estrella de un seleccionado repleto de futbolistas j\u00f3venes y muy prometedores, como Vinicius Jr., Rodrygo y Lucas Paquet\u00e1, por mencionar algunos. Si bien el atacante de 30 a\u00f1os no est\u00e1 atravesando su mejor momento, ser\u00e1 la pieza clave para que los de Tite sue\u00f1en con lograr un nuevo t\u00edtulo.<\/p>\n\n\n\n<ul class=\"wp-block-list\"><li><strong>Debut en Brasil<\/strong>: 10 de agosto de 2010<\/li><li><strong>Goles con Brasil<\/strong>: 74<\/li><li><strong>Partidos con Brasil<\/strong>: 119<\/li><\/ul>\n\n\n<div class=\"wp-block-image\">\n<figure class=\"aligncenter\"><img decoding=\"async\" src=\"https:\/\/media.tycsports.com\/files\/2022\/07\/30\/458787\/neymar-brasil_w416.webp\" alt=\"Neymar Brasil\" title=\"Neymar Brasil\"\/><figcaption>Neymar Jr., el icono verde amarelho de los ultimos mundiales<\/figcaption><\/figure>\n<\/div>\n\n\n<h2 class=\"wp-block-heading\">Fixture de Brasil en el Mundial 2022, cu\u00e1ndo juega y a qu\u00e9 hora<\/h2>\n\n\n\n<p><strong>Fecha 1<\/strong><\/p>\n\n\n\n<ul class=\"wp-block-list\"><li><strong>Brasil<\/strong>&nbsp;vs. Serbia | Jueves 24 de noviembre, a las 16 | Estadio Lusail.<\/li><\/ul>\n\n\n\n<p><strong><u>Fecha 2<\/u><\/strong><\/p>\n\n\n\n<ul class=\"wp-block-list\"><li>Suiza vs. <strong>Brasil\u00a0<\/strong>| Lunes 28 de noviembre, a las 13 | Estadio 974.<\/li><\/ul>\n\n\n\n<p><strong><u>Fecha 3<\/u><\/strong><\/p>\n\n\n\n<ul class=\"wp-block-list\"><li><strong>Brasil&nbsp;<\/strong>vs. Camer\u00fan | Viernes 2 de diciembre, a las 16 | Estadio Lusail.<\/li><\/ul>\n\n\n\n<p><em>*Los horarios corresponden a la Argentina.<\/em><\/p>\n\n\n<div class=\"wp-block-image\">\n<figure class=\"aligncenter size-full is-resized\"><img loading=\"lazy\" decoding=\"async\" src=\"https:\/\/lapatriafutbolera.com.ar\/wp-content\/uploads\/2022\/10\/grupo-g_w862.webp\" alt=\"\" class=\"wp-image-570\" width=\"484\" height=\"242\"\/><figcaption><strong>El Grupo G de la Copa del Mundo 2022<\/strong><\/figcaption><\/figure>\n<\/div>","protected":false},"excerpt":{"rendered":"<p>Brasil viene de clasificarse al Mundial en la primera posici\u00f3n de las Eliminatorias Sudamericanas con&#8230;<\/p>\n","protected":false},"author":4,"featured_media":571,"comment_status":"open","ping_status":"open","sticky":false,"template":"","format":"standard","meta":{"footnotes":""},"categories":[55,29,17],"tags":[],"class_list":["post-569","post","type-post","status-publish","format-standard","has-post-thumbnail","hentry","category-brasil","category-grupo-g","category-qatar-2022"],"yoast_head":"<!-- This site is optimized with the Yoast SEO plugin v19.5.1 - https:\/\/yoast.com\/wordpress\/plugins\/seo\/ -->\n<title>El Penta, siempre al acecho - LA PATRIA FUTBOLERA<\/title>\n<meta name=\"robots\" content=\"index, follow, max-snippet:-1, max-image-preview:large, max-video-preview:-1\" \/>\n<link rel=\"canonical\" href=\"https:\/\/lapatriafutbolera.com.ar\/index.php\/2022\/10\/25\/el-penta-siempre-al-acecho\/\" \/>\n<meta property=\"og:locale\" content=\"es_ES\" \/>\n<meta property=\"og:type\" content=\"article\" \/>\n<meta property=\"og:title\" content=\"El Penta, siempre al acecho - LA PATRIA FUTBOLERA\" \/>\n<meta property=\"og:description\" content=\"Brasil viene de clasificarse al Mundial en la primera posici\u00f3n de las Eliminatorias Sudamericanas con...\" \/>\n<meta property=\"og:url\" content=\"https:\/\/lapatriafutbolera.com.ar\/index.php\/2022\/10\/25\/el-penta-siempre-al-acecho\/\" \/>\n<meta property=\"og:site_name\" content=\"LA PATRIA FUTBOLERA\" \/>\n<meta property=\"article:published_time\" content=\"2022-10-25T11:00:00+00:00\" \/>\n<meta property=\"article:modified_time\" content=\"2022-10-25T10:31:28+00:00\" \/>\n<meta property=\"og:image\" content=\"https:\/\/lapatriafutbolera.com.ar\/wp-content\/uploads\/2022\/10\/Seleccion-Brasil-Mundial.jpg\" \/>\n\t<meta property=\"og:image:width\" content=\"1200\" \/>\n\t<meta property=\"og:image:height\" content=\"650\" \/>\n\t<meta property=\"og:image:type\" content=\"image\/jpeg\" \/>\n<meta name=\"author\" content=\"Redacci\u00f3n LPF\" \/>\n<meta name=\"twitter:card\" content=\"summary_large_image\" \/>\n<meta name=\"twitter:label1\" content=\"Escrito por\" \/>\n\t<meta name=\"twitter:data1\" content=\"Redacci\u00f3n LPF\" \/>\n\t<meta name=\"twitter:label2\" content=\"Tiempo de lectura\" \/>\n\t<meta name=\"twitter:data2\" content=\"2 minutos\" \/>\n<script type=\"application\/ld+json\" class=\"yoast-schema-graph\">{\"@context\":\"https:\/\/schema.org\",\"@graph\":[{\"@type\":\"Article\",\"@id\":\"https:\/\/lapatriafutbolera.com.ar\/index.php\/2022\/10\/25\/el-penta-siempre-al-acecho\/#article\",\"isPartOf\":{\"@id\":\"https:\/\/lapatriafutbolera.com.ar\/index.php\/2022\/10\/25\/el-penta-siempre-al-acecho\/\"},\"author\":{\"name\":\"Redacci\u00f3n LPF\",\"@id\":\"https:\/\/lapatriafutbolera.com.ar\/#\/schema\/person\/eb56fb3a7e76133611d5b2d9f706bd97\"},\"headline\":\"El Penta, siempre al acecho\",\"datePublished\":\"2022-10-25T11:00:00+00:00\",\"dateModified\":\"2022-10-25T10:31:28+00:00\",\"mainEntityOfPage\":{\"@id\":\"https:\/\/lapatriafutbolera.com.ar\/index.php\/2022\/10\/25\/el-penta-siempre-al-acecho\/\"},\"wordCount\":209,\"commentCount\":0,\"publisher\":{\"@id\":\"https:\/\/lapatriafutbolera.com.ar\/#organization\"},\"articleSection\":[\"Brasil\",\"Grupo G\",\"Qatar 2022\"],\"inLanguage\":\"es-AR\",\"potentialAction\":[{\"@type\":\"CommentAction\",\"name\":\"Comment\",\"target\":[\"https:\/\/lapatriafutbolera.com.ar\/index.php\/2022\/10\/25\/el-penta-siempre-al-acecho\/#respond\"]}]},{\"@type\":\"WebPage\",\"@id\":\"https:\/\/lapatriafutbolera.com.ar\/index.php\/2022\/10\/25\/el-penta-siempre-al-acecho\/\",\"url\":\"https:\/\/lapatriafutbolera.com.ar\/index.php\/2022\/10\/25\/el-penta-siempre-al-acecho\/\",\"name\":\"El Penta, siempre al acecho - LA PATRIA FUTBOLERA\",\"isPartOf\":{\"@id\":\"https:\/\/lapatriafutbolera.com.ar\/#website\"},\"datePublished\":\"2022-10-25T11:00:00+00:00\",\"dateModified\":\"2022-10-25T10:31:28+00:00\",\"breadcrumb\":{\"@id\":\"https:\/\/lapatriafutbolera.com.ar\/index.php\/2022\/10\/25\/el-penta-siempre-al-acecho\/#breadcrumb\"},\"inLanguage\":\"es-AR\",\"potentialAction\":[{\"@type\":\"ReadAction\",\"target\":[\"https:\/\/lapatriafutbolera.com.ar\/index.php\/2022\/10\/25\/el-penta-siempre-al-acecho\/\"]}]},{\"@type\":\"BreadcrumbList\",\"@id\":\"https:\/\/lapatriafutbolera.com.ar\/index.php\/2022\/10\/25\/el-penta-siempre-al-acecho\/#breadcrumb\",\"itemListElement\":[{\"@type\":\"ListItem\",\"position\":1,\"name\":\"Inicio\",\"item\":\"https:\/\/lapatriafutbolera.com.ar\/\"},{\"@type\":\"ListItem\",\"position\":2,\"name\":\"El Penta, siempre al acecho\"}]},{\"@type\":\"WebSite\",\"@id\":\"https:\/\/lapatriafutbolera.com.ar\/#website\",\"url\":\"https:\/\/lapatriafutbolera.com.ar\/\",\"name\":\"LA PATRIA FUTBOLERA\",\"description\":\"\",\"publisher\":{\"@id\":\"https:\/\/lapatriafutbolera.com.ar\/#organization\"},\"potentialAction\":[{\"@type\":\"SearchAction\",\"target\":{\"@type\":\"EntryPoint\",\"urlTemplate\":\"https:\/\/lapatriafutbolera.com.ar\/?s={search_term_string}\"},\"query-input\":\"required name=search_term_string\"}],\"inLanguage\":\"es-AR\"},{\"@type\":\"Organization\",\"@id\":\"https:\/\/lapatriafutbolera.com.ar\/#organization\",\"name\":\"LA PATRIA FUTBOLERA\",\"url\":\"https:\/\/lapatriafutbolera.com.ar\/\",\"sameAs\":[],\"logo\":{\"@type\":\"ImageObject\",\"inLanguage\":\"es-AR\",\"@id\":\"https:\/\/lapatriafutbolera.com.ar\/#\/schema\/logo\/image\/\",\"url\":\"https:\/\/lapatriafutbolera.com.ar\/wp-content\/uploads\/2025\/03\/cropped-LA-PATRIA-14.jpg\",\"contentUrl\":\"https:\/\/lapatriafutbolera.com.ar\/wp-content\/uploads\/2025\/03\/cropped-LA-PATRIA-14.jpg\",\"width\":1308,\"height\":221,\"caption\":\"LA PATRIA FUTBOLERA\"},\"image\":{\"@id\":\"https:\/\/lapatriafutbolera.com.ar\/#\/schema\/logo\/image\/\"}},{\"@type\":\"Person\",\"@id\":\"https:\/\/lapatriafutbolera.com.ar\/#\/schema\/person\/eb56fb3a7e76133611d5b2d9f706bd97\",\"name\":\"Redacci\u00f3n LPF\",\"image\":{\"@type\":\"ImageObject\",\"inLanguage\":\"es-AR\",\"@id\":\"https:\/\/lapatriafutbolera.com.ar\/#\/schema\/person\/image\/\",\"url\":\"https:\/\/secure.gravatar.com\/avatar\/57dc12e3750972170624cd118ca21d4157841e9e7b211e6dfe7a00b61088d285?s=96&d=mm&r=g\",\"contentUrl\":\"https:\/\/secure.gravatar.com\/avatar\/57dc12e3750972170624cd118ca21d4157841e9e7b211e6dfe7a00b61088d285?s=96&d=mm&r=g\",\"caption\":\"Redacci\u00f3n LPF\"},\"sameAs\":[\"http:\/\/lapatriafutbolera.com.ar\"],\"url\":\"https:\/\/lapatriafutbolera.com.ar\/index.php\/author\/redaccion-lpf\/\"}]}<\/script>\n<!-- \/ Yoast SEO plugin. -->","yoast_head_json":{"title":"El Penta, siempre al acecho - LA PATRIA FUTBOLERA","robots":{"index":"index","follow":"follow","max-snippet":"max-snippet:-1","max-image-preview":"max-image-preview:large","max-video-preview":"max-video-preview:-1"},"canonical":"https:\/\/lapatriafutbolera.com.ar\/index.php\/2022\/10\/25\/el-penta-siempre-al-acecho\/","og_locale":"es_ES","og_type":"article","og_title":"El Penta, siempre al acecho - LA PATRIA FUTBOLERA","og_description":"Brasil viene de clasificarse al Mundial en la primera posici\u00f3n de las Eliminatorias Sudamericanas con...","og_url":"https:\/\/lapatriafutbolera.com.ar\/index.php\/2022\/10\/25\/el-penta-siempre-al-acecho\/","og_site_name":"LA PATRIA FUTBOLERA","article_published_time":"2022-10-25T11:00:00+00:00","article_modified_time":"2022-10-25T10:31:28+00:00","og_image":[{"width":1200,"height":650,"url":"https:\/\/lapatriafutbolera.com.ar\/wp-content\/uploads\/2022\/10\/Seleccion-Brasil-Mundial.jpg","type":"image\/jpeg"}],"author":"Redacci\u00f3n LPF","twitter_card":"summary_large_image","twitter_misc":{"Escrito por":"Redacci\u00f3n LPF","Tiempo de lectura":"2 minutos"},"schema":{"@context":"https:\/\/schema.org","@graph":[{"@type":"Article","@id":"https:\/\/lapatriafutbolera.com.ar\/index.php\/2022\/10\/25\/el-penta-siempre-al-acecho\/#article","isPartOf":{"@id":"https:\/\/lapatriafutbolera.com.ar\/index.php\/2022\/10\/25\/el-penta-siempre-al-acecho\/"},"author":{"name":"Redacci\u00f3n LPF","@id":"https:\/\/lapatriafutbolera.com.ar\/#\/schema\/person\/eb56fb3a7e76133611d5b2d9f706bd97"},"headline":"El Penta, siempre al acecho","datePublished":"2022-10-25T11:00:00+00:00","dateModified":"2022-10-25T10:31:28+00:00","mainEntityOfPage":{"@id":"https:\/\/lapatriafutbolera.com.ar\/index.php\/2022\/10\/25\/el-penta-siempre-al-acecho\/"},"wordCount":209,"commentCount":0,"publisher":{"@id":"https:\/\/lapatriafutbolera.com.ar\/#organization"},"articleSection":["Brasil","Grupo G","Qatar 2022"],"inLanguage":"es-AR","potentialAction":[{"@type":"CommentAction","name":"Comment","target":["https:\/\/lapatriafutbolera.com.ar\/index.php\/2022\/10\/25\/el-penta-siempre-al-acecho\/#respond"]}]},{"@type":"WebPage","@id":"https:\/\/lapatriafutbolera.com.ar\/index.php\/2022\/10\/25\/el-penta-siempre-al-acecho\/","url":"https:\/\/lapatriafutbolera.com.ar\/index.php\/2022\/10\/25\/el-penta-siempre-al-acecho\/","name":"El Penta, siempre al acecho - LA PATRIA FUTBOLERA","isPartOf":{"@id":"https:\/\/lapatriafutbolera.com.ar\/#website"},"datePublished":"2022-10-25T11:00:00+00:00","dateModified":"2022-10-25T10:31:28+00:00","breadcrumb":{"@id":"https:\/\/lapatriafutbolera.com.ar\/index.php\/2022\/10\/25\/el-penta-siempre-al-acecho\/#breadcrumb"},"inLanguage":"es-AR","potentialAction":[{"@type":"ReadAction","target":["https:\/\/lapatriafutbolera.com.ar\/index.php\/2022\/10\/25\/el-penta-siempre-al-acecho\/"]}]},{"@type":"BreadcrumbList","@id":"https:\/\/lapatriafutbolera.com.ar\/index.php\/2022\/10\/25\/el-penta-siempre-al-acecho\/#breadcrumb","itemListElement":[{"@type":"ListItem","position":1,"name":"Inicio","item":"https:\/\/lapatriafutbolera.com.ar\/"},{"@type":"ListItem","position":2,"name":"El Penta, siempre al acecho"}]},{"@type":"WebSite","@id":"https:\/\/lapatriafutbolera.com.ar\/#website","url":"https:\/\/lapatriafutbolera.com.ar\/","name":"LA PATRIA FUTBOLERA","description":"","publisher":{"@id":"https:\/\/lapatriafutbolera.com.ar\/#organization"},"potentialAction":[{"@type":"SearchAction","target":{"@type":"EntryPoint","urlTemplate":"https:\/\/lapatriafutbolera.com.ar\/?s={search_term_string}"},"query-input":"required name=search_term_string"}],"inLanguage":"es-AR"},{"@type":"Organization","@id":"https:\/\/lapatriafutbolera.com.ar\/#organization","name":"LA PATRIA FUTBOLERA","url":"https:\/\/lapatriafutbolera.com.ar\/","sameAs":[],"logo":{"@type":"ImageObject","inLanguage":"es-AR","@id":"https:\/\/lapatriafutbolera.com.ar\/#\/schema\/logo\/image\/","url":"https:\/\/lapatriafutbolera.com.ar\/wp-content\/uploads\/2025\/03\/cropped-LA-PATRIA-14.jpg","contentUrl":"https:\/\/lapatriafutbolera.com.ar\/wp-content\/uploads\/2025\/03\/cropped-LA-PATRIA-14.jpg","width":1308,"height":221,"caption":"LA PATRIA FUTBOLERA"},"image":{"@id":"https:\/\/lapatriafutbolera.com.ar\/#\/schema\/logo\/image\/"}},{"@type":"Person","@id":"https:\/\/lapatriafutbolera.com.ar\/#\/schema\/person\/eb56fb3a7e76133611d5b2d9f706bd97","name":"Redacci\u00f3n LPF","image":{"@type":"ImageObject","inLanguage":"es-AR","@id":"https:\/\/lapatriafutbolera.com.ar\/#\/schema\/person\/image\/","url":"https:\/\/secure.gravatar.com\/avatar\/57dc12e3750972170624cd118ca21d4157841e9e7b211e6dfe7a00b61088d285?s=96&d=mm&r=g","contentUrl":"https:\/\/secure.gravatar.com\/avatar\/57dc12e3750972170624cd118ca21d4157841e9e7b211e6dfe7a00b61088d285?s=96&d=mm&r=g","caption":"Redacci\u00f3n LPF"},"sameAs":["http:\/\/lapatriafutbolera.com.ar"],"url":"https:\/\/lapatriafutbolera.com.ar\/index.php\/author\/redaccion-lpf\/"}]}},"_links":{"self":[{"href":"https:\/\/lapatriafutbolera.com.ar\/index.php\/wp-json\/wp\/v2\/posts\/569","targetHints":{"allow":["GET"]}}],"collection":[{"href":"https:\/\/lapatriafutbolera.com.ar\/index.php\/wp-json\/wp\/v2\/posts"}],"about":[{"href":"https:\/\/lapatriafutbolera.com.ar\/index.php\/wp-json\/wp\/v2\/types\/post"}],"author":[{"embeddable":true,"href":"https:\/\/lapatriafutbolera.com.ar\/index.php\/wp-json\/wp\/v2\/users\/4"}],"replies":[{"embeddable":true,"href":"https:\/\/lapatriafutbolera.com.ar\/index.php\/wp-json\/wp\/v2\/comments?post=569"}],"version-history":[{"count":1,"href":"https:\/\/lapatriafutbolera.com.ar\/index.php\/wp-json\/wp\/v2\/posts\/569\/revisions"}],"predecessor-version":[{"id":572,"href":"https:\/\/lapatriafutbolera.com.ar\/index.php\/wp-json\/wp\/v2\/posts\/569\/revisions\/572"}],"wp:featuredmedia":[{"embeddable":true,"href":"https:\/\/lapatriafutbolera.com.ar\/index.php\/wp-json\/wp\/v2\/media\/571"}],"wp:attachment":[{"href":"https:\/\/lapatriafutbolera.com.ar\/index.php\/wp-json\/wp\/v2\/media?parent=569"}],"wp:term":[{"taxonomy":"category","embeddable":true,"href":"https:\/\/lapatriafutbolera.com.ar\/index.php\/wp-json\/wp\/v2\/categories?post=569"},{"taxonomy":"post_tag","embeddable":true,"href":"https:\/\/lapatriafutbolera.com.ar\/index.php\/wp-json\/wp\/v2\/tags?post=569"}],"curies":[{"name":"wp","href":"https:\/\/api.w.org\/{rel}","templated":true}]}}