{"id":582,"date":"2022-10-27T15:48:39","date_gmt":"2022-10-27T18:48:39","guid":{"rendered":"https:\/\/lapatriafutbolera.com.ar\/?p=582"},"modified":"2022-10-27T15:49:27","modified_gmt":"2022-10-27T18:49:27","slug":"los-balcanes-tienen-a-serbia-como-embajador","status":"publish","type":"post","link":"https:\/\/lapatriafutbolera.com.ar\/index.php\/2022\/10\/27\/los-balcanes-tienen-a-serbia-como-embajador\/","title":{"rendered":"Los Balcanes tienen a Serbia como embajador"},"content":{"rendered":"\n<p><strong>El elenco balc\u00e1nico viene de clasificar al Mundial en la primera posici\u00f3n de su grupo con 20 puntos, seis partidos ganados, dos empatados y ning\u00fan perdido.<\/strong>\u00a0<\/p>\n\n\n\n<p>En tanto, en la Eurocopa 2020 no clasific\u00f3 porque qued\u00f3 eliminado en la final de los play-off.\u00a0<\/p>\n\n\n\n<p><strong>Por \u00faltimo, en la UEFA Nations League se ubica segundo con siete unidades en cuatro partidos jugados.<\/strong><\/p>\n\n\n\n<p><strong>Ranking FIFA<\/strong>: 25.<\/p>\n\n\n\n<p><strong>Entrenador:\u00a0<\/strong>Dragan Stojkovic.<\/p>\n\n\n\n<p><strong>Goles por partido<\/strong>: 1,8.<\/p>\n\n\n\n<h2 class=\"wp-block-heading\">Qui\u00e9n es Du\u0161an Vlahovi\u0107, la figura de Serbia para el Mundial 2022<\/h2>\n\n\n\n<p><strong>Du\u0161an Vlahovi\u0107<\/strong>&nbsp;es un futbolista de 22 a\u00f1os que se desempe\u00f1a en Juventus como centro delantero y sus club anteriores fueron Fiorentina y Partizan.<\/p>\n\n\n\n<ul class=\"wp-block-list\"><li><strong>Debut en Serbia:<\/strong>&nbsp;2016.<\/li><li><strong>Goles en Serbia:<\/strong>&nbsp;7.<\/li><li><strong>Partidos en Serbia<\/strong>: 14.<\/li><\/ul>\n\n\n<div class=\"wp-block-image\">\n<figure class=\"aligncenter\"><img decoding=\"async\" src=\"https:\/\/media.tycsports.com\/files\/2022\/08\/01\/459764\/vlahovic_w416.webp\" alt=\"Vlahovic\" title=\"Vlahovic\"\/><figcaption><strong>Du\u0161an Vlahovi\u0107, la joven promesa suiza para el Mundial de Qatar.<\/strong><\/figcaption><\/figure>\n<\/div>\n\n\n<h2 class=\"wp-block-heading\">Fixture de Serbia en el Mundial 2022, cu\u00e1ndo juega y a qu\u00e9 hora<\/h2>\n\n\n\n<p>Brasil vs.\u00a0<strong>Serbia\u00a0<\/strong>| Jueves 24 de noviembre, a las 16 | Estadio Lusail.<\/p>\n\n\n\n<p><strong>Serbia\u00a0<\/strong>vs. Camer\u00fan | Lunes 28 de noviembre, a las 7 | Estadio Al Janoub.<\/p>\n\n\n\n<p>Suiza vs.<strong> Serbia\u00a0<\/strong>  | Viernes 2 de diciembre, a las 18 | Estadio 974.<\/p>\n\n\n\n<p><em>*Los horarios corresponden a Argentina.<\/em><\/p>\n\n\n<div class=\"wp-block-image\">\n<figure class=\"aligncenter\"><img decoding=\"async\" src=\"https:\/\/media.tycsports.com\/files\/2022\/08\/01\/459769\/grupo-g_w416.webp\" alt=\"Grupo G\" title=\"Grupo G\"\/><figcaption>El Grupo G de la Copa del Mundo de Qatar 2022.<\/figcaption><\/figure>\n<\/div>","protected":false},"excerpt":{"rendered":"<p>El elenco balc\u00e1nico viene de clasificar al Mundial en la primera posici\u00f3n de su grupo&#8230;<\/p>\n","protected":false},"author":4,"featured_media":583,"comment_status":"open","ping_status":"open","sticky":false,"template":"","format":"standard","meta":{"footnotes":""},"categories":[29,17,56],"tags":[],"class_list":["post-582","post","type-post","status-publish","format-standard","has-post-thumbnail","hentry","category-grupo-g","category-qatar-2022","category-serbia"],"yoast_head":"<!-- This site is optimized with the Yoast SEO plugin v19.5.1 - https:\/\/yoast.com\/wordpress\/plugins\/seo\/ -->\n<title>Los Balcanes tienen a Serbia como embajador - LA PATRIA FUTBOLERA<\/title>\n<meta name=\"robots\" content=\"index, follow, max-snippet:-1, max-image-preview:large, max-video-preview:-1\" \/>\n<link rel=\"canonical\" href=\"https:\/\/lapatriafutbolera.com.ar\/index.php\/2022\/10\/27\/los-balcanes-tienen-a-serbia-como-embajador\/\" \/>\n<meta property=\"og:locale\" content=\"es_ES\" \/>\n<meta property=\"og:type\" content=\"article\" \/>\n<meta property=\"og:title\" content=\"Los Balcanes tienen a Serbia como embajador - LA PATRIA FUTBOLERA\" \/>\n<meta property=\"og:description\" content=\"El elenco balc\u00e1nico viene de clasificar al Mundial en la primera posici\u00f3n de su grupo...\" \/>\n<meta property=\"og:url\" content=\"https:\/\/lapatriafutbolera.com.ar\/index.php\/2022\/10\/27\/los-balcanes-tienen-a-serbia-como-embajador\/\" \/>\n<meta property=\"og:site_name\" content=\"LA PATRIA FUTBOLERA\" \/>\n<meta property=\"article:published_time\" content=\"2022-10-27T18:48:39+00:00\" \/>\n<meta property=\"article:modified_time\" content=\"2022-10-27T18:49:27+00:00\" \/>\n<meta property=\"og:image\" content=\"https:\/\/lapatriafutbolera.com.ar\/wp-content\/uploads\/2022\/10\/descarga-36.jpg\" \/>\n\t<meta property=\"og:image:width\" content=\"300\" \/>\n\t<meta property=\"og:image:height\" content=\"168\" \/>\n\t<meta property=\"og:image:type\" content=\"image\/jpeg\" \/>\n<meta name=\"author\" content=\"Redacci\u00f3n LPF\" \/>\n<meta name=\"twitter:card\" content=\"summary_large_image\" \/>\n<meta name=\"twitter:label1\" content=\"Escrito por\" \/>\n\t<meta name=\"twitter:data1\" content=\"Redacci\u00f3n LPF\" \/>\n\t<meta name=\"twitter:label2\" content=\"Tiempo de lectura\" \/>\n\t<meta name=\"twitter:data2\" content=\"2 minutos\" \/>\n<script type=\"application\/ld+json\" class=\"yoast-schema-graph\">{\"@context\":\"https:\/\/schema.org\",\"@graph\":[{\"@type\":\"Article\",\"@id\":\"https:\/\/lapatriafutbolera.com.ar\/index.php\/2022\/10\/27\/los-balcanes-tienen-a-serbia-como-embajador\/#article\",\"isPartOf\":{\"@id\":\"https:\/\/lapatriafutbolera.com.ar\/index.php\/2022\/10\/27\/los-balcanes-tienen-a-serbia-como-embajador\/\"},\"author\":{\"name\":\"Redacci\u00f3n LPF\",\"@id\":\"https:\/\/lapatriafutbolera.com.ar\/#\/schema\/person\/eb56fb3a7e76133611d5b2d9f706bd97\"},\"headline\":\"Los Balcanes tienen a Serbia como embajador\",\"datePublished\":\"2022-10-27T18:48:39+00:00\",\"dateModified\":\"2022-10-27T18:49:27+00:00\",\"mainEntityOfPage\":{\"@id\":\"https:\/\/lapatriafutbolera.com.ar\/index.php\/2022\/10\/27\/los-balcanes-tienen-a-serbia-como-embajador\/\"},\"wordCount\":198,\"commentCount\":0,\"publisher\":{\"@id\":\"https:\/\/lapatriafutbolera.com.ar\/#organization\"},\"articleSection\":[\"Grupo G\",\"Qatar 2022\",\"Serbia\"],\"inLanguage\":\"es-AR\",\"potentialAction\":[{\"@type\":\"CommentAction\",\"name\":\"Comment\",\"target\":[\"https:\/\/lapatriafutbolera.com.ar\/index.php\/2022\/10\/27\/los-balcanes-tienen-a-serbia-como-embajador\/#respond\"]}]},{\"@type\":\"WebPage\",\"@id\":\"https:\/\/lapatriafutbolera.com.ar\/index.php\/2022\/10\/27\/los-balcanes-tienen-a-serbia-como-embajador\/\",\"url\":\"https:\/\/lapatriafutbolera.com.ar\/index.php\/2022\/10\/27\/los-balcanes-tienen-a-serbia-como-embajador\/\",\"name\":\"Los Balcanes tienen a Serbia como embajador - LA PATRIA FUTBOLERA\",\"isPartOf\":{\"@id\":\"https:\/\/lapatriafutbolera.com.ar\/#website\"},\"datePublished\":\"2022-10-27T18:48:39+00:00\",\"dateModified\":\"2022-10-27T18:49:27+00:00\",\"breadcrumb\":{\"@id\":\"https:\/\/lapatriafutbolera.com.ar\/index.php\/2022\/10\/27\/los-balcanes-tienen-a-serbia-como-embajador\/#breadcrumb\"},\"inLanguage\":\"es-AR\",\"potentialAction\":[{\"@type\":\"ReadAction\",\"target\":[\"https:\/\/lapatriafutbolera.com.ar\/index.php\/2022\/10\/27\/los-balcanes-tienen-a-serbia-como-embajador\/\"]}]},{\"@type\":\"BreadcrumbList\",\"@id\":\"https:\/\/lapatriafutbolera.com.ar\/index.php\/2022\/10\/27\/los-balcanes-tienen-a-serbia-como-embajador\/#breadcrumb\",\"itemListElement\":[{\"@type\":\"ListItem\",\"position\":1,\"name\":\"Inicio\",\"item\":\"https:\/\/lapatriafutbolera.com.ar\/\"},{\"@type\":\"ListItem\",\"position\":2,\"name\":\"Los Balcanes tienen a Serbia como embajador\"}]},{\"@type\":\"WebSite\",\"@id\":\"https:\/\/lapatriafutbolera.com.ar\/#website\",\"url\":\"https:\/\/lapatriafutbolera.com.ar\/\",\"name\":\"LA PATRIA FUTBOLERA\",\"description\":\"\",\"publisher\":{\"@id\":\"https:\/\/lapatriafutbolera.com.ar\/#organization\"},\"potentialAction\":[{\"@type\":\"SearchAction\",\"target\":{\"@type\":\"EntryPoint\",\"urlTemplate\":\"https:\/\/lapatriafutbolera.com.ar\/?s={search_term_string}\"},\"query-input\":\"required name=search_term_string\"}],\"inLanguage\":\"es-AR\"},{\"@type\":\"Organization\",\"@id\":\"https:\/\/lapatriafutbolera.com.ar\/#organization\",\"name\":\"LA PATRIA FUTBOLERA\",\"url\":\"https:\/\/lapatriafutbolera.com.ar\/\",\"sameAs\":[],\"logo\":{\"@type\":\"ImageObject\",\"inLanguage\":\"es-AR\",\"@id\":\"https:\/\/lapatriafutbolera.com.ar\/#\/schema\/logo\/image\/\",\"url\":\"https:\/\/lapatriafutbolera.com.ar\/wp-content\/uploads\/2025\/03\/cropped-LA-PATRIA-14.jpg\",\"contentUrl\":\"https:\/\/lapatriafutbolera.com.ar\/wp-content\/uploads\/2025\/03\/cropped-LA-PATRIA-14.jpg\",\"width\":1308,\"height\":221,\"caption\":\"LA PATRIA FUTBOLERA\"},\"image\":{\"@id\":\"https:\/\/lapatriafutbolera.com.ar\/#\/schema\/logo\/image\/\"}},{\"@type\":\"Person\",\"@id\":\"https:\/\/lapatriafutbolera.com.ar\/#\/schema\/person\/eb56fb3a7e76133611d5b2d9f706bd97\",\"name\":\"Redacci\u00f3n LPF\",\"image\":{\"@type\":\"ImageObject\",\"inLanguage\":\"es-AR\",\"@id\":\"https:\/\/lapatriafutbolera.com.ar\/#\/schema\/person\/image\/\",\"url\":\"https:\/\/secure.gravatar.com\/avatar\/57dc12e3750972170624cd118ca21d4157841e9e7b211e6dfe7a00b61088d285?s=96&d=mm&r=g\",\"contentUrl\":\"https:\/\/secure.gravatar.com\/avatar\/57dc12e3750972170624cd118ca21d4157841e9e7b211e6dfe7a00b61088d285?s=96&d=mm&r=g\",\"caption\":\"Redacci\u00f3n LPF\"},\"sameAs\":[\"http:\/\/lapatriafutbolera.com.ar\"],\"url\":\"https:\/\/lapatriafutbolera.com.ar\/index.php\/author\/redaccion-lpf\/\"}]}<\/script>\n<!-- \/ Yoast SEO plugin. -->","yoast_head_json":{"title":"Los Balcanes tienen a Serbia como embajador - LA PATRIA FUTBOLERA","robots":{"index":"index","follow":"follow","max-snippet":"max-snippet:-1","max-image-preview":"max-image-preview:large","max-video-preview":"max-video-preview:-1"},"canonical":"https:\/\/lapatriafutbolera.com.ar\/index.php\/2022\/10\/27\/los-balcanes-tienen-a-serbia-como-embajador\/","og_locale":"es_ES","og_type":"article","og_title":"Los Balcanes tienen a Serbia como embajador - LA PATRIA FUTBOLERA","og_description":"El elenco balc\u00e1nico viene de clasificar al Mundial en la primera posici\u00f3n de su grupo...","og_url":"https:\/\/lapatriafutbolera.com.ar\/index.php\/2022\/10\/27\/los-balcanes-tienen-a-serbia-como-embajador\/","og_site_name":"LA PATRIA FUTBOLERA","article_published_time":"2022-10-27T18:48:39+00:00","article_modified_time":"2022-10-27T18:49:27+00:00","og_image":[{"width":300,"height":168,"url":"https:\/\/lapatriafutbolera.com.ar\/wp-content\/uploads\/2022\/10\/descarga-36.jpg","type":"image\/jpeg"}],"author":"Redacci\u00f3n LPF","twitter_card":"summary_large_image","twitter_misc":{"Escrito por":"Redacci\u00f3n LPF","Tiempo de lectura":"2 minutos"},"schema":{"@context":"https:\/\/schema.org","@graph":[{"@type":"Article","@id":"https:\/\/lapatriafutbolera.com.ar\/index.php\/2022\/10\/27\/los-balcanes-tienen-a-serbia-como-embajador\/#article","isPartOf":{"@id":"https:\/\/lapatriafutbolera.com.ar\/index.php\/2022\/10\/27\/los-balcanes-tienen-a-serbia-como-embajador\/"},"author":{"name":"Redacci\u00f3n LPF","@id":"https:\/\/lapatriafutbolera.com.ar\/#\/schema\/person\/eb56fb3a7e76133611d5b2d9f706bd97"},"headline":"Los Balcanes tienen a Serbia como embajador","datePublished":"2022-10-27T18:48:39+00:00","dateModified":"2022-10-27T18:49:27+00:00","mainEntityOfPage":{"@id":"https:\/\/lapatriafutbolera.com.ar\/index.php\/2022\/10\/27\/los-balcanes-tienen-a-serbia-como-embajador\/"},"wordCount":198,"commentCount":0,"publisher":{"@id":"https:\/\/lapatriafutbolera.com.ar\/#organization"},"articleSection":["Grupo G","Qatar 2022","Serbia"],"inLanguage":"es-AR","potentialAction":[{"@type":"CommentAction","name":"Comment","target":["https:\/\/lapatriafutbolera.com.ar\/index.php\/2022\/10\/27\/los-balcanes-tienen-a-serbia-como-embajador\/#respond"]}]},{"@type":"WebPage","@id":"https:\/\/lapatriafutbolera.com.ar\/index.php\/2022\/10\/27\/los-balcanes-tienen-a-serbia-como-embajador\/","url":"https:\/\/lapatriafutbolera.com.ar\/index.php\/2022\/10\/27\/los-balcanes-tienen-a-serbia-como-embajador\/","name":"Los Balcanes tienen a Serbia como embajador - LA PATRIA FUTBOLERA","isPartOf":{"@id":"https:\/\/lapatriafutbolera.com.ar\/#website"},"datePublished":"2022-10-27T18:48:39+00:00","dateModified":"2022-10-27T18:49:27+00:00","breadcrumb":{"@id":"https:\/\/lapatriafutbolera.com.ar\/index.php\/2022\/10\/27\/los-balcanes-tienen-a-serbia-como-embajador\/#breadcrumb"},"inLanguage":"es-AR","potentialAction":[{"@type":"ReadAction","target":["https:\/\/lapatriafutbolera.com.ar\/index.php\/2022\/10\/27\/los-balcanes-tienen-a-serbia-como-embajador\/"]}]},{"@type":"BreadcrumbList","@id":"https:\/\/lapatriafutbolera.com.ar\/index.php\/2022\/10\/27\/los-balcanes-tienen-a-serbia-como-embajador\/#breadcrumb","itemListElement":[{"@type":"ListItem","position":1,"name":"Inicio","item":"https:\/\/lapatriafutbolera.com.ar\/"},{"@type":"ListItem","position":2,"name":"Los Balcanes tienen a Serbia como embajador"}]},{"@type":"WebSite","@id":"https:\/\/lapatriafutbolera.com.ar\/#website","url":"https:\/\/lapatriafutbolera.com.ar\/","name":"LA PATRIA FUTBOLERA","description":"","publisher":{"@id":"https:\/\/lapatriafutbolera.com.ar\/#organization"},"potentialAction":[{"@type":"SearchAction","target":{"@type":"EntryPoint","urlTemplate":"https:\/\/lapatriafutbolera.com.ar\/?s={search_term_string}"},"query-input":"required name=search_term_string"}],"inLanguage":"es-AR"},{"@type":"Organization","@id":"https:\/\/lapatriafutbolera.com.ar\/#organization","name":"LA PATRIA FUTBOLERA","url":"https:\/\/lapatriafutbolera.com.ar\/","sameAs":[],"logo":{"@type":"ImageObject","inLanguage":"es-AR","@id":"https:\/\/lapatriafutbolera.com.ar\/#\/schema\/logo\/image\/","url":"https:\/\/lapatriafutbolera.com.ar\/wp-content\/uploads\/2025\/03\/cropped-LA-PATRIA-14.jpg","contentUrl":"https:\/\/lapatriafutbolera.com.ar\/wp-content\/uploads\/2025\/03\/cropped-LA-PATRIA-14.jpg","width":1308,"height":221,"caption":"LA PATRIA FUTBOLERA"},"image":{"@id":"https:\/\/lapatriafutbolera.com.ar\/#\/schema\/logo\/image\/"}},{"@type":"Person","@id":"https:\/\/lapatriafutbolera.com.ar\/#\/schema\/person\/eb56fb3a7e76133611d5b2d9f706bd97","name":"Redacci\u00f3n LPF","image":{"@type":"ImageObject","inLanguage":"es-AR","@id":"https:\/\/lapatriafutbolera.com.ar\/#\/schema\/person\/image\/","url":"https:\/\/secure.gravatar.com\/avatar\/57dc12e3750972170624cd118ca21d4157841e9e7b211e6dfe7a00b61088d285?s=96&d=mm&r=g","contentUrl":"https:\/\/secure.gravatar.com\/avatar\/57dc12e3750972170624cd118ca21d4157841e9e7b211e6dfe7a00b61088d285?s=96&d=mm&r=g","caption":"Redacci\u00f3n LPF"},"sameAs":["http:\/\/lapatriafutbolera.com.ar"],"url":"https:\/\/lapatriafutbolera.com.ar\/index.php\/author\/redaccion-lpf\/"}]}},"_links":{"self":[{"href":"https:\/\/lapatriafutbolera.com.ar\/index.php\/wp-json\/wp\/v2\/posts\/582","targetHints":{"allow":["GET"]}}],"collection":[{"href":"https:\/\/lapatriafutbolera.com.ar\/index.php\/wp-json\/wp\/v2\/posts"}],"about":[{"href":"https:\/\/lapatriafutbolera.com.ar\/index.php\/wp-json\/wp\/v2\/types\/post"}],"author":[{"embeddable":true,"href":"https:\/\/lapatriafutbolera.com.ar\/index.php\/wp-json\/wp\/v2\/users\/4"}],"replies":[{"embeddable":true,"href":"https:\/\/lapatriafutbolera.com.ar\/index.php\/wp-json\/wp\/v2\/comments?post=582"}],"version-history":[{"count":1,"href":"https:\/\/lapatriafutbolera.com.ar\/index.php\/wp-json\/wp\/v2\/posts\/582\/revisions"}],"predecessor-version":[{"id":584,"href":"https:\/\/lapatriafutbolera.com.ar\/index.php\/wp-json\/wp\/v2\/posts\/582\/revisions\/584"}],"wp:featuredmedia":[{"embeddable":true,"href":"https:\/\/lapatriafutbolera.com.ar\/index.php\/wp-json\/wp\/v2\/media\/583"}],"wp:attachment":[{"href":"https:\/\/lapatriafutbolera.com.ar\/index.php\/wp-json\/wp\/v2\/media?parent=582"}],"wp:term":[{"taxonomy":"category","embeddable":true,"href":"https:\/\/lapatriafutbolera.com.ar\/index.php\/wp-json\/wp\/v2\/categories?post=582"},{"taxonomy":"post_tag","embeddable":true,"href":"https:\/\/lapatriafutbolera.com.ar\/index.php\/wp-json\/wp\/v2\/tags?post=582"}],"curies":[{"name":"wp","href":"https:\/\/api.w.org\/{rel}","templated":true}]}}