{"id":605,"date":"2022-11-02T08:00:00","date_gmt":"2022-11-02T11:00:00","guid":{"rendered":"https:\/\/lapatriafutbolera.com.ar\/?p=605"},"modified":"2022-11-02T07:48:46","modified_gmt":"2022-11-02T10:48:46","slug":"mete-gol-ghana","status":"publish","type":"post","link":"https:\/\/lapatriafutbolera.com.ar\/index.php\/2022\/11\/02\/mete-gol-ghana\/","title":{"rendered":"Mete gol, Ghana"},"content":{"rendered":"\n<p><strong>Ghana viene de clasificar al Mundial luego de terminar primera en el Grupo G de las Eliminatorias africanas y tras igualar 1-1 en el global ante Nigeria en el duelo decisivo<\/strong>, a quien elimin\u00f3 gracias al gol de visitante.<\/p>\n\n\n\n<p>En total, el seleccionado que dirige Chris Hughton<strong>&nbsp;cosech\u00f3 cuatro victorias, un empate y una derrota en la etapa regular<\/strong>&nbsp;que le permitieron sumar 13 puntos al igual que Sud\u00e1frica.&nbsp;<strong>En la Copa Africana el elenco ghan\u00e9s tuvo una actuaci\u00f3n para el olvido al quedar \u00faltimo en el Grupo C<\/strong>&nbsp;que comparti\u00f3 con Marruecos, Gab\u00f3n y Comoras y en el que solo obtuvo una unidad.<\/p>\n\n\n\n<ul class=\"wp-block-list\">\n<li>Ranking FIFA: 60.<\/li>\n\n\n\n<li>Entrenador: Chris Hughton.<\/li>\n\n\n\n<li>Goles por partido: 0.9.<\/li>\n<\/ul>\n\n\n\n<h2 class=\"wp-block-heading\">Andr\u00e9 Ayew, la figura de Ghana para el Mundial 2022<\/h2>\n\n\n\n<p><strong>Andr\u00e9 Ayew es el capit\u00e1n, figura y referente de este seleccionado.<\/strong>&nbsp;El atacante de 32 a\u00f1os, que comparte delantera con su hermano Jordan,&nbsp;<strong>juega en el Al Sadd de Qatar y est\u00e1 ante su tercera Copa del Mundo tras la participaci\u00f3n en Sud\u00e1frica 2010 &#8211; donde el equipo fue revelaci\u00f3n- y Brasil 2014.<\/strong><\/p>\n\n\n\n<p>De larga trayectoria en Ligue 1 y la Premier League, el nacido en Francia ser\u00e1 clave para las aspiraciones de Ghana, que&nbsp;<strong>tambi\u00e9n cuenta con otros jugadores de nivel europeo como Thomas Partey, Daniel Amartey y Felix Afena-Gyan<\/strong>.<\/p>\n\n\n\n<ul class=\"wp-block-list\">\n<li><strong>Debut en Ghana:<\/strong>&nbsp;21 de agosto de 2007.<\/li>\n\n\n\n<li><strong>Goles en Ghana:<\/strong>&nbsp;23.<\/li>\n\n\n\n<li><strong>Partidos en Ghana:&nbsp;<\/strong>107.<\/li>\n<\/ul>\n\n\n<div class=\"wp-block-image\">\n<figure class=\"aligncenter is-resized\"><img loading=\"lazy\" decoding=\"async\" src=\"https:\/\/media.tycsports.com\/files\/2022\/08\/05\/461565\/andre-ayew_w416.webp\" alt=\"Andr\u00e9 Ayew\" width=\"544\" height=\"408\" title=\"Andr\u00e9 Ayew\"\/><figcaption class=\"wp-element-caption\"><strong>Andre Ayew sumara tres mundiales a su aquilatada experiencia internacional.<\/strong><\/figcaption><\/figure>\n<\/div>\n\n\n<h2 class=\"wp-block-heading\">Fixture del Grupo H en el Mundial Qatar 2022<\/h2>\n\n\n\n<p><strong><u>1era.fecha<\/u><\/strong><\/p>\n\n\n\n<p>Portugal vs.&nbsp;<strong>Ghana<\/strong>&nbsp;| Jueves 24 de noviembre, a las 13 | Stadium 974<\/p>\n\n\n\n<p><strong><u>2da, fecha<\/u><\/strong><\/p>\n\n\n\n<p>Corea del Sur vs.\u00a0<strong>Ghana<\/strong>\u00a0| Lunes 28 de noviembre, a las 10 | Education City Stadium<\/p>\n\n\n\n<p><strong><u>3ra, fecha<\/u><\/strong><\/p>\n\n\n\n<p><strong>Ghana<\/strong>&nbsp;vs. Uruguay | Viernes 2 de diciembre, a las 12 | Al Janoub Stadium<\/p>\n\n\n\n<p><em>*Los horarios corresponden a Argentina.<\/em><\/p>\n\n\n<div class=\"wp-block-image\">\n<figure class=\"aligncenter\"><img decoding=\"async\" src=\"https:\/\/media.tycsports.com\/files\/2022\/08\/07\/462310\/grupo-h_w416.webp\" alt=\"Grupo H\" title=\"Grupo H\"\/><figcaption class=\"wp-element-caption\">El Grupo H de la Copa del Mundo de Qatar.<\/figcaption><\/figure>\n<\/div>\n\n\n<h2 class=\"wp-block-heading\">Historial de Ghana en la Copa del Mundo<\/h2>\n\n\n\n<p><strong>La Selecci\u00f3n de Ghana particip\u00f3 en 3 Mundiales -sin contar Qatar-, mientras que no estuvo presente en 18 ocasiones<\/strong>&nbsp;y debut\u00f3 en el certamen en Alemania 2006. Ahora volver\u00e1 tras quedarse fuera de Rusia 2018. En total acumula 4 victorias, 3 empates y 5 derrotas.<\/p>\n\n\n\n<ul class=\"wp-block-list\">\n<li><strong>M\u00e1ximo goleador:&nbsp;<\/strong>Asamoah Gyan (6).<\/li>\n\n\n\n<li><strong>Mejor actuaci\u00f3n:&nbsp;<\/strong>lleg\u00f3 a cuartos de final en Sud\u00e1frica 2010.<\/li>\n\n\n\n<li><strong>Peor actuaci\u00f3n:<\/strong>&nbsp;eliminado en fase de grupos en Brasil 2014.<\/li>\n<\/ul>\n\n\n<div class=\"wp-block-image\">\n<figure class=\"aligncenter is-resized\"><img loading=\"lazy\" decoding=\"async\" src=\"https:\/\/media.tycsports.com\/files\/2022\/08\/07\/462309\/ghana_w416.webp\" alt=\"Ghana\" width=\"613\" height=\"410\" title=\"Ghana\"\/><figcaption class=\"wp-element-caption\"><strong>La Seleccion ghanesa, eliminada por penales ante Uruguay en Sud\u00e1frica 2010<\/strong><\/figcaption><\/figure>\n<\/div>","protected":false},"excerpt":{"rendered":"<p>Ghana viene de clasificar al Mundial luego de terminar primera en el Grupo G de&#8230;<\/p>\n","protected":false},"author":4,"featured_media":606,"comment_status":"open","ping_status":"open","sticky":false,"template":"","format":"standard","meta":{"footnotes":""},"categories":[60,30,17],"tags":[],"class_list":["post-605","post","type-post","status-publish","format-standard","has-post-thumbnail","hentry","category-ghana","category-grupo-h","category-qatar-2022"],"yoast_head":"<!-- This site is optimized with the Yoast SEO plugin v19.5.1 - https:\/\/yoast.com\/wordpress\/plugins\/seo\/ -->\n<title>Mete gol, Ghana - LA PATRIA FUTBOLERA<\/title>\n<meta name=\"robots\" content=\"index, follow, max-snippet:-1, max-image-preview:large, max-video-preview:-1\" \/>\n<link rel=\"canonical\" href=\"https:\/\/lapatriafutbolera.com.ar\/index.php\/2022\/11\/02\/mete-gol-ghana\/\" \/>\n<meta property=\"og:locale\" content=\"es_ES\" \/>\n<meta property=\"og:type\" content=\"article\" \/>\n<meta property=\"og:title\" content=\"Mete gol, Ghana - LA PATRIA FUTBOLERA\" \/>\n<meta property=\"og:description\" content=\"Ghana viene de clasificar al Mundial luego de terminar primera en el Grupo G de...\" \/>\n<meta property=\"og:url\" content=\"https:\/\/lapatriafutbolera.com.ar\/index.php\/2022\/11\/02\/mete-gol-ghana\/\" \/>\n<meta property=\"og:site_name\" content=\"LA PATRIA FUTBOLERA\" \/>\n<meta property=\"article:published_time\" content=\"2022-11-02T11:00:00+00:00\" \/>\n<meta property=\"article:modified_time\" content=\"2022-11-02T10:48:46+00:00\" \/>\n<meta property=\"og:image\" content=\"https:\/\/lapatriafutbolera.com.ar\/wp-content\/uploads\/2022\/11\/16485819550541.jpg\" \/>\n\t<meta property=\"og:image:width\" content=\"1200\" \/>\n\t<meta property=\"og:image:height\" content=\"675\" \/>\n\t<meta property=\"og:image:type\" content=\"image\/jpeg\" \/>\n<meta name=\"author\" content=\"Redacci\u00f3n LPF\" \/>\n<meta name=\"twitter:card\" content=\"summary_large_image\" \/>\n<meta name=\"twitter:label1\" content=\"Escrito por\" \/>\n\t<meta name=\"twitter:data1\" content=\"Redacci\u00f3n LPF\" \/>\n\t<meta name=\"twitter:label2\" content=\"Tiempo de lectura\" \/>\n\t<meta name=\"twitter:data2\" content=\"3 minutos\" \/>\n<script type=\"application\/ld+json\" class=\"yoast-schema-graph\">{\"@context\":\"https:\/\/schema.org\",\"@graph\":[{\"@type\":\"Article\",\"@id\":\"https:\/\/lapatriafutbolera.com.ar\/index.php\/2022\/11\/02\/mete-gol-ghana\/#article\",\"isPartOf\":{\"@id\":\"https:\/\/lapatriafutbolera.com.ar\/index.php\/2022\/11\/02\/mete-gol-ghana\/\"},\"author\":{\"name\":\"Redacci\u00f3n LPF\",\"@id\":\"https:\/\/lapatriafutbolera.com.ar\/#\/schema\/person\/eb56fb3a7e76133611d5b2d9f706bd97\"},\"headline\":\"Mete gol, Ghana\",\"datePublished\":\"2022-11-02T11:00:00+00:00\",\"dateModified\":\"2022-11-02T10:48:46+00:00\",\"mainEntityOfPage\":{\"@id\":\"https:\/\/lapatriafutbolera.com.ar\/index.php\/2022\/11\/02\/mete-gol-ghana\/\"},\"wordCount\":405,\"commentCount\":0,\"publisher\":{\"@id\":\"https:\/\/lapatriafutbolera.com.ar\/#organization\"},\"articleSection\":[\"Ghana\",\"Grupo H\",\"Qatar 2022\"],\"inLanguage\":\"es-AR\",\"potentialAction\":[{\"@type\":\"CommentAction\",\"name\":\"Comment\",\"target\":[\"https:\/\/lapatriafutbolera.com.ar\/index.php\/2022\/11\/02\/mete-gol-ghana\/#respond\"]}]},{\"@type\":\"WebPage\",\"@id\":\"https:\/\/lapatriafutbolera.com.ar\/index.php\/2022\/11\/02\/mete-gol-ghana\/\",\"url\":\"https:\/\/lapatriafutbolera.com.ar\/index.php\/2022\/11\/02\/mete-gol-ghana\/\",\"name\":\"Mete gol, Ghana - LA PATRIA FUTBOLERA\",\"isPartOf\":{\"@id\":\"https:\/\/lapatriafutbolera.com.ar\/#website\"},\"datePublished\":\"2022-11-02T11:00:00+00:00\",\"dateModified\":\"2022-11-02T10:48:46+00:00\",\"breadcrumb\":{\"@id\":\"https:\/\/lapatriafutbolera.com.ar\/index.php\/2022\/11\/02\/mete-gol-ghana\/#breadcrumb\"},\"inLanguage\":\"es-AR\",\"potentialAction\":[{\"@type\":\"ReadAction\",\"target\":[\"https:\/\/lapatriafutbolera.com.ar\/index.php\/2022\/11\/02\/mete-gol-ghana\/\"]}]},{\"@type\":\"BreadcrumbList\",\"@id\":\"https:\/\/lapatriafutbolera.com.ar\/index.php\/2022\/11\/02\/mete-gol-ghana\/#breadcrumb\",\"itemListElement\":[{\"@type\":\"ListItem\",\"position\":1,\"name\":\"Inicio\",\"item\":\"https:\/\/lapatriafutbolera.com.ar\/\"},{\"@type\":\"ListItem\",\"position\":2,\"name\":\"Mete gol, Ghana\"}]},{\"@type\":\"WebSite\",\"@id\":\"https:\/\/lapatriafutbolera.com.ar\/#website\",\"url\":\"https:\/\/lapatriafutbolera.com.ar\/\",\"name\":\"LA PATRIA FUTBOLERA\",\"description\":\"\",\"publisher\":{\"@id\":\"https:\/\/lapatriafutbolera.com.ar\/#organization\"},\"potentialAction\":[{\"@type\":\"SearchAction\",\"target\":{\"@type\":\"EntryPoint\",\"urlTemplate\":\"https:\/\/lapatriafutbolera.com.ar\/?s={search_term_string}\"},\"query-input\":\"required name=search_term_string\"}],\"inLanguage\":\"es-AR\"},{\"@type\":\"Organization\",\"@id\":\"https:\/\/lapatriafutbolera.com.ar\/#organization\",\"name\":\"LA PATRIA FUTBOLERA\",\"url\":\"https:\/\/lapatriafutbolera.com.ar\/\",\"sameAs\":[],\"logo\":{\"@type\":\"ImageObject\",\"inLanguage\":\"es-AR\",\"@id\":\"https:\/\/lapatriafutbolera.com.ar\/#\/schema\/logo\/image\/\",\"url\":\"https:\/\/lapatriafutbolera.com.ar\/wp-content\/uploads\/2025\/03\/cropped-LA-PATRIA-14.jpg\",\"contentUrl\":\"https:\/\/lapatriafutbolera.com.ar\/wp-content\/uploads\/2025\/03\/cropped-LA-PATRIA-14.jpg\",\"width\":1308,\"height\":221,\"caption\":\"LA PATRIA FUTBOLERA\"},\"image\":{\"@id\":\"https:\/\/lapatriafutbolera.com.ar\/#\/schema\/logo\/image\/\"}},{\"@type\":\"Person\",\"@id\":\"https:\/\/lapatriafutbolera.com.ar\/#\/schema\/person\/eb56fb3a7e76133611d5b2d9f706bd97\",\"name\":\"Redacci\u00f3n LPF\",\"image\":{\"@type\":\"ImageObject\",\"inLanguage\":\"es-AR\",\"@id\":\"https:\/\/lapatriafutbolera.com.ar\/#\/schema\/person\/image\/\",\"url\":\"https:\/\/secure.gravatar.com\/avatar\/57dc12e3750972170624cd118ca21d4157841e9e7b211e6dfe7a00b61088d285?s=96&d=mm&r=g\",\"contentUrl\":\"https:\/\/secure.gravatar.com\/avatar\/57dc12e3750972170624cd118ca21d4157841e9e7b211e6dfe7a00b61088d285?s=96&d=mm&r=g\",\"caption\":\"Redacci\u00f3n LPF\"},\"sameAs\":[\"http:\/\/lapatriafutbolera.com.ar\"],\"url\":\"https:\/\/lapatriafutbolera.com.ar\/index.php\/author\/redaccion-lpf\/\"}]}<\/script>\n<!-- \/ Yoast SEO plugin. -->","yoast_head_json":{"title":"Mete gol, Ghana - LA PATRIA FUTBOLERA","robots":{"index":"index","follow":"follow","max-snippet":"max-snippet:-1","max-image-preview":"max-image-preview:large","max-video-preview":"max-video-preview:-1"},"canonical":"https:\/\/lapatriafutbolera.com.ar\/index.php\/2022\/11\/02\/mete-gol-ghana\/","og_locale":"es_ES","og_type":"article","og_title":"Mete gol, Ghana - LA PATRIA FUTBOLERA","og_description":"Ghana viene de clasificar al Mundial luego de terminar primera en el Grupo G de...","og_url":"https:\/\/lapatriafutbolera.com.ar\/index.php\/2022\/11\/02\/mete-gol-ghana\/","og_site_name":"LA PATRIA FUTBOLERA","article_published_time":"2022-11-02T11:00:00+00:00","article_modified_time":"2022-11-02T10:48:46+00:00","og_image":[{"width":1200,"height":675,"url":"https:\/\/lapatriafutbolera.com.ar\/wp-content\/uploads\/2022\/11\/16485819550541.jpg","type":"image\/jpeg"}],"author":"Redacci\u00f3n LPF","twitter_card":"summary_large_image","twitter_misc":{"Escrito por":"Redacci\u00f3n LPF","Tiempo de lectura":"3 minutos"},"schema":{"@context":"https:\/\/schema.org","@graph":[{"@type":"Article","@id":"https:\/\/lapatriafutbolera.com.ar\/index.php\/2022\/11\/02\/mete-gol-ghana\/#article","isPartOf":{"@id":"https:\/\/lapatriafutbolera.com.ar\/index.php\/2022\/11\/02\/mete-gol-ghana\/"},"author":{"name":"Redacci\u00f3n LPF","@id":"https:\/\/lapatriafutbolera.com.ar\/#\/schema\/person\/eb56fb3a7e76133611d5b2d9f706bd97"},"headline":"Mete gol, Ghana","datePublished":"2022-11-02T11:00:00+00:00","dateModified":"2022-11-02T10:48:46+00:00","mainEntityOfPage":{"@id":"https:\/\/lapatriafutbolera.com.ar\/index.php\/2022\/11\/02\/mete-gol-ghana\/"},"wordCount":405,"commentCount":0,"publisher":{"@id":"https:\/\/lapatriafutbolera.com.ar\/#organization"},"articleSection":["Ghana","Grupo H","Qatar 2022"],"inLanguage":"es-AR","potentialAction":[{"@type":"CommentAction","name":"Comment","target":["https:\/\/lapatriafutbolera.com.ar\/index.php\/2022\/11\/02\/mete-gol-ghana\/#respond"]}]},{"@type":"WebPage","@id":"https:\/\/lapatriafutbolera.com.ar\/index.php\/2022\/11\/02\/mete-gol-ghana\/","url":"https:\/\/lapatriafutbolera.com.ar\/index.php\/2022\/11\/02\/mete-gol-ghana\/","name":"Mete gol, Ghana - LA PATRIA FUTBOLERA","isPartOf":{"@id":"https:\/\/lapatriafutbolera.com.ar\/#website"},"datePublished":"2022-11-02T11:00:00+00:00","dateModified":"2022-11-02T10:48:46+00:00","breadcrumb":{"@id":"https:\/\/lapatriafutbolera.com.ar\/index.php\/2022\/11\/02\/mete-gol-ghana\/#breadcrumb"},"inLanguage":"es-AR","potentialAction":[{"@type":"ReadAction","target":["https:\/\/lapatriafutbolera.com.ar\/index.php\/2022\/11\/02\/mete-gol-ghana\/"]}]},{"@type":"BreadcrumbList","@id":"https:\/\/lapatriafutbolera.com.ar\/index.php\/2022\/11\/02\/mete-gol-ghana\/#breadcrumb","itemListElement":[{"@type":"ListItem","position":1,"name":"Inicio","item":"https:\/\/lapatriafutbolera.com.ar\/"},{"@type":"ListItem","position":2,"name":"Mete gol, Ghana"}]},{"@type":"WebSite","@id":"https:\/\/lapatriafutbolera.com.ar\/#website","url":"https:\/\/lapatriafutbolera.com.ar\/","name":"LA PATRIA FUTBOLERA","description":"","publisher":{"@id":"https:\/\/lapatriafutbolera.com.ar\/#organization"},"potentialAction":[{"@type":"SearchAction","target":{"@type":"EntryPoint","urlTemplate":"https:\/\/lapatriafutbolera.com.ar\/?s={search_term_string}"},"query-input":"required name=search_term_string"}],"inLanguage":"es-AR"},{"@type":"Organization","@id":"https:\/\/lapatriafutbolera.com.ar\/#organization","name":"LA PATRIA FUTBOLERA","url":"https:\/\/lapatriafutbolera.com.ar\/","sameAs":[],"logo":{"@type":"ImageObject","inLanguage":"es-AR","@id":"https:\/\/lapatriafutbolera.com.ar\/#\/schema\/logo\/image\/","url":"https:\/\/lapatriafutbolera.com.ar\/wp-content\/uploads\/2025\/03\/cropped-LA-PATRIA-14.jpg","contentUrl":"https:\/\/lapatriafutbolera.com.ar\/wp-content\/uploads\/2025\/03\/cropped-LA-PATRIA-14.jpg","width":1308,"height":221,"caption":"LA PATRIA FUTBOLERA"},"image":{"@id":"https:\/\/lapatriafutbolera.com.ar\/#\/schema\/logo\/image\/"}},{"@type":"Person","@id":"https:\/\/lapatriafutbolera.com.ar\/#\/schema\/person\/eb56fb3a7e76133611d5b2d9f706bd97","name":"Redacci\u00f3n LPF","image":{"@type":"ImageObject","inLanguage":"es-AR","@id":"https:\/\/lapatriafutbolera.com.ar\/#\/schema\/person\/image\/","url":"https:\/\/secure.gravatar.com\/avatar\/57dc12e3750972170624cd118ca21d4157841e9e7b211e6dfe7a00b61088d285?s=96&d=mm&r=g","contentUrl":"https:\/\/secure.gravatar.com\/avatar\/57dc12e3750972170624cd118ca21d4157841e9e7b211e6dfe7a00b61088d285?s=96&d=mm&r=g","caption":"Redacci\u00f3n LPF"},"sameAs":["http:\/\/lapatriafutbolera.com.ar"],"url":"https:\/\/lapatriafutbolera.com.ar\/index.php\/author\/redaccion-lpf\/"}]}},"_links":{"self":[{"href":"https:\/\/lapatriafutbolera.com.ar\/index.php\/wp-json\/wp\/v2\/posts\/605","targetHints":{"allow":["GET"]}}],"collection":[{"href":"https:\/\/lapatriafutbolera.com.ar\/index.php\/wp-json\/wp\/v2\/posts"}],"about":[{"href":"https:\/\/lapatriafutbolera.com.ar\/index.php\/wp-json\/wp\/v2\/types\/post"}],"author":[{"embeddable":true,"href":"https:\/\/lapatriafutbolera.com.ar\/index.php\/wp-json\/wp\/v2\/users\/4"}],"replies":[{"embeddable":true,"href":"https:\/\/lapatriafutbolera.com.ar\/index.php\/wp-json\/wp\/v2\/comments?post=605"}],"version-history":[{"count":1,"href":"https:\/\/lapatriafutbolera.com.ar\/index.php\/wp-json\/wp\/v2\/posts\/605\/revisions"}],"predecessor-version":[{"id":607,"href":"https:\/\/lapatriafutbolera.com.ar\/index.php\/wp-json\/wp\/v2\/posts\/605\/revisions\/607"}],"wp:featuredmedia":[{"embeddable":true,"href":"https:\/\/lapatriafutbolera.com.ar\/index.php\/wp-json\/wp\/v2\/media\/606"}],"wp:attachment":[{"href":"https:\/\/lapatriafutbolera.com.ar\/index.php\/wp-json\/wp\/v2\/media?parent=605"}],"wp:term":[{"taxonomy":"category","embeddable":true,"href":"https:\/\/lapatriafutbolera.com.ar\/index.php\/wp-json\/wp\/v2\/categories?post=605"},{"taxonomy":"post_tag","embeddable":true,"href":"https:\/\/lapatriafutbolera.com.ar\/index.php\/wp-json\/wp\/v2\/tags?post=605"}],"curies":[{"name":"wp","href":"https:\/\/api.w.org\/{rel}","templated":true}]}}