{"id":608,"date":"2022-11-03T08:00:00","date_gmt":"2022-11-03T11:00:00","guid":{"rendered":"https:\/\/lapatriafutbolera.com.ar\/?p=608"},"modified":"2022-11-02T20:21:17","modified_gmt":"2022-11-02T23:21:17","slug":"la-garra-charrua-en-el-octavo-grupo-del-mundial","status":"publish","type":"post","link":"https:\/\/lapatriafutbolera.com.ar\/index.php\/2022\/11\/03\/la-garra-charrua-en-el-octavo-grupo-del-mundial\/","title":{"rendered":"La Garra Charr\u00faa, en el octavo grupo del Mundial"},"content":{"rendered":"\n<p><strong>Uruguay viene de clasificar al Mundial tras finalizar en la tercera posici\u00f3n en las Eliminatorias Sudamericanas&nbsp;<\/strong>con 28 puntos, ocho partidos ganados, cuatro empatados y seis perdidos. En tanto, en la Copa Am\u00e9rica 2021 logr\u00f3 alcanzar los cuartos de final, instancia en la que qued\u00f3 eliminado con Colombia por penales.<\/p>\n\n\n\n<ul class=\"wp-block-list\">\n<li><strong>Ranking FIFA<\/strong>: 13.<\/li>\n\n\n\n<li><strong>Entrenador<\/strong>: Diego Alonso.<\/li>\n\n\n\n<li><strong>Goles por partido<\/strong>: 1,7.<\/li>\n<\/ul>\n\n\n\n<h2 class=\"wp-block-heading\">Federico Valverde, la figura de Uruguay para el Mundial 2022<\/h2>\n\n\n\n<p><strong>Federico Valverde es un futbolista de 24 a\u00f1os que se desempe\u00f1a en Real Madrid como mediocampista y sus clubes anteriores fueron Pe\u00f1arol, donde no lleg\u00f3 a debutar y Deportivo La Coru\u00f1a.&nbsp;<\/strong>Entre sus t\u00edtulos obtenidos se encuentra una Champions League, un Mundial de Clubes, dos Copas del Rey, una Supercopa de Europa y dos Supercopas de Espa\u00f1a.<\/p>\n\n\n\n<ul class=\"wp-block-list\">\n<li><strong>Debut en Uruguay:<\/strong>&nbsp;6 de septiembre de 2017.<\/li>\n\n\n\n<li><strong>Goles en Uruguay:<\/strong>&nbsp;4.<\/li>\n\n\n\n<li><strong>Partidos en Uruguay:&nbsp;<\/strong>42.<\/li>\n<\/ul>\n\n\n<div class=\"wp-block-image\">\n<figure class=\"aligncenter\"><img decoding=\"async\" src=\"https:\/\/media.tycsports.com\/files\/2022\/08\/16\/465810\/federico-valverde_w416.webp\" alt=\"Federico Valverde\" title=\"Federico Valverde\"\/><figcaption class=\"wp-element-caption\"><strong>Federico Valverde, el Merengue de la Celeste en Qatar.<\/strong><\/figcaption><\/figure>\n<\/div>\n\n\n<h2 class=\"wp-block-heading\">Fixture de Uruguay en el Mundial 2022, cu\u00e1ndo juega y a qu\u00e9 hora<\/h2>\n\n\n\n<p><strong><u>1era fecha<\/u><\/strong><\/p>\n\n\n\n<ul class=\"wp-block-list\">\n<li><strong>Uruguay&nbsp;<\/strong>vs. Corea del Sur | Jueves 24 de noviembre, a las 10 | Estadio Ciudad Educaci\u00f3n.<\/li>\n<\/ul>\n\n\n\n<p><strong><u>2da fecha<\/u><\/strong><\/p>\n\n\n\n<ul class=\"wp-block-list\">\n<li>Portugal vs.&nbsp;<strong>Uruguay&nbsp;<\/strong>| Lunes 28 de noviembre, a las 16 | Estadio Lusail.<\/li>\n<\/ul>\n\n\n\n<p><strong><u>3ra fecha<\/u><\/strong><\/p>\n\n\n\n<ul class=\"wp-block-list\">\n<li>Ghana vs.&nbsp;<strong>Uruguay&nbsp;<\/strong>| Viernes 2 de diciembre, a las 12 | Estadio Al Janoub.<\/li>\n<\/ul>\n\n\n<div class=\"wp-block-image\">\n<figure class=\"aligncenter\"><img decoding=\"async\" src=\"https:\/\/media.tycsports.com\/files\/2022\/08\/07\/462310\/grupo-h_w416.webp\" alt=\"Grupo H\" title=\"Grupo H\"\/><figcaption class=\"wp-element-caption\"><strong>El Grupo H de la Copa del Mundo 2022.<\/strong><\/figcaption><\/figure>\n<\/div>\n\n\n<h2 class=\"wp-block-heading\">Historial de Uruguay en la Copa del Mundo<\/h2>\n\n\n\n<p><strong>La Selecci\u00f3n de Uruguay particip\u00f3 en 13 Mundiales<\/strong>&nbsp;y no estuvo presente en 8 ocasiones. Por otro lado, gan\u00f3 el torneo en dos oportunidades (1930 y 1950), jug\u00f3 56 partidos, gan\u00f3 24, empat\u00f3 12 y perdi\u00f3 20.<\/p>\n\n\n\n<ul class=\"wp-block-list\">\n<li><strong>M\u00e1ximos goleadores:<\/strong>&nbsp;Oscar Miguez (8).<\/li>\n\n\n\n<li><strong>Mejor actuaci\u00f3n:<\/strong>&nbsp;campeones en 1930 y 1950.<\/li>\n\n\n\n<li><strong>Peor actuaci\u00f3n<\/strong>: eliminados en grupos en Corea &#8211; Jap\u00f3n 2002.<\/li>\n<\/ul>\n","protected":false},"excerpt":{"rendered":"<p>Uruguay viene de clasificar al Mundial tras finalizar en la tercera posici\u00f3n en las Eliminatorias&#8230;<\/p>\n","protected":false},"author":4,"featured_media":610,"comment_status":"open","ping_status":"open","sticky":false,"template":"","format":"standard","meta":{"footnotes":""},"categories":[30,17,61],"tags":[],"class_list":["post-608","post","type-post","status-publish","format-standard","has-post-thumbnail","hentry","category-grupo-h","category-qatar-2022","category-uruguay"],"yoast_head":"<!-- This site is optimized with the Yoast SEO plugin v19.5.1 - https:\/\/yoast.com\/wordpress\/plugins\/seo\/ -->\n<title>La Garra Charr\u00faa, en el octavo grupo del Mundial - LA PATRIA FUTBOLERA<\/title>\n<meta name=\"robots\" content=\"index, follow, max-snippet:-1, max-image-preview:large, max-video-preview:-1\" \/>\n<link rel=\"canonical\" href=\"https:\/\/lapatriafutbolera.com.ar\/index.php\/2022\/11\/03\/la-garra-charrua-en-el-octavo-grupo-del-mundial\/\" \/>\n<meta property=\"og:locale\" content=\"es_ES\" \/>\n<meta property=\"og:type\" content=\"article\" \/>\n<meta property=\"og:title\" content=\"La Garra Charr\u00faa, en el octavo grupo del Mundial - LA PATRIA FUTBOLERA\" \/>\n<meta property=\"og:description\" content=\"Uruguay viene de clasificar al Mundial tras finalizar en la tercera posici\u00f3n en las Eliminatorias...\" \/>\n<meta property=\"og:url\" content=\"https:\/\/lapatriafutbolera.com.ar\/index.php\/2022\/11\/03\/la-garra-charrua-en-el-octavo-grupo-del-mundial\/\" \/>\n<meta property=\"og:site_name\" content=\"LA PATRIA FUTBOLERA\" \/>\n<meta property=\"article:published_time\" content=\"2022-11-03T11:00:00+00:00\" \/>\n<meta property=\"article:modified_time\" content=\"2022-11-02T23:21:17+00:00\" \/>\n<meta property=\"og:image\" content=\"https:\/\/lapatriafutbolera.com.ar\/wp-content\/uploads\/2022\/11\/t3oobdyl34q75eqhy7dltutjma-1.jpg\" \/>\n\t<meta property=\"og:image:width\" content=\"1005\" \/>\n\t<meta property=\"og:image:height\" content=\"670\" \/>\n\t<meta property=\"og:image:type\" content=\"image\/jpeg\" \/>\n<meta name=\"author\" content=\"Redacci\u00f3n LPF\" \/>\n<meta name=\"twitter:card\" content=\"summary_large_image\" \/>\n<meta name=\"twitter:label1\" content=\"Escrito por\" \/>\n\t<meta name=\"twitter:data1\" content=\"Redacci\u00f3n LPF\" \/>\n\t<meta name=\"twitter:label2\" content=\"Tiempo de lectura\" \/>\n\t<meta name=\"twitter:data2\" content=\"2 minutos\" \/>\n<script type=\"application\/ld+json\" class=\"yoast-schema-graph\">{\"@context\":\"https:\/\/schema.org\",\"@graph\":[{\"@type\":\"Article\",\"@id\":\"https:\/\/lapatriafutbolera.com.ar\/index.php\/2022\/11\/03\/la-garra-charrua-en-el-octavo-grupo-del-mundial\/#article\",\"isPartOf\":{\"@id\":\"https:\/\/lapatriafutbolera.com.ar\/index.php\/2022\/11\/03\/la-garra-charrua-en-el-octavo-grupo-del-mundial\/\"},\"author\":{\"name\":\"Redacci\u00f3n LPF\",\"@id\":\"https:\/\/lapatriafutbolera.com.ar\/#\/schema\/person\/eb56fb3a7e76133611d5b2d9f706bd97\"},\"headline\":\"La Garra Charr\u00faa, en el octavo grupo del Mundial\",\"datePublished\":\"2022-11-03T11:00:00+00:00\",\"dateModified\":\"2022-11-02T23:21:17+00:00\",\"mainEntityOfPage\":{\"@id\":\"https:\/\/lapatriafutbolera.com.ar\/index.php\/2022\/11\/03\/la-garra-charrua-en-el-octavo-grupo-del-mundial\/\"},\"wordCount\":295,\"commentCount\":0,\"publisher\":{\"@id\":\"https:\/\/lapatriafutbolera.com.ar\/#organization\"},\"articleSection\":[\"Grupo H\",\"Qatar 2022\",\"Uruguay\"],\"inLanguage\":\"es-AR\",\"potentialAction\":[{\"@type\":\"CommentAction\",\"name\":\"Comment\",\"target\":[\"https:\/\/lapatriafutbolera.com.ar\/index.php\/2022\/11\/03\/la-garra-charrua-en-el-octavo-grupo-del-mundial\/#respond\"]}]},{\"@type\":\"WebPage\",\"@id\":\"https:\/\/lapatriafutbolera.com.ar\/index.php\/2022\/11\/03\/la-garra-charrua-en-el-octavo-grupo-del-mundial\/\",\"url\":\"https:\/\/lapatriafutbolera.com.ar\/index.php\/2022\/11\/03\/la-garra-charrua-en-el-octavo-grupo-del-mundial\/\",\"name\":\"La Garra Charr\u00faa, en el octavo grupo del Mundial - LA PATRIA FUTBOLERA\",\"isPartOf\":{\"@id\":\"https:\/\/lapatriafutbolera.com.ar\/#website\"},\"datePublished\":\"2022-11-03T11:00:00+00:00\",\"dateModified\":\"2022-11-02T23:21:17+00:00\",\"breadcrumb\":{\"@id\":\"https:\/\/lapatriafutbolera.com.ar\/index.php\/2022\/11\/03\/la-garra-charrua-en-el-octavo-grupo-del-mundial\/#breadcrumb\"},\"inLanguage\":\"es-AR\",\"potentialAction\":[{\"@type\":\"ReadAction\",\"target\":[\"https:\/\/lapatriafutbolera.com.ar\/index.php\/2022\/11\/03\/la-garra-charrua-en-el-octavo-grupo-del-mundial\/\"]}]},{\"@type\":\"BreadcrumbList\",\"@id\":\"https:\/\/lapatriafutbolera.com.ar\/index.php\/2022\/11\/03\/la-garra-charrua-en-el-octavo-grupo-del-mundial\/#breadcrumb\",\"itemListElement\":[{\"@type\":\"ListItem\",\"position\":1,\"name\":\"Inicio\",\"item\":\"https:\/\/lapatriafutbolera.com.ar\/\"},{\"@type\":\"ListItem\",\"position\":2,\"name\":\"La Garra Charr\u00faa, en el octavo grupo del Mundial\"}]},{\"@type\":\"WebSite\",\"@id\":\"https:\/\/lapatriafutbolera.com.ar\/#website\",\"url\":\"https:\/\/lapatriafutbolera.com.ar\/\",\"name\":\"LA PATRIA FUTBOLERA\",\"description\":\"\",\"publisher\":{\"@id\":\"https:\/\/lapatriafutbolera.com.ar\/#organization\"},\"potentialAction\":[{\"@type\":\"SearchAction\",\"target\":{\"@type\":\"EntryPoint\",\"urlTemplate\":\"https:\/\/lapatriafutbolera.com.ar\/?s={search_term_string}\"},\"query-input\":\"required name=search_term_string\"}],\"inLanguage\":\"es-AR\"},{\"@type\":\"Organization\",\"@id\":\"https:\/\/lapatriafutbolera.com.ar\/#organization\",\"name\":\"LA PATRIA FUTBOLERA\",\"url\":\"https:\/\/lapatriafutbolera.com.ar\/\",\"sameAs\":[],\"logo\":{\"@type\":\"ImageObject\",\"inLanguage\":\"es-AR\",\"@id\":\"https:\/\/lapatriafutbolera.com.ar\/#\/schema\/logo\/image\/\",\"url\":\"https:\/\/lapatriafutbolera.com.ar\/wp-content\/uploads\/2025\/03\/cropped-LA-PATRIA-14.jpg\",\"contentUrl\":\"https:\/\/lapatriafutbolera.com.ar\/wp-content\/uploads\/2025\/03\/cropped-LA-PATRIA-14.jpg\",\"width\":1308,\"height\":221,\"caption\":\"LA PATRIA FUTBOLERA\"},\"image\":{\"@id\":\"https:\/\/lapatriafutbolera.com.ar\/#\/schema\/logo\/image\/\"}},{\"@type\":\"Person\",\"@id\":\"https:\/\/lapatriafutbolera.com.ar\/#\/schema\/person\/eb56fb3a7e76133611d5b2d9f706bd97\",\"name\":\"Redacci\u00f3n LPF\",\"image\":{\"@type\":\"ImageObject\",\"inLanguage\":\"es-AR\",\"@id\":\"https:\/\/lapatriafutbolera.com.ar\/#\/schema\/person\/image\/\",\"url\":\"https:\/\/secure.gravatar.com\/avatar\/57dc12e3750972170624cd118ca21d4157841e9e7b211e6dfe7a00b61088d285?s=96&d=mm&r=g\",\"contentUrl\":\"https:\/\/secure.gravatar.com\/avatar\/57dc12e3750972170624cd118ca21d4157841e9e7b211e6dfe7a00b61088d285?s=96&d=mm&r=g\",\"caption\":\"Redacci\u00f3n LPF\"},\"sameAs\":[\"http:\/\/lapatriafutbolera.com.ar\"],\"url\":\"https:\/\/lapatriafutbolera.com.ar\/index.php\/author\/redaccion-lpf\/\"}]}<\/script>\n<!-- \/ Yoast SEO plugin. -->","yoast_head_json":{"title":"La Garra Charr\u00faa, en el octavo grupo del Mundial - LA PATRIA FUTBOLERA","robots":{"index":"index","follow":"follow","max-snippet":"max-snippet:-1","max-image-preview":"max-image-preview:large","max-video-preview":"max-video-preview:-1"},"canonical":"https:\/\/lapatriafutbolera.com.ar\/index.php\/2022\/11\/03\/la-garra-charrua-en-el-octavo-grupo-del-mundial\/","og_locale":"es_ES","og_type":"article","og_title":"La Garra Charr\u00faa, en el octavo grupo del Mundial - LA PATRIA FUTBOLERA","og_description":"Uruguay viene de clasificar al Mundial tras finalizar en la tercera posici\u00f3n en las Eliminatorias...","og_url":"https:\/\/lapatriafutbolera.com.ar\/index.php\/2022\/11\/03\/la-garra-charrua-en-el-octavo-grupo-del-mundial\/","og_site_name":"LA PATRIA FUTBOLERA","article_published_time":"2022-11-03T11:00:00+00:00","article_modified_time":"2022-11-02T23:21:17+00:00","og_image":[{"width":1005,"height":670,"url":"https:\/\/lapatriafutbolera.com.ar\/wp-content\/uploads\/2022\/11\/t3oobdyl34q75eqhy7dltutjma-1.jpg","type":"image\/jpeg"}],"author":"Redacci\u00f3n LPF","twitter_card":"summary_large_image","twitter_misc":{"Escrito por":"Redacci\u00f3n LPF","Tiempo de lectura":"2 minutos"},"schema":{"@context":"https:\/\/schema.org","@graph":[{"@type":"Article","@id":"https:\/\/lapatriafutbolera.com.ar\/index.php\/2022\/11\/03\/la-garra-charrua-en-el-octavo-grupo-del-mundial\/#article","isPartOf":{"@id":"https:\/\/lapatriafutbolera.com.ar\/index.php\/2022\/11\/03\/la-garra-charrua-en-el-octavo-grupo-del-mundial\/"},"author":{"name":"Redacci\u00f3n LPF","@id":"https:\/\/lapatriafutbolera.com.ar\/#\/schema\/person\/eb56fb3a7e76133611d5b2d9f706bd97"},"headline":"La Garra Charr\u00faa, en el octavo grupo del Mundial","datePublished":"2022-11-03T11:00:00+00:00","dateModified":"2022-11-02T23:21:17+00:00","mainEntityOfPage":{"@id":"https:\/\/lapatriafutbolera.com.ar\/index.php\/2022\/11\/03\/la-garra-charrua-en-el-octavo-grupo-del-mundial\/"},"wordCount":295,"commentCount":0,"publisher":{"@id":"https:\/\/lapatriafutbolera.com.ar\/#organization"},"articleSection":["Grupo H","Qatar 2022","Uruguay"],"inLanguage":"es-AR","potentialAction":[{"@type":"CommentAction","name":"Comment","target":["https:\/\/lapatriafutbolera.com.ar\/index.php\/2022\/11\/03\/la-garra-charrua-en-el-octavo-grupo-del-mundial\/#respond"]}]},{"@type":"WebPage","@id":"https:\/\/lapatriafutbolera.com.ar\/index.php\/2022\/11\/03\/la-garra-charrua-en-el-octavo-grupo-del-mundial\/","url":"https:\/\/lapatriafutbolera.com.ar\/index.php\/2022\/11\/03\/la-garra-charrua-en-el-octavo-grupo-del-mundial\/","name":"La Garra Charr\u00faa, en el octavo grupo del Mundial - LA PATRIA FUTBOLERA","isPartOf":{"@id":"https:\/\/lapatriafutbolera.com.ar\/#website"},"datePublished":"2022-11-03T11:00:00+00:00","dateModified":"2022-11-02T23:21:17+00:00","breadcrumb":{"@id":"https:\/\/lapatriafutbolera.com.ar\/index.php\/2022\/11\/03\/la-garra-charrua-en-el-octavo-grupo-del-mundial\/#breadcrumb"},"inLanguage":"es-AR","potentialAction":[{"@type":"ReadAction","target":["https:\/\/lapatriafutbolera.com.ar\/index.php\/2022\/11\/03\/la-garra-charrua-en-el-octavo-grupo-del-mundial\/"]}]},{"@type":"BreadcrumbList","@id":"https:\/\/lapatriafutbolera.com.ar\/index.php\/2022\/11\/03\/la-garra-charrua-en-el-octavo-grupo-del-mundial\/#breadcrumb","itemListElement":[{"@type":"ListItem","position":1,"name":"Inicio","item":"https:\/\/lapatriafutbolera.com.ar\/"},{"@type":"ListItem","position":2,"name":"La Garra Charr\u00faa, en el octavo grupo del Mundial"}]},{"@type":"WebSite","@id":"https:\/\/lapatriafutbolera.com.ar\/#website","url":"https:\/\/lapatriafutbolera.com.ar\/","name":"LA PATRIA FUTBOLERA","description":"","publisher":{"@id":"https:\/\/lapatriafutbolera.com.ar\/#organization"},"potentialAction":[{"@type":"SearchAction","target":{"@type":"EntryPoint","urlTemplate":"https:\/\/lapatriafutbolera.com.ar\/?s={search_term_string}"},"query-input":"required name=search_term_string"}],"inLanguage":"es-AR"},{"@type":"Organization","@id":"https:\/\/lapatriafutbolera.com.ar\/#organization","name":"LA PATRIA FUTBOLERA","url":"https:\/\/lapatriafutbolera.com.ar\/","sameAs":[],"logo":{"@type":"ImageObject","inLanguage":"es-AR","@id":"https:\/\/lapatriafutbolera.com.ar\/#\/schema\/logo\/image\/","url":"https:\/\/lapatriafutbolera.com.ar\/wp-content\/uploads\/2025\/03\/cropped-LA-PATRIA-14.jpg","contentUrl":"https:\/\/lapatriafutbolera.com.ar\/wp-content\/uploads\/2025\/03\/cropped-LA-PATRIA-14.jpg","width":1308,"height":221,"caption":"LA PATRIA FUTBOLERA"},"image":{"@id":"https:\/\/lapatriafutbolera.com.ar\/#\/schema\/logo\/image\/"}},{"@type":"Person","@id":"https:\/\/lapatriafutbolera.com.ar\/#\/schema\/person\/eb56fb3a7e76133611d5b2d9f706bd97","name":"Redacci\u00f3n LPF","image":{"@type":"ImageObject","inLanguage":"es-AR","@id":"https:\/\/lapatriafutbolera.com.ar\/#\/schema\/person\/image\/","url":"https:\/\/secure.gravatar.com\/avatar\/57dc12e3750972170624cd118ca21d4157841e9e7b211e6dfe7a00b61088d285?s=96&d=mm&r=g","contentUrl":"https:\/\/secure.gravatar.com\/avatar\/57dc12e3750972170624cd118ca21d4157841e9e7b211e6dfe7a00b61088d285?s=96&d=mm&r=g","caption":"Redacci\u00f3n LPF"},"sameAs":["http:\/\/lapatriafutbolera.com.ar"],"url":"https:\/\/lapatriafutbolera.com.ar\/index.php\/author\/redaccion-lpf\/"}]}},"_links":{"self":[{"href":"https:\/\/lapatriafutbolera.com.ar\/index.php\/wp-json\/wp\/v2\/posts\/608","targetHints":{"allow":["GET"]}}],"collection":[{"href":"https:\/\/lapatriafutbolera.com.ar\/index.php\/wp-json\/wp\/v2\/posts"}],"about":[{"href":"https:\/\/lapatriafutbolera.com.ar\/index.php\/wp-json\/wp\/v2\/types\/post"}],"author":[{"embeddable":true,"href":"https:\/\/lapatriafutbolera.com.ar\/index.php\/wp-json\/wp\/v2\/users\/4"}],"replies":[{"embeddable":true,"href":"https:\/\/lapatriafutbolera.com.ar\/index.php\/wp-json\/wp\/v2\/comments?post=608"}],"version-history":[{"count":1,"href":"https:\/\/lapatriafutbolera.com.ar\/index.php\/wp-json\/wp\/v2\/posts\/608\/revisions"}],"predecessor-version":[{"id":609,"href":"https:\/\/lapatriafutbolera.com.ar\/index.php\/wp-json\/wp\/v2\/posts\/608\/revisions\/609"}],"wp:featuredmedia":[{"embeddable":true,"href":"https:\/\/lapatriafutbolera.com.ar\/index.php\/wp-json\/wp\/v2\/media\/610"}],"wp:attachment":[{"href":"https:\/\/lapatriafutbolera.com.ar\/index.php\/wp-json\/wp\/v2\/media?parent=608"}],"wp:term":[{"taxonomy":"category","embeddable":true,"href":"https:\/\/lapatriafutbolera.com.ar\/index.php\/wp-json\/wp\/v2\/categories?post=608"},{"taxonomy":"post_tag","embeddable":true,"href":"https:\/\/lapatriafutbolera.com.ar\/index.php\/wp-json\/wp\/v2\/tags?post=608"}],"curies":[{"name":"wp","href":"https:\/\/api.w.org\/{rel}","templated":true}]}}