{"id":614,"date":"2022-11-04T08:00:00","date_gmt":"2022-11-04T11:00:00","guid":{"rendered":"https:\/\/lapatriafutbolera.com.ar\/?p=614"},"modified":"2022-11-04T11:34:14","modified_gmt":"2022-11-04T14:34:14","slug":"tradicion-asiatica-en-mundiales","status":"publish","type":"post","link":"https:\/\/lapatriafutbolera.com.ar\/index.php\/2022\/11\/04\/tradicion-asiatica-en-mundiales\/","title":{"rendered":"Tradici\u00f3n asi\u00e1tica en mundiales"},"content":{"rendered":"\n<h2 class=\"wp-block-heading\">C\u00f3mo llega Corea del Sur al Mundial Qatar 2022<\/h2>\n\n\n\n<p><strong>Corea del Sur<\/strong>&nbsp;viene de clasificarse al Mundial al salir segundo en su grupo de la tercera ronda de las Eliminatorias Asi\u00e1ticas con 23 puntos, detr\u00e1s de Ir\u00e1n (25), pero por delante de Emiratos \u00c1rabes Unidos (12).<\/p>\n\n\n\n<ul class=\"wp-block-list\">\n<li><strong>Ranking FIFA:&nbsp;<\/strong>28\u00b0<\/li>\n\n\n\n<li><strong>Entrenador:<\/strong>&nbsp;Paulo Bento<\/li>\n<\/ul>\n\n\n\n<h2 class=\"wp-block-heading\">Son Heung-min, la figura de Corea del Sur para el Mundial Qatar 2022<\/h2>\n\n\n\n<p><strong>Son tiene 30 a\u00f1os, juega como delantero en el Tottenham Hotspur y es el capit\u00e1n de la Selecci\u00f3n de Corea del Sur.&nbsp;<\/strong>A los 16 fich\u00f3 por el Hamburgo para jugar en el equipo reserva y en 2010 dio el salto a la Bundesliga con el primer equipo.\u200b Tras tres temporadas se oficializ\u00f3 su fichaje por el Bayer Leverkusen, donde estuvo dos a\u00f1os para emigrar a la Premier League hasta la actualidad.<\/p>\n\n\n\n<ul class=\"wp-block-list\">\n<li><strong>Debut en Corea del Sur:<\/strong>&nbsp;30 de diciembre de 2010<\/li>\n\n\n\n<li><strong>Goles en Corea del Sur:<\/strong>&nbsp;33<\/li>\n\n\n\n<li><strong>Partidos en Corea del Sur:<\/strong>&nbsp;102<\/li>\n<\/ul>\n\n\n<div class=\"wp-block-image\">\n<figure class=\"aligncenter\"><img decoding=\"async\" src=\"https:\/\/media.tycsports.com\/files\/2022\/09\/06\/474817\/son-heung-min_w416.webp\" alt=\"Son Heung-min\" title=\"Son Heung-min\"\/><figcaption class=\"wp-element-caption\"><strong>Son Heung-min, la carta de futbol surcoreano en Qatar<\/strong><\/figcaption><\/figure>\n<\/div>\n\n\n<h2 class=\"wp-block-heading\">Fixture de Corea del Sur en el Mundial 2022, cu\u00e1ndo juega y a qu\u00e9 hora<\/h2>\n\n\n\n<p><strong>1era fecha<\/strong><\/p>\n\n\n\n<ul class=\"wp-block-list\">\n<li>Uruguay vs.&nbsp;<strong>Corea del Sur<\/strong>&nbsp;| Jueves 24 de noviembre, a las 10 | Education City Stadium<\/li>\n<\/ul>\n\n\n\n<p><strong>2da fecha<\/strong><\/p>\n\n\n\n<ul class=\"wp-block-list\">\n<li><strong>Corea del Sur&nbsp;<\/strong>vs. Ghana | Lunes 28 de noviembre, a las 10 | Education City Stadium<\/li>\n<\/ul>\n\n\n\n<p><strong>3ra fecha<\/strong><\/p>\n\n\n\n<ul class=\"wp-block-list\">\n<li><strong>Corea del Sur&nbsp;<\/strong>vs. Portugal | Viernes 2 de diciembre, a las 12 | Education City Stadium<\/li>\n<\/ul>\n\n\n\n<p><em>*Los horarios corresponden a Argentina.<\/em><\/p>\n\n\n<div class=\"wp-block-image\">\n<figure class=\"aligncenter\"><img decoding=\"async\" src=\"https:\/\/media.tycsports.com\/files\/2022\/09\/05\/474609\/grupo-h-mundial-qatar-2022_w416.webp\" alt=\"Grupo H Mundial Qatar 2022\" title=\"Grupo H Mundial Qatar 2022\"\/><figcaption class=\"wp-element-caption\"><strong>El Grupo H de la Copa del Mundo 2022<\/strong><\/figcaption><\/figure>\n<\/div>\n\n\n<h2 class=\"wp-block-heading\">Historial de Corea del Sur en la Copa del Mundo<\/h2>\n\n\n\n<p><strong>La Selecci\u00f3n de Corea del Sur particip\u00f3 en 10 Mundiales y este ser\u00e1 el onceavo consecutivo.&nbsp;<\/strong>Por otro lado, logr\u00f3 ser cuarto en 2002, cuando fue sede en cojunto con Jap\u00f3n. En total jug\u00f3 34 partidos, gan\u00f3 6, empat\u00f3 9 y perdi\u00f3 19.<\/p>\n\n\n\n<ul class=\"wp-block-list\">\n<li><strong>M\u00e1ximos goleador:<\/strong>&nbsp;Ahn Jung-hwan (3)<\/li>\n\n\n\n<li><strong>Mejor actuaci\u00f3n:&nbsp;<\/strong>cuarto en Corea\/Jap\u00f3n 2002.<\/li>\n\n\n\n<li><strong>Peor actuaci\u00f3n:&nbsp;<\/strong>ocho veces cay\u00f3 en primera ronda<\/li>\n<\/ul>\n\n\n<div class=\"wp-block-image\">\n<figure class=\"aligncenter\"><img decoding=\"async\" src=\"https:\/\/media.tycsports.com\/files\/2022\/07\/29\/458603\/corea-del-sur_w416.webp\" alt=\"Corea del Sur\" title=\"Corea del Sur\"\/><\/figure>\n<\/div>\n\n\n<p><\/p>\n","protected":false},"excerpt":{"rendered":"<p>C\u00f3mo llega Corea del Sur al Mundial Qatar 2022 Corea del Sur&nbsp;viene de clasificarse al&#8230;<\/p>\n","protected":false},"author":4,"featured_media":615,"comment_status":"open","ping_status":"open","sticky":false,"template":"","format":"standard","meta":{"footnotes":""},"categories":[62,30,17],"tags":[],"class_list":["post-614","post","type-post","status-publish","format-standard","has-post-thumbnail","hentry","category-corea-del-sur","category-grupo-h","category-qatar-2022"],"yoast_head":"<!-- This site is optimized with the Yoast SEO plugin v19.5.1 - https:\/\/yoast.com\/wordpress\/plugins\/seo\/ -->\n<title>Tradici\u00f3n asi\u00e1tica en mundiales - LA PATRIA FUTBOLERA<\/title>\n<meta name=\"robots\" content=\"index, follow, max-snippet:-1, max-image-preview:large, max-video-preview:-1\" \/>\n<link rel=\"canonical\" href=\"https:\/\/lapatriafutbolera.com.ar\/index.php\/2022\/11\/04\/tradicion-asiatica-en-mundiales\/\" \/>\n<meta property=\"og:locale\" content=\"es_ES\" \/>\n<meta property=\"og:type\" content=\"article\" \/>\n<meta property=\"og:title\" content=\"Tradici\u00f3n asi\u00e1tica en mundiales - LA PATRIA FUTBOLERA\" \/>\n<meta property=\"og:description\" content=\"C\u00f3mo llega Corea del Sur al Mundial Qatar 2022 Corea del Sur&nbsp;viene de clasificarse al...\" \/>\n<meta property=\"og:url\" content=\"https:\/\/lapatriafutbolera.com.ar\/index.php\/2022\/11\/04\/tradicion-asiatica-en-mundiales\/\" \/>\n<meta property=\"og:site_name\" content=\"LA PATRIA FUTBOLERA\" \/>\n<meta property=\"article:published_time\" content=\"2022-11-04T11:00:00+00:00\" \/>\n<meta property=\"article:modified_time\" content=\"2022-11-04T14:34:14+00:00\" \/>\n<meta property=\"og:image\" content=\"https:\/\/lapatriafutbolera.com.ar\/wp-content\/uploads\/2022\/11\/r1032822_1296x729_16-9.jpg\" \/>\n\t<meta property=\"og:image:width\" content=\"1296\" \/>\n\t<meta property=\"og:image:height\" content=\"729\" \/>\n\t<meta property=\"og:image:type\" content=\"image\/jpeg\" \/>\n<meta name=\"author\" content=\"Redacci\u00f3n LPF\" \/>\n<meta name=\"twitter:card\" content=\"summary_large_image\" \/>\n<meta name=\"twitter:label1\" content=\"Escrito por\" \/>\n\t<meta name=\"twitter:data1\" content=\"Redacci\u00f3n LPF\" \/>\n\t<meta name=\"twitter:label2\" content=\"Tiempo de lectura\" \/>\n\t<meta name=\"twitter:data2\" content=\"3 minutos\" \/>\n<script type=\"application\/ld+json\" class=\"yoast-schema-graph\">{\"@context\":\"https:\/\/schema.org\",\"@graph\":[{\"@type\":\"Article\",\"@id\":\"https:\/\/lapatriafutbolera.com.ar\/index.php\/2022\/11\/04\/tradicion-asiatica-en-mundiales\/#article\",\"isPartOf\":{\"@id\":\"https:\/\/lapatriafutbolera.com.ar\/index.php\/2022\/11\/04\/tradicion-asiatica-en-mundiales\/\"},\"author\":{\"name\":\"Redacci\u00f3n LPF\",\"@id\":\"https:\/\/lapatriafutbolera.com.ar\/#\/schema\/person\/eb56fb3a7e76133611d5b2d9f706bd97\"},\"headline\":\"Tradici\u00f3n asi\u00e1tica en mundiales\",\"datePublished\":\"2022-11-04T11:00:00+00:00\",\"dateModified\":\"2022-11-04T14:34:14+00:00\",\"mainEntityOfPage\":{\"@id\":\"https:\/\/lapatriafutbolera.com.ar\/index.php\/2022\/11\/04\/tradicion-asiatica-en-mundiales\/\"},\"wordCount\":328,\"commentCount\":0,\"publisher\":{\"@id\":\"https:\/\/lapatriafutbolera.com.ar\/#organization\"},\"articleSection\":[\"Corea del Sur\",\"Grupo H\",\"Qatar 2022\"],\"inLanguage\":\"es-AR\",\"potentialAction\":[{\"@type\":\"CommentAction\",\"name\":\"Comment\",\"target\":[\"https:\/\/lapatriafutbolera.com.ar\/index.php\/2022\/11\/04\/tradicion-asiatica-en-mundiales\/#respond\"]}]},{\"@type\":\"WebPage\",\"@id\":\"https:\/\/lapatriafutbolera.com.ar\/index.php\/2022\/11\/04\/tradicion-asiatica-en-mundiales\/\",\"url\":\"https:\/\/lapatriafutbolera.com.ar\/index.php\/2022\/11\/04\/tradicion-asiatica-en-mundiales\/\",\"name\":\"Tradici\u00f3n asi\u00e1tica en mundiales - LA PATRIA FUTBOLERA\",\"isPartOf\":{\"@id\":\"https:\/\/lapatriafutbolera.com.ar\/#website\"},\"datePublished\":\"2022-11-04T11:00:00+00:00\",\"dateModified\":\"2022-11-04T14:34:14+00:00\",\"breadcrumb\":{\"@id\":\"https:\/\/lapatriafutbolera.com.ar\/index.php\/2022\/11\/04\/tradicion-asiatica-en-mundiales\/#breadcrumb\"},\"inLanguage\":\"es-AR\",\"potentialAction\":[{\"@type\":\"ReadAction\",\"target\":[\"https:\/\/lapatriafutbolera.com.ar\/index.php\/2022\/11\/04\/tradicion-asiatica-en-mundiales\/\"]}]},{\"@type\":\"BreadcrumbList\",\"@id\":\"https:\/\/lapatriafutbolera.com.ar\/index.php\/2022\/11\/04\/tradicion-asiatica-en-mundiales\/#breadcrumb\",\"itemListElement\":[{\"@type\":\"ListItem\",\"position\":1,\"name\":\"Inicio\",\"item\":\"https:\/\/lapatriafutbolera.com.ar\/\"},{\"@type\":\"ListItem\",\"position\":2,\"name\":\"Tradici\u00f3n asi\u00e1tica en mundiales\"}]},{\"@type\":\"WebSite\",\"@id\":\"https:\/\/lapatriafutbolera.com.ar\/#website\",\"url\":\"https:\/\/lapatriafutbolera.com.ar\/\",\"name\":\"LA PATRIA FUTBOLERA\",\"description\":\"\",\"publisher\":{\"@id\":\"https:\/\/lapatriafutbolera.com.ar\/#organization\"},\"potentialAction\":[{\"@type\":\"SearchAction\",\"target\":{\"@type\":\"EntryPoint\",\"urlTemplate\":\"https:\/\/lapatriafutbolera.com.ar\/?s={search_term_string}\"},\"query-input\":\"required name=search_term_string\"}],\"inLanguage\":\"es-AR\"},{\"@type\":\"Organization\",\"@id\":\"https:\/\/lapatriafutbolera.com.ar\/#organization\",\"name\":\"LA PATRIA FUTBOLERA\",\"url\":\"https:\/\/lapatriafutbolera.com.ar\/\",\"sameAs\":[],\"logo\":{\"@type\":\"ImageObject\",\"inLanguage\":\"es-AR\",\"@id\":\"https:\/\/lapatriafutbolera.com.ar\/#\/schema\/logo\/image\/\",\"url\":\"https:\/\/lapatriafutbolera.com.ar\/wp-content\/uploads\/2025\/03\/cropped-LA-PATRIA-14.jpg\",\"contentUrl\":\"https:\/\/lapatriafutbolera.com.ar\/wp-content\/uploads\/2025\/03\/cropped-LA-PATRIA-14.jpg\",\"width\":1308,\"height\":221,\"caption\":\"LA PATRIA FUTBOLERA\"},\"image\":{\"@id\":\"https:\/\/lapatriafutbolera.com.ar\/#\/schema\/logo\/image\/\"}},{\"@type\":\"Person\",\"@id\":\"https:\/\/lapatriafutbolera.com.ar\/#\/schema\/person\/eb56fb3a7e76133611d5b2d9f706bd97\",\"name\":\"Redacci\u00f3n LPF\",\"image\":{\"@type\":\"ImageObject\",\"inLanguage\":\"es-AR\",\"@id\":\"https:\/\/lapatriafutbolera.com.ar\/#\/schema\/person\/image\/\",\"url\":\"https:\/\/secure.gravatar.com\/avatar\/57dc12e3750972170624cd118ca21d4157841e9e7b211e6dfe7a00b61088d285?s=96&d=mm&r=g\",\"contentUrl\":\"https:\/\/secure.gravatar.com\/avatar\/57dc12e3750972170624cd118ca21d4157841e9e7b211e6dfe7a00b61088d285?s=96&d=mm&r=g\",\"caption\":\"Redacci\u00f3n LPF\"},\"sameAs\":[\"http:\/\/lapatriafutbolera.com.ar\"],\"url\":\"https:\/\/lapatriafutbolera.com.ar\/index.php\/author\/redaccion-lpf\/\"}]}<\/script>\n<!-- \/ Yoast SEO plugin. -->","yoast_head_json":{"title":"Tradici\u00f3n asi\u00e1tica en mundiales - LA PATRIA FUTBOLERA","robots":{"index":"index","follow":"follow","max-snippet":"max-snippet:-1","max-image-preview":"max-image-preview:large","max-video-preview":"max-video-preview:-1"},"canonical":"https:\/\/lapatriafutbolera.com.ar\/index.php\/2022\/11\/04\/tradicion-asiatica-en-mundiales\/","og_locale":"es_ES","og_type":"article","og_title":"Tradici\u00f3n asi\u00e1tica en mundiales - LA PATRIA FUTBOLERA","og_description":"C\u00f3mo llega Corea del Sur al Mundial Qatar 2022 Corea del Sur&nbsp;viene de clasificarse al...","og_url":"https:\/\/lapatriafutbolera.com.ar\/index.php\/2022\/11\/04\/tradicion-asiatica-en-mundiales\/","og_site_name":"LA PATRIA FUTBOLERA","article_published_time":"2022-11-04T11:00:00+00:00","article_modified_time":"2022-11-04T14:34:14+00:00","og_image":[{"width":1296,"height":729,"url":"https:\/\/lapatriafutbolera.com.ar\/wp-content\/uploads\/2022\/11\/r1032822_1296x729_16-9.jpg","type":"image\/jpeg"}],"author":"Redacci\u00f3n LPF","twitter_card":"summary_large_image","twitter_misc":{"Escrito por":"Redacci\u00f3n LPF","Tiempo de lectura":"3 minutos"},"schema":{"@context":"https:\/\/schema.org","@graph":[{"@type":"Article","@id":"https:\/\/lapatriafutbolera.com.ar\/index.php\/2022\/11\/04\/tradicion-asiatica-en-mundiales\/#article","isPartOf":{"@id":"https:\/\/lapatriafutbolera.com.ar\/index.php\/2022\/11\/04\/tradicion-asiatica-en-mundiales\/"},"author":{"name":"Redacci\u00f3n LPF","@id":"https:\/\/lapatriafutbolera.com.ar\/#\/schema\/person\/eb56fb3a7e76133611d5b2d9f706bd97"},"headline":"Tradici\u00f3n asi\u00e1tica en mundiales","datePublished":"2022-11-04T11:00:00+00:00","dateModified":"2022-11-04T14:34:14+00:00","mainEntityOfPage":{"@id":"https:\/\/lapatriafutbolera.com.ar\/index.php\/2022\/11\/04\/tradicion-asiatica-en-mundiales\/"},"wordCount":328,"commentCount":0,"publisher":{"@id":"https:\/\/lapatriafutbolera.com.ar\/#organization"},"articleSection":["Corea del Sur","Grupo H","Qatar 2022"],"inLanguage":"es-AR","potentialAction":[{"@type":"CommentAction","name":"Comment","target":["https:\/\/lapatriafutbolera.com.ar\/index.php\/2022\/11\/04\/tradicion-asiatica-en-mundiales\/#respond"]}]},{"@type":"WebPage","@id":"https:\/\/lapatriafutbolera.com.ar\/index.php\/2022\/11\/04\/tradicion-asiatica-en-mundiales\/","url":"https:\/\/lapatriafutbolera.com.ar\/index.php\/2022\/11\/04\/tradicion-asiatica-en-mundiales\/","name":"Tradici\u00f3n asi\u00e1tica en mundiales - LA PATRIA FUTBOLERA","isPartOf":{"@id":"https:\/\/lapatriafutbolera.com.ar\/#website"},"datePublished":"2022-11-04T11:00:00+00:00","dateModified":"2022-11-04T14:34:14+00:00","breadcrumb":{"@id":"https:\/\/lapatriafutbolera.com.ar\/index.php\/2022\/11\/04\/tradicion-asiatica-en-mundiales\/#breadcrumb"},"inLanguage":"es-AR","potentialAction":[{"@type":"ReadAction","target":["https:\/\/lapatriafutbolera.com.ar\/index.php\/2022\/11\/04\/tradicion-asiatica-en-mundiales\/"]}]},{"@type":"BreadcrumbList","@id":"https:\/\/lapatriafutbolera.com.ar\/index.php\/2022\/11\/04\/tradicion-asiatica-en-mundiales\/#breadcrumb","itemListElement":[{"@type":"ListItem","position":1,"name":"Inicio","item":"https:\/\/lapatriafutbolera.com.ar\/"},{"@type":"ListItem","position":2,"name":"Tradici\u00f3n asi\u00e1tica en mundiales"}]},{"@type":"WebSite","@id":"https:\/\/lapatriafutbolera.com.ar\/#website","url":"https:\/\/lapatriafutbolera.com.ar\/","name":"LA PATRIA FUTBOLERA","description":"","publisher":{"@id":"https:\/\/lapatriafutbolera.com.ar\/#organization"},"potentialAction":[{"@type":"SearchAction","target":{"@type":"EntryPoint","urlTemplate":"https:\/\/lapatriafutbolera.com.ar\/?s={search_term_string}"},"query-input":"required name=search_term_string"}],"inLanguage":"es-AR"},{"@type":"Organization","@id":"https:\/\/lapatriafutbolera.com.ar\/#organization","name":"LA PATRIA FUTBOLERA","url":"https:\/\/lapatriafutbolera.com.ar\/","sameAs":[],"logo":{"@type":"ImageObject","inLanguage":"es-AR","@id":"https:\/\/lapatriafutbolera.com.ar\/#\/schema\/logo\/image\/","url":"https:\/\/lapatriafutbolera.com.ar\/wp-content\/uploads\/2025\/03\/cropped-LA-PATRIA-14.jpg","contentUrl":"https:\/\/lapatriafutbolera.com.ar\/wp-content\/uploads\/2025\/03\/cropped-LA-PATRIA-14.jpg","width":1308,"height":221,"caption":"LA PATRIA FUTBOLERA"},"image":{"@id":"https:\/\/lapatriafutbolera.com.ar\/#\/schema\/logo\/image\/"}},{"@type":"Person","@id":"https:\/\/lapatriafutbolera.com.ar\/#\/schema\/person\/eb56fb3a7e76133611d5b2d9f706bd97","name":"Redacci\u00f3n LPF","image":{"@type":"ImageObject","inLanguage":"es-AR","@id":"https:\/\/lapatriafutbolera.com.ar\/#\/schema\/person\/image\/","url":"https:\/\/secure.gravatar.com\/avatar\/57dc12e3750972170624cd118ca21d4157841e9e7b211e6dfe7a00b61088d285?s=96&d=mm&r=g","contentUrl":"https:\/\/secure.gravatar.com\/avatar\/57dc12e3750972170624cd118ca21d4157841e9e7b211e6dfe7a00b61088d285?s=96&d=mm&r=g","caption":"Redacci\u00f3n LPF"},"sameAs":["http:\/\/lapatriafutbolera.com.ar"],"url":"https:\/\/lapatriafutbolera.com.ar\/index.php\/author\/redaccion-lpf\/"}]}},"_links":{"self":[{"href":"https:\/\/lapatriafutbolera.com.ar\/index.php\/wp-json\/wp\/v2\/posts\/614","targetHints":{"allow":["GET"]}}],"collection":[{"href":"https:\/\/lapatriafutbolera.com.ar\/index.php\/wp-json\/wp\/v2\/posts"}],"about":[{"href":"https:\/\/lapatriafutbolera.com.ar\/index.php\/wp-json\/wp\/v2\/types\/post"}],"author":[{"embeddable":true,"href":"https:\/\/lapatriafutbolera.com.ar\/index.php\/wp-json\/wp\/v2\/users\/4"}],"replies":[{"embeddable":true,"href":"https:\/\/lapatriafutbolera.com.ar\/index.php\/wp-json\/wp\/v2\/comments?post=614"}],"version-history":[{"count":1,"href":"https:\/\/lapatriafutbolera.com.ar\/index.php\/wp-json\/wp\/v2\/posts\/614\/revisions"}],"predecessor-version":[{"id":616,"href":"https:\/\/lapatriafutbolera.com.ar\/index.php\/wp-json\/wp\/v2\/posts\/614\/revisions\/616"}],"wp:featuredmedia":[{"embeddable":true,"href":"https:\/\/lapatriafutbolera.com.ar\/index.php\/wp-json\/wp\/v2\/media\/615"}],"wp:attachment":[{"href":"https:\/\/lapatriafutbolera.com.ar\/index.php\/wp-json\/wp\/v2\/media?parent=614"}],"wp:term":[{"taxonomy":"category","embeddable":true,"href":"https:\/\/lapatriafutbolera.com.ar\/index.php\/wp-json\/wp\/v2\/categories?post=614"},{"taxonomy":"post_tag","embeddable":true,"href":"https:\/\/lapatriafutbolera.com.ar\/index.php\/wp-json\/wp\/v2\/tags?post=614"}],"curies":[{"name":"wp","href":"https:\/\/api.w.org\/{rel}","templated":true}]}}