{"id":676,"date":"2022-11-11T09:39:27","date_gmt":"2022-11-11T12:39:27","guid":{"rendered":"https:\/\/lapatriafutbolera.com.ar\/?p=676"},"modified":"2022-11-11T09:39:29","modified_gmt":"2022-11-11T12:39:29","slug":"a-qatar-que-no-ni-no","status":"publish","type":"post","link":"https:\/\/lapatriafutbolera.com.ar\/index.php\/2022\/11\/11\/a-qatar-que-no-ni-no\/","title":{"rendered":"A Qatar, que no ni no!!!"},"content":{"rendered":"\n<p>La celeste ya tiene su lista de convocados para el Mundial: en Qatar compartir\u00e1n cancha estrellas con una vasta experiencia mundialista como Luis Su\u00e1rez, Edinson Cavani y Fernando Muslera e integrantes de las generaciones m\u00e1s j\u00f3venes como Darwin N\u00fa\u00f1ez, Federico Valverde y Mat\u00edas Vecino, que est\u00e1n brillando en el f\u00fatbol europeo.<\/p>\n\n\n\n<p>La Asociaci\u00f3n Uruguaya de F\u00fatbol public\u00f3 este jueves el listado completo de los convocados por Diego Alonso, el director t\u00e9cnico que tom\u00f3 el relevo tras la salida del &#8216;maestro&#8217; Tab\u00e1rez en octubre de 2021, cuando los charr\u00faas luchaban por hacerse un cupo en Qatar.<\/p>\n\n\n\n<p>Hizo el anuncio con un video en sus redes sociales que muestra pinceladas de los distintos departamentos del pa\u00eds de los que provienen los jugadores.<\/p>\n\n\n\n<p>Uruguay, que forma parte del Grupo H, se enfrentar\u00e1 en la fase de grupos contra Corea del Sur, Portugal y Ghana.\u00a0Si clasifica a octavos, su suerte depender\u00e1, en parte, de si logra ganar el primer puesto en la fase de grupos o no. Si no lo hace, eso lo llevar\u00eda probablemente a un enfrentamiento temprano con Brasil, lo que puede hacer m\u00e1s dif\u00edciles sus posibilidades de seguir avanzando.<\/p>\n\n\n\n<p>Este es el listado completo de convocados de Uruguay para el Mundial de Qatar:<\/p>\n\n\n\n<p><\/p>\n\n\n<div class=\"wp-block-image\">\n<figure class=\"aligncenter size-full\"><img loading=\"lazy\" decoding=\"async\" width=\"720\" height=\"900\" src=\"https:\/\/lapatriafutbolera.com.ar\/wp-content\/uploads\/2022\/11\/LISTA-URUGUAY.jpg\" alt=\"\" class=\"wp-image-678\" srcset=\"https:\/\/lapatriafutbolera.com.ar\/wp-content\/uploads\/2022\/11\/LISTA-URUGUAY.jpg 720w, https:\/\/lapatriafutbolera.com.ar\/wp-content\/uploads\/2022\/11\/LISTA-URUGUAY-240x300.jpg 240w\" sizes=\"auto, (max-width: 720px) 100vw, 720px\" \/><figcaption class=\"wp-element-caption\">Los Celestes de Qatar<\/figcaption><\/figure>\n<\/div>\n\n\n<p class=\"has-medium-font-size\"><strong>Entrenador<\/strong><\/p>\n\n\n\n<ul class=\"wp-block-list\">\n<li><a href=\"https:\/\/www.transfermarkt.com.ar\/diego-alonso\/profil\/trainer\/20973\">Diego Alonso<\/a><\/li>\n<\/ul>\n\n\n\n<h3 class=\"wp-block-heading\">Arqueros<\/h3>\n\n\n\n<ul class=\"wp-block-list\">\n<li><a href=\"https:\/\/www.transfermarkt.com.ar\/fernando-muslera\/profil\/spieler\/58088\">Fernando Muslera<\/a><\/li>\n\n\n\n<li><a href=\"https:\/\/www.transfermarkt.com.ar\/sergio-rochet\/profil\/spieler\/264014\">Sergio Rochet<\/a><\/li>\n\n\n\n<li><a href=\"https:\/\/www.transfermarkt.com.ar\/sebastian-sosa\/profil\/spieler\/76592\">Sebasti\u00e1n Sosa<\/a><\/li>\n<\/ul>\n\n\n\n<h3 class=\"wp-block-heading\">Defensores<\/h3>\n\n\n\n<ul class=\"wp-block-list\">\n<li><a href=\"https:\/\/www.transfermarkt.com.ar\/jose-maria-gimenez\/profil\/spieler\/250845\">Jos\u00e9 Mar\u00eda Gim\u00e9nez<\/a><\/li>\n\n\n\n<li><a href=\"https:\/\/www.transfermarkt.com.ar\/sebastian-coates\/profil\/spieler\/102427\">Sebasti\u00e1n Coates<\/a><\/li>\n\n\n\n<li><a href=\"https:\/\/www.transfermarkt.com.ar\/diego-godin\/profil\/spieler\/54928\">Diego God\u00edn<\/a><\/li>\n\n\n\n<li><a href=\"https:\/\/www.transfermarkt.com.ar\/martin-caceres\/profil\/spieler\/54935\">Mart\u00edn C\u00e1ceres<\/a><\/li>\n\n\n\n<li><a href=\"https:\/\/www.transfermarkt.com.ar\/ronald-araujo\/profil\/spieler\/480267\">Ronald Ara\u00fajo<\/a><\/li>\n\n\n\n<li><a href=\"https:\/\/www.transfermarkt.com.ar\/guillermo-varela\/profil\/spieler\/188862\">Guillermo Varela<\/a><\/li>\n\n\n\n<li><a href=\"https:\/\/www.transfermarkt.com.ar\/mathias-olivera\/profil\/spieler\/376514\">Math\u00edas Olivera<\/a><\/li>\n\n\n\n<li><a href=\"https:\/\/www.transfermarkt.com.ar\/matias-vina\/profil\/spieler\/439072\">Mat\u00edas Vi\u00f1a<\/a><\/li>\n<\/ul>\n\n\n\n<h3 class=\"wp-block-heading\">Volantes<\/h3>\n\n\n\n<ul class=\"wp-block-list\">\n<li><a href=\"https:\/\/www.transfermarkt.com.ar\/lucas-torreira\/profil\/spieler\/318077\">Lucas Torreira<\/a><\/li>\n\n\n\n<li><a href=\"https:\/\/www.transfermarkt.com.ar\/manuel-ugarte\/profil\/spieler\/476701\">Manuel Ugarte<\/a><\/li>\n\n\n\n<li><a href=\"https:\/\/www.transfermarkt.com.ar\/matias-vecino\/profil\/spieler\/143812\">Mat\u00edas Vecino<\/a><\/li>\n\n\n\n<li><a href=\"https:\/\/www.transfermarkt.com.ar\/rodrigo-bentancur\/profil\/spieler\/354362\">Rodrigo Bentancur<\/a><\/li>\n\n\n\n<li><a href=\"https:\/\/www.transfermarkt.com.ar\/federico-valverde\/profil\/spieler\/369081\">Federico Valverde<\/a><\/li>\n\n\n\n<li><a href=\"https:\/\/www.transfermarkt.com.ar\/jose-luis-rodriguez\/profil\/spieler\/430339\">Jos\u00e9 Luis Rodr\u00edguez<\/a><\/li>\n\n\n\n<li><a href=\"https:\/\/www.transfermarkt.com.ar\/facundo-pellistri\/profil\/spieler\/676318\">Facundo Pellistri<\/a><\/li>\n\n\n\n<li><a href=\"https:\/\/www.transfermarkt.com.ar\/agustin-canobbio\/profil\/spieler\/457533\">Agust\u00edn Canobbio<\/a><\/li>\n\n\n\n<li><a href=\"https:\/\/www.transfermarkt.com.ar\/facundo-torres\/profil\/spieler\/465822\">Facundo Torres<\/a><\/li>\n\n\n\n<li><a href=\"https:\/\/www.transfermarkt.com.ar\/nicolas-de-la-cruz\/profil\/spieler\/397458\">Nicol\u00e1s De La Cruz<\/a><\/li>\n<\/ul>\n\n\n\n<h3 class=\"wp-block-heading\">Delanteros<\/h3>\n\n\n\n<ul class=\"wp-block-list\">\n<li><a href=\"https:\/\/www.transfermarkt.com.ar\/giorgian-de-arrascaeta\/profil\/spieler\/248410\">Giorgian de Arrascaeta<\/a><\/li>\n\n\n\n<li><a href=\"https:\/\/www.transfermarkt.com.ar\/maxi-gomez\/profil\/spieler\/396894\">Maximiliano G\u00f3mez<\/a><\/li>\n\n\n\n<li><a href=\"https:\/\/www.transfermarkt.com.ar\/luis-suarez\/profil\/spieler\/44352\">Luis Su\u00e1rez<\/a><\/li>\n\n\n\n<li><a href=\"https:\/\/www.transfermarkt.com.ar\/edinson-cavani\/profil\/spieler\/48280\">Edinson Cavani<\/a><\/li>\n\n\n\n<li><a href=\"https:\/\/www.transfermarkt.com.ar\/darwin-nunez\/profil\/spieler\/546543\">Darwin N\u00fa\u00f1ez<\/a><\/li>\n<\/ul>\n","protected":false},"excerpt":{"rendered":"<p>La celeste ya tiene su lista de convocados para el Mundial: en Qatar compartir\u00e1n cancha&#8230;<\/p>\n","protected":false},"author":4,"featured_media":677,"comment_status":"open","ping_status":"open","sticky":false,"template":"","format":"standard","meta":{"footnotes":""},"categories":[30,17,61],"tags":[],"class_list":["post-676","post","type-post","status-publish","format-standard","has-post-thumbnail","hentry","category-grupo-h","category-qatar-2022","category-uruguay"],"yoast_head":"<!-- This site is optimized with the Yoast SEO plugin v19.5.1 - https:\/\/yoast.com\/wordpress\/plugins\/seo\/ -->\n<title>A Qatar, que no ni no!!! - LA PATRIA FUTBOLERA<\/title>\n<meta name=\"robots\" content=\"index, follow, max-snippet:-1, max-image-preview:large, max-video-preview:-1\" \/>\n<link rel=\"canonical\" href=\"https:\/\/lapatriafutbolera.com.ar\/index.php\/2022\/11\/11\/a-qatar-que-no-ni-no\/\" \/>\n<meta property=\"og:locale\" content=\"es_ES\" \/>\n<meta property=\"og:type\" content=\"article\" \/>\n<meta property=\"og:title\" content=\"A Qatar, que no ni no!!! - LA PATRIA FUTBOLERA\" \/>\n<meta property=\"og:description\" content=\"La celeste ya tiene su lista de convocados para el Mundial: en Qatar compartir\u00e1n cancha...\" \/>\n<meta property=\"og:url\" content=\"https:\/\/lapatriafutbolera.com.ar\/index.php\/2022\/11\/11\/a-qatar-que-no-ni-no\/\" \/>\n<meta property=\"og:site_name\" content=\"LA PATRIA FUTBOLERA\" \/>\n<meta property=\"article:published_time\" content=\"2022-11-11T12:39:27+00:00\" \/>\n<meta property=\"article:modified_time\" content=\"2022-11-11T12:39:29+00:00\" \/>\n<meta property=\"og:image\" content=\"https:\/\/lapatriafutbolera.com.ar\/wp-content\/uploads\/2022\/11\/UC6QAHOV5JG5FIFUFFNGFNTI4M.webp\" \/>\n\t<meta property=\"og:image:width\" content=\"309\" \/>\n\t<meta property=\"og:image:height\" content=\"206\" \/>\n\t<meta property=\"og:image:type\" content=\"image\/webp\" \/>\n<meta name=\"author\" content=\"Redacci\u00f3n LPF\" \/>\n<meta name=\"twitter:card\" content=\"summary_large_image\" \/>\n<meta name=\"twitter:label1\" content=\"Escrito por\" \/>\n\t<meta name=\"twitter:data1\" content=\"Redacci\u00f3n LPF\" \/>\n\t<meta name=\"twitter:label2\" content=\"Tiempo de lectura\" \/>\n\t<meta name=\"twitter:data2\" content=\"2 minutos\" \/>\n<script type=\"application\/ld+json\" class=\"yoast-schema-graph\">{\"@context\":\"https:\/\/schema.org\",\"@graph\":[{\"@type\":\"Article\",\"@id\":\"https:\/\/lapatriafutbolera.com.ar\/index.php\/2022\/11\/11\/a-qatar-que-no-ni-no\/#article\",\"isPartOf\":{\"@id\":\"https:\/\/lapatriafutbolera.com.ar\/index.php\/2022\/11\/11\/a-qatar-que-no-ni-no\/\"},\"author\":{\"name\":\"Redacci\u00f3n LPF\",\"@id\":\"https:\/\/lapatriafutbolera.com.ar\/#\/schema\/person\/eb56fb3a7e76133611d5b2d9f706bd97\"},\"headline\":\"A Qatar, que no ni no!!!\",\"datePublished\":\"2022-11-11T12:39:27+00:00\",\"dateModified\":\"2022-11-11T12:39:29+00:00\",\"mainEntityOfPage\":{\"@id\":\"https:\/\/lapatriafutbolera.com.ar\/index.php\/2022\/11\/11\/a-qatar-que-no-ni-no\/\"},\"wordCount\":311,\"commentCount\":0,\"publisher\":{\"@id\":\"https:\/\/lapatriafutbolera.com.ar\/#organization\"},\"articleSection\":[\"Grupo H\",\"Qatar 2022\",\"Uruguay\"],\"inLanguage\":\"es-AR\",\"potentialAction\":[{\"@type\":\"CommentAction\",\"name\":\"Comment\",\"target\":[\"https:\/\/lapatriafutbolera.com.ar\/index.php\/2022\/11\/11\/a-qatar-que-no-ni-no\/#respond\"]}]},{\"@type\":\"WebPage\",\"@id\":\"https:\/\/lapatriafutbolera.com.ar\/index.php\/2022\/11\/11\/a-qatar-que-no-ni-no\/\",\"url\":\"https:\/\/lapatriafutbolera.com.ar\/index.php\/2022\/11\/11\/a-qatar-que-no-ni-no\/\",\"name\":\"A Qatar, que no ni no!!! - LA PATRIA FUTBOLERA\",\"isPartOf\":{\"@id\":\"https:\/\/lapatriafutbolera.com.ar\/#website\"},\"datePublished\":\"2022-11-11T12:39:27+00:00\",\"dateModified\":\"2022-11-11T12:39:29+00:00\",\"breadcrumb\":{\"@id\":\"https:\/\/lapatriafutbolera.com.ar\/index.php\/2022\/11\/11\/a-qatar-que-no-ni-no\/#breadcrumb\"},\"inLanguage\":\"es-AR\",\"potentialAction\":[{\"@type\":\"ReadAction\",\"target\":[\"https:\/\/lapatriafutbolera.com.ar\/index.php\/2022\/11\/11\/a-qatar-que-no-ni-no\/\"]}]},{\"@type\":\"BreadcrumbList\",\"@id\":\"https:\/\/lapatriafutbolera.com.ar\/index.php\/2022\/11\/11\/a-qatar-que-no-ni-no\/#breadcrumb\",\"itemListElement\":[{\"@type\":\"ListItem\",\"position\":1,\"name\":\"Inicio\",\"item\":\"https:\/\/lapatriafutbolera.com.ar\/\"},{\"@type\":\"ListItem\",\"position\":2,\"name\":\"A Qatar, que no ni no!!!\"}]},{\"@type\":\"WebSite\",\"@id\":\"https:\/\/lapatriafutbolera.com.ar\/#website\",\"url\":\"https:\/\/lapatriafutbolera.com.ar\/\",\"name\":\"LA PATRIA FUTBOLERA\",\"description\":\"\",\"publisher\":{\"@id\":\"https:\/\/lapatriafutbolera.com.ar\/#organization\"},\"potentialAction\":[{\"@type\":\"SearchAction\",\"target\":{\"@type\":\"EntryPoint\",\"urlTemplate\":\"https:\/\/lapatriafutbolera.com.ar\/?s={search_term_string}\"},\"query-input\":\"required name=search_term_string\"}],\"inLanguage\":\"es-AR\"},{\"@type\":\"Organization\",\"@id\":\"https:\/\/lapatriafutbolera.com.ar\/#organization\",\"name\":\"LA PATRIA FUTBOLERA\",\"url\":\"https:\/\/lapatriafutbolera.com.ar\/\",\"sameAs\":[],\"logo\":{\"@type\":\"ImageObject\",\"inLanguage\":\"es-AR\",\"@id\":\"https:\/\/lapatriafutbolera.com.ar\/#\/schema\/logo\/image\/\",\"url\":\"https:\/\/lapatriafutbolera.com.ar\/wp-content\/uploads\/2025\/03\/cropped-LA-PATRIA-14.jpg\",\"contentUrl\":\"https:\/\/lapatriafutbolera.com.ar\/wp-content\/uploads\/2025\/03\/cropped-LA-PATRIA-14.jpg\",\"width\":1308,\"height\":221,\"caption\":\"LA PATRIA FUTBOLERA\"},\"image\":{\"@id\":\"https:\/\/lapatriafutbolera.com.ar\/#\/schema\/logo\/image\/\"}},{\"@type\":\"Person\",\"@id\":\"https:\/\/lapatriafutbolera.com.ar\/#\/schema\/person\/eb56fb3a7e76133611d5b2d9f706bd97\",\"name\":\"Redacci\u00f3n LPF\",\"image\":{\"@type\":\"ImageObject\",\"inLanguage\":\"es-AR\",\"@id\":\"https:\/\/lapatriafutbolera.com.ar\/#\/schema\/person\/image\/\",\"url\":\"https:\/\/secure.gravatar.com\/avatar\/57dc12e3750972170624cd118ca21d4157841e9e7b211e6dfe7a00b61088d285?s=96&d=mm&r=g\",\"contentUrl\":\"https:\/\/secure.gravatar.com\/avatar\/57dc12e3750972170624cd118ca21d4157841e9e7b211e6dfe7a00b61088d285?s=96&d=mm&r=g\",\"caption\":\"Redacci\u00f3n LPF\"},\"sameAs\":[\"http:\/\/lapatriafutbolera.com.ar\"],\"url\":\"https:\/\/lapatriafutbolera.com.ar\/index.php\/author\/redaccion-lpf\/\"}]}<\/script>\n<!-- \/ Yoast SEO plugin. -->","yoast_head_json":{"title":"A Qatar, que no ni no!!! - LA PATRIA FUTBOLERA","robots":{"index":"index","follow":"follow","max-snippet":"max-snippet:-1","max-image-preview":"max-image-preview:large","max-video-preview":"max-video-preview:-1"},"canonical":"https:\/\/lapatriafutbolera.com.ar\/index.php\/2022\/11\/11\/a-qatar-que-no-ni-no\/","og_locale":"es_ES","og_type":"article","og_title":"A Qatar, que no ni no!!! - LA PATRIA FUTBOLERA","og_description":"La celeste ya tiene su lista de convocados para el Mundial: en Qatar compartir\u00e1n cancha...","og_url":"https:\/\/lapatriafutbolera.com.ar\/index.php\/2022\/11\/11\/a-qatar-que-no-ni-no\/","og_site_name":"LA PATRIA FUTBOLERA","article_published_time":"2022-11-11T12:39:27+00:00","article_modified_time":"2022-11-11T12:39:29+00:00","og_image":[{"width":309,"height":206,"url":"https:\/\/lapatriafutbolera.com.ar\/wp-content\/uploads\/2022\/11\/UC6QAHOV5JG5FIFUFFNGFNTI4M.webp","type":"image\/webp"}],"author":"Redacci\u00f3n LPF","twitter_card":"summary_large_image","twitter_misc":{"Escrito por":"Redacci\u00f3n LPF","Tiempo de lectura":"2 minutos"},"schema":{"@context":"https:\/\/schema.org","@graph":[{"@type":"Article","@id":"https:\/\/lapatriafutbolera.com.ar\/index.php\/2022\/11\/11\/a-qatar-que-no-ni-no\/#article","isPartOf":{"@id":"https:\/\/lapatriafutbolera.com.ar\/index.php\/2022\/11\/11\/a-qatar-que-no-ni-no\/"},"author":{"name":"Redacci\u00f3n LPF","@id":"https:\/\/lapatriafutbolera.com.ar\/#\/schema\/person\/eb56fb3a7e76133611d5b2d9f706bd97"},"headline":"A Qatar, que no ni no!!!","datePublished":"2022-11-11T12:39:27+00:00","dateModified":"2022-11-11T12:39:29+00:00","mainEntityOfPage":{"@id":"https:\/\/lapatriafutbolera.com.ar\/index.php\/2022\/11\/11\/a-qatar-que-no-ni-no\/"},"wordCount":311,"commentCount":0,"publisher":{"@id":"https:\/\/lapatriafutbolera.com.ar\/#organization"},"articleSection":["Grupo H","Qatar 2022","Uruguay"],"inLanguage":"es-AR","potentialAction":[{"@type":"CommentAction","name":"Comment","target":["https:\/\/lapatriafutbolera.com.ar\/index.php\/2022\/11\/11\/a-qatar-que-no-ni-no\/#respond"]}]},{"@type":"WebPage","@id":"https:\/\/lapatriafutbolera.com.ar\/index.php\/2022\/11\/11\/a-qatar-que-no-ni-no\/","url":"https:\/\/lapatriafutbolera.com.ar\/index.php\/2022\/11\/11\/a-qatar-que-no-ni-no\/","name":"A Qatar, que no ni no!!! - LA PATRIA FUTBOLERA","isPartOf":{"@id":"https:\/\/lapatriafutbolera.com.ar\/#website"},"datePublished":"2022-11-11T12:39:27+00:00","dateModified":"2022-11-11T12:39:29+00:00","breadcrumb":{"@id":"https:\/\/lapatriafutbolera.com.ar\/index.php\/2022\/11\/11\/a-qatar-que-no-ni-no\/#breadcrumb"},"inLanguage":"es-AR","potentialAction":[{"@type":"ReadAction","target":["https:\/\/lapatriafutbolera.com.ar\/index.php\/2022\/11\/11\/a-qatar-que-no-ni-no\/"]}]},{"@type":"BreadcrumbList","@id":"https:\/\/lapatriafutbolera.com.ar\/index.php\/2022\/11\/11\/a-qatar-que-no-ni-no\/#breadcrumb","itemListElement":[{"@type":"ListItem","position":1,"name":"Inicio","item":"https:\/\/lapatriafutbolera.com.ar\/"},{"@type":"ListItem","position":2,"name":"A Qatar, que no ni no!!!"}]},{"@type":"WebSite","@id":"https:\/\/lapatriafutbolera.com.ar\/#website","url":"https:\/\/lapatriafutbolera.com.ar\/","name":"LA PATRIA FUTBOLERA","description":"","publisher":{"@id":"https:\/\/lapatriafutbolera.com.ar\/#organization"},"potentialAction":[{"@type":"SearchAction","target":{"@type":"EntryPoint","urlTemplate":"https:\/\/lapatriafutbolera.com.ar\/?s={search_term_string}"},"query-input":"required name=search_term_string"}],"inLanguage":"es-AR"},{"@type":"Organization","@id":"https:\/\/lapatriafutbolera.com.ar\/#organization","name":"LA PATRIA FUTBOLERA","url":"https:\/\/lapatriafutbolera.com.ar\/","sameAs":[],"logo":{"@type":"ImageObject","inLanguage":"es-AR","@id":"https:\/\/lapatriafutbolera.com.ar\/#\/schema\/logo\/image\/","url":"https:\/\/lapatriafutbolera.com.ar\/wp-content\/uploads\/2025\/03\/cropped-LA-PATRIA-14.jpg","contentUrl":"https:\/\/lapatriafutbolera.com.ar\/wp-content\/uploads\/2025\/03\/cropped-LA-PATRIA-14.jpg","width":1308,"height":221,"caption":"LA PATRIA FUTBOLERA"},"image":{"@id":"https:\/\/lapatriafutbolera.com.ar\/#\/schema\/logo\/image\/"}},{"@type":"Person","@id":"https:\/\/lapatriafutbolera.com.ar\/#\/schema\/person\/eb56fb3a7e76133611d5b2d9f706bd97","name":"Redacci\u00f3n LPF","image":{"@type":"ImageObject","inLanguage":"es-AR","@id":"https:\/\/lapatriafutbolera.com.ar\/#\/schema\/person\/image\/","url":"https:\/\/secure.gravatar.com\/avatar\/57dc12e3750972170624cd118ca21d4157841e9e7b211e6dfe7a00b61088d285?s=96&d=mm&r=g","contentUrl":"https:\/\/secure.gravatar.com\/avatar\/57dc12e3750972170624cd118ca21d4157841e9e7b211e6dfe7a00b61088d285?s=96&d=mm&r=g","caption":"Redacci\u00f3n LPF"},"sameAs":["http:\/\/lapatriafutbolera.com.ar"],"url":"https:\/\/lapatriafutbolera.com.ar\/index.php\/author\/redaccion-lpf\/"}]}},"_links":{"self":[{"href":"https:\/\/lapatriafutbolera.com.ar\/index.php\/wp-json\/wp\/v2\/posts\/676","targetHints":{"allow":["GET"]}}],"collection":[{"href":"https:\/\/lapatriafutbolera.com.ar\/index.php\/wp-json\/wp\/v2\/posts"}],"about":[{"href":"https:\/\/lapatriafutbolera.com.ar\/index.php\/wp-json\/wp\/v2\/types\/post"}],"author":[{"embeddable":true,"href":"https:\/\/lapatriafutbolera.com.ar\/index.php\/wp-json\/wp\/v2\/users\/4"}],"replies":[{"embeddable":true,"href":"https:\/\/lapatriafutbolera.com.ar\/index.php\/wp-json\/wp\/v2\/comments?post=676"}],"version-history":[{"count":1,"href":"https:\/\/lapatriafutbolera.com.ar\/index.php\/wp-json\/wp\/v2\/posts\/676\/revisions"}],"predecessor-version":[{"id":679,"href":"https:\/\/lapatriafutbolera.com.ar\/index.php\/wp-json\/wp\/v2\/posts\/676\/revisions\/679"}],"wp:featuredmedia":[{"embeddable":true,"href":"https:\/\/lapatriafutbolera.com.ar\/index.php\/wp-json\/wp\/v2\/media\/677"}],"wp:attachment":[{"href":"https:\/\/lapatriafutbolera.com.ar\/index.php\/wp-json\/wp\/v2\/media?parent=676"}],"wp:term":[{"taxonomy":"category","embeddable":true,"href":"https:\/\/lapatriafutbolera.com.ar\/index.php\/wp-json\/wp\/v2\/categories?post=676"},{"taxonomy":"post_tag","embeddable":true,"href":"https:\/\/lapatriafutbolera.com.ar\/index.php\/wp-json\/wp\/v2\/tags?post=676"}],"curies":[{"name":"wp","href":"https:\/\/api.w.org\/{rel}","templated":true}]}}