{"id":726,"date":"2022-11-14T10:14:08","date_gmt":"2022-11-14T13:14:08","guid":{"rendered":"https:\/\/lapatriafutbolera.com.ar\/?p=726"},"modified":"2022-11-14T10:14:51","modified_gmt":"2022-11-14T13:14:51","slug":"paises-bajos-y-ecuador-los-perfilados","status":"publish","type":"post","link":"https:\/\/lapatriafutbolera.com.ar\/index.php\/2022\/11\/14\/paises-bajos-y-ecuador-los-perfilados\/","title":{"rendered":"Pa\u00edses Bajos y Ecuador, los perfilados"},"content":{"rendered":"\n<p>C\u00f3mo en esta pagina nos debemos al p\u00fablico, iniciaremos un breve repaso por cada grupo, cada selecci\u00f3n, cada partido de Qatar 2022.<\/p>\n\n\n\n<p>Una gu\u00eda imprescindible. Bueno, una gu\u00eda. Ok, ni gu\u00eda ni imprescindible.<\/p>\n\n\n\n<h2 class=\"wp-block-heading\">Grupo A<br>Integrantes:<\/h2>\n\n\n\n<ul class=\"wp-block-list\">\n<li>Qatar<\/li>\n\n\n\n<li>Ecuador<\/li>\n\n\n\n<li>Senegal<\/li>\n\n\n\n<li>Pa\u00edses Bajos<\/li>\n<\/ul>\n\n\n\n<p>La perfecta organizaci\u00f3n es lo que verdaderamente le da brillo a un evento de la magnitud de un Mundial. Los qatar\u00edes disponen, como es sabido, de una inagotable provisi\u00f3n de petrod\u00f3lares. Se puede afirmar, entonces, sin temor a equivocarse, que han contratado a los m\u00e1s importantes expertos. Ingenieros en sistemas, estudiosos e investigadores de toda \u00edndole. Semejante esfuerzo se pone en evidencia a poco de mirar el fixture y notar que, como corresponde, el grupo A es el que empieza a disputarse en primer t\u00e9rmino.<\/p>\n\n\n\n<p>Alarde organizativo que permite imaginar un desarrollo impecable del magno suceso. T\u00f3mese en cuenta, adem\u00e1s, que el alfabeto \u00e1rabe nada tiene que ver con el que se maneja en occidente. Nada de eso los amilan\u00f3. Es claro que tambi\u00e9n han contratado avezados traductores.<\/p>\n\n\n\n<p>Hagamos, primero, un veloz paneo por cada una de las selecciones del grupo.<\/p>\n\n\n\n<h2 class=\"wp-block-heading\">QATAR: <\/h2>\n\n\n\n<p>Ya hemos hablado del poder\u00edo econ\u00f3mico del peque\u00f1o estado medio oriental. Es recordada la participaci\u00f3n de la selecci\u00f3n qatar\u00ed de handball en un mundial de la especialidad hace algunos a\u00f1os. All\u00ed aparec\u00edan jugadores nacidos en much\u00edsimos pa\u00edses. Apenas dos hab\u00edan visto la luz en la peque\u00f1a y des\u00e9rtica pen\u00ednsula. Eran profesionales del handball contratados para representar a Qatar. Hay temor de que el pa\u00eds organizador, apoyado en sus millones, contrate jugadores de pa\u00edses que no asistir\u00e1n al Mundial. Se barajan los nombres de Salah (Egipto), Alaba (Austria), Verrati (Italia), James Rodr\u00edguez (Colombia) o Erling Halaand (Noruega). En Chile se supo que Arturo Vidal y Alexis S\u00e1nchez se quejaron porque no los han contactado y ni siquiera as\u00ed viajar\u00e1n al Mundial.<\/p>\n\n\n\n<h2 class=\"wp-block-heading\">ECUADOR: <\/h2>\n\n\n\n<p>Llega con un alt\u00edsimo estado de \u00e1nimo bajo la conducci\u00f3n del argentino Gustavo Alfaro, un entrenador tacticista que intenta garantizar siempre en primer t\u00e9rmino el cero en el arco propio. Curiosamente se puede decir de este equipo que dif\u00edcilmente alcance el ecuador del campo de juego durante los partidos\u2026<\/p>\n\n\n\n<h2 class=\"wp-block-heading\">SENEGAL: <\/h2>\n\n\n\n<p>La siempre colorida selecci\u00f3n africana llega con la ambici\u00f3n de pelear el segundo puesto en el grupo, descontando que ser\u00e1n los europeos quienes se queden con el primero igual que se han quedado con todo desde el siglo XV.<\/p>\n\n\n\n<h2 class=\"wp-block-heading\">PA\u00cdSES BAJOS: <\/h2>\n\n\n\n<p>No estamos seguros de a qu\u00e9 pa\u00eds se refieren con este nombre. Supimos alguna vez de la existencia de Holanda. En cualquier caso, los entrenadores ya saben c\u00f3mo atacar a esta selecci\u00f3n. Es obvio que no tienen posibilidad alguna en la cancha de arriba\u2026<\/p>\n\n\n\n<h2 class=\"wp-block-heading\">Fixture:<\/h2>\n\n\n\n<h2 class=\"wp-block-heading\">Domingo 20\/11\/22, 13 horas: Qatar \u2013 Ecuador<\/h2>\n\n\n\n<p>Partido inaugural. La antigua rivalidad entre el desierto m\u00e1s absoluto y la exuberancia tropical. El local apostar\u00e1 a que el clima, casi sin humedad, reseque la piel de los futbolistas ecuatorianos. Alfaro viajar\u00e1 con un enorme cargamento de crema humectante. Si justo ese d\u00eda hay tormenta de arena podr\u00eda beneficiar a los sudamericanos quienes, r\u00e1pidamente y por indicaci\u00f3n del t\u00e9cnico argentino, elevar\u00edan un m\u00e9dano en su \u00e1rea chica para que no les conviertan. Encuentro de pron\u00f3stico incierto.<\/p>\n\n\n\n<h2 class=\"wp-block-heading\">Lunes 21\/11\/22, 13 horas: Senegal \u2013 Pa\u00edses Bajos<\/h2>\n\n\n\n<p>Todos los chistes que surgen son pol\u00edticamente incorrectos. Incluyen estigmatizaciones varias tanto a africanos como a europeos. Este redactor, considerando que vivimos un tiempo inadecuado para ese humor, prefiere ahorrarlos. La l\u00f3gica indica que Pa\u00edses Bajos se har\u00e1 con los tres puntos.<\/p>\n\n\n\n<h2 class=\"wp-block-heading\">Viernes 25\/11, 10 horas: Qatar \u2013 Senegal<\/h2>\n\n\n\n<p>Compite por ser el partido con menos rating del mundial. Quiz\u00e1s pueda disputar ese \u00faltimo puesto en las preferencias televisivas con Ir\u00e1n \u2013 Gales. Pron\u00f3stico: \u00bfa qui\u00e9n podr\u00eda importarle?<\/p>\n\n\n\n<h2 class=\"wp-block-heading\">Viernes 25\/11, 13 horas: Pa\u00edses Bajos \u2013 Ecuador<\/h2>\n\n\n\n<p>Ecuador intent\u00f3 mudar este encuentro de Qatar a la altura de Quito, argumentando que ambos lugares empiezan con la misma letra. El plan de Alfaro era jugar contra Pa\u00edses Bajos en un lugar alto. Al serle denegado el pedido, el entrenador inici\u00f3 una serie de gestiones para llegar hasta su compatriota M\u00e1xima, la autoridad m\u00e1s alta de Pa\u00edses Bajos y convencerla de repartir unidades. Tiene pinta de empate.<\/p>\n\n\n\n<h2 class=\"wp-block-heading\">Martes 29\/11, 12 horas: Pa\u00edses Bajos \u2013 Qatar<\/h2>\n\n\n\n<p>Las autoridades qatar\u00edes quisieron negociar el resultado de este encuentro a cambio de una fuerte inversi\u00f3n petrolera en la Shell, hist\u00f3rica empresa \u00bfpa\u00edsbajense? (que ganas de joder con el cambio de nombre\u2026). Casi en el momento de hacer la transferencia a la mencionada compa\u00f1\u00eda, los inversores qatar\u00edes se enteraron de que ahora Shell est\u00e1 en manos inglesas. Los brit\u00e1nicos, haciendo gala de su hist\u00f3rica habilidad pirata, qusieron hacerse pasar por \u00bfpa\u00edsbajeros? para quedarse con el bot\u00edn. Descubierta la maniobra el acuerdo qued\u00f3 en la nada. Ganan los \u00bfpaisbaje\u00f1os?<\/p>\n\n\n\n<h2 class=\"wp-block-heading\">Martes 29\/11, 12 horas: Ecuador \u2013 Senegal<\/h2>\n\n\n\n<p>El duelo de naciones en v\u00edas de desarrollo del grupo. El eje sur-sur, la alianza con los BRICS y la coincidencia geopol\u00edtica de intereses entre ambos pa\u00edses permit\u00edan imaginar un encuentro casi amistoso. Sin embargo, los mezquinos intereses individuales se impondr\u00e1n. Senegal atacar\u00e1, Ecuador se defender\u00e1 (basta de bullyng a Alfaro, por favor) y el resultado ser\u00e1 un empate bastante pobre que beneficiar\u00e1 con lo justo a los sudamericanos.<\/p>\n\n\n\n<h2 class=\"wp-block-heading\">Clasificados:<\/h2>\n\n\n\n<h2 class=\"wp-block-heading\">1 \u2013 Pa\u00edses Bajos<br>2 \u2013 Ecuador<\/h2>\n\n\n\n<p class=\"has-text-align-right\">Diego Joy, con humor y buena leche.<\/p>\n","protected":false},"excerpt":{"rendered":"<p>C\u00f3mo en esta pagina nos debemos al p\u00fablico, iniciaremos un breve repaso por cada grupo,&#8230;<\/p>\n","protected":false},"author":7,"featured_media":727,"comment_status":"open","ping_status":"open","sticky":false,"template":"","format":"standard","meta":{"footnotes":""},"categories":[23,10,17],"tags":[],"class_list":["post-726","post","type-post","status-publish","format-standard","has-post-thumbnail","hentry","category-grupo-a","category-hincha-del-juego","category-qatar-2022"],"yoast_head":"<!-- This site is optimized with the Yoast SEO plugin v19.5.1 - https:\/\/yoast.com\/wordpress\/plugins\/seo\/ -->\n<title>Pa\u00edses Bajos y Ecuador, los perfilados - LA PATRIA FUTBOLERA<\/title>\n<meta name=\"robots\" content=\"index, follow, max-snippet:-1, max-image-preview:large, max-video-preview:-1\" \/>\n<link rel=\"canonical\" href=\"https:\/\/lapatriafutbolera.com.ar\/index.php\/2022\/11\/14\/paises-bajos-y-ecuador-los-perfilados\/\" \/>\n<meta property=\"og:locale\" content=\"es_ES\" \/>\n<meta property=\"og:type\" content=\"article\" \/>\n<meta property=\"og:title\" content=\"Pa\u00edses Bajos y Ecuador, los perfilados - LA PATRIA FUTBOLERA\" \/>\n<meta property=\"og:description\" content=\"C\u00f3mo en esta pagina nos debemos al p\u00fablico, iniciaremos un breve repaso por cada grupo,...\" \/>\n<meta property=\"og:url\" content=\"https:\/\/lapatriafutbolera.com.ar\/index.php\/2022\/11\/14\/paises-bajos-y-ecuador-los-perfilados\/\" \/>\n<meta property=\"og:site_name\" content=\"LA PATRIA FUTBOLERA\" \/>\n<meta property=\"article:published_time\" content=\"2022-11-14T13:14:08+00:00\" \/>\n<meta property=\"article:modified_time\" content=\"2022-11-14T13:14:51+00:00\" \/>\n<meta property=\"og:image\" content=\"https:\/\/lapatriafutbolera.com.ar\/wp-content\/uploads\/2022\/11\/GRUPO-A.jpg\" \/>\n\t<meta property=\"og:image:width\" content=\"1706\" \/>\n\t<meta property=\"og:image:height\" content=\"960\" \/>\n\t<meta property=\"og:image:type\" content=\"image\/jpeg\" \/>\n<meta name=\"author\" content=\"Diego Joy\" \/>\n<meta name=\"twitter:card\" content=\"summary_large_image\" \/>\n<meta name=\"twitter:label1\" content=\"Escrito por\" \/>\n\t<meta name=\"twitter:data1\" content=\"Diego Joy\" \/>\n\t<meta name=\"twitter:label2\" content=\"Tiempo de lectura\" \/>\n\t<meta name=\"twitter:data2\" content=\"4 minutos\" \/>\n<script type=\"application\/ld+json\" class=\"yoast-schema-graph\">{\"@context\":\"https:\/\/schema.org\",\"@graph\":[{\"@type\":\"Article\",\"@id\":\"https:\/\/lapatriafutbolera.com.ar\/index.php\/2022\/11\/14\/paises-bajos-y-ecuador-los-perfilados\/#article\",\"isPartOf\":{\"@id\":\"https:\/\/lapatriafutbolera.com.ar\/index.php\/2022\/11\/14\/paises-bajos-y-ecuador-los-perfilados\/\"},\"author\":{\"name\":\"Diego Joy\",\"@id\":\"https:\/\/lapatriafutbolera.com.ar\/#\/schema\/person\/e49f5482d3756b13d01cd253cbc91c9f\"},\"headline\":\"Pa\u00edses Bajos y Ecuador, los perfilados\",\"datePublished\":\"2022-11-14T13:14:08+00:00\",\"dateModified\":\"2022-11-14T13:14:51+00:00\",\"mainEntityOfPage\":{\"@id\":\"https:\/\/lapatriafutbolera.com.ar\/index.php\/2022\/11\/14\/paises-bajos-y-ecuador-los-perfilados\/\"},\"wordCount\":942,\"commentCount\":0,\"publisher\":{\"@id\":\"https:\/\/lapatriafutbolera.com.ar\/#organization\"},\"articleSection\":[\"Grupo A\",\"Hincha del Juego\",\"Qatar 2022\"],\"inLanguage\":\"es-AR\",\"potentialAction\":[{\"@type\":\"CommentAction\",\"name\":\"Comment\",\"target\":[\"https:\/\/lapatriafutbolera.com.ar\/index.php\/2022\/11\/14\/paises-bajos-y-ecuador-los-perfilados\/#respond\"]}]},{\"@type\":\"WebPage\",\"@id\":\"https:\/\/lapatriafutbolera.com.ar\/index.php\/2022\/11\/14\/paises-bajos-y-ecuador-los-perfilados\/\",\"url\":\"https:\/\/lapatriafutbolera.com.ar\/index.php\/2022\/11\/14\/paises-bajos-y-ecuador-los-perfilados\/\",\"name\":\"Pa\u00edses Bajos y Ecuador, los perfilados - LA PATRIA FUTBOLERA\",\"isPartOf\":{\"@id\":\"https:\/\/lapatriafutbolera.com.ar\/#website\"},\"datePublished\":\"2022-11-14T13:14:08+00:00\",\"dateModified\":\"2022-11-14T13:14:51+00:00\",\"breadcrumb\":{\"@id\":\"https:\/\/lapatriafutbolera.com.ar\/index.php\/2022\/11\/14\/paises-bajos-y-ecuador-los-perfilados\/#breadcrumb\"},\"inLanguage\":\"es-AR\",\"potentialAction\":[{\"@type\":\"ReadAction\",\"target\":[\"https:\/\/lapatriafutbolera.com.ar\/index.php\/2022\/11\/14\/paises-bajos-y-ecuador-los-perfilados\/\"]}]},{\"@type\":\"BreadcrumbList\",\"@id\":\"https:\/\/lapatriafutbolera.com.ar\/index.php\/2022\/11\/14\/paises-bajos-y-ecuador-los-perfilados\/#breadcrumb\",\"itemListElement\":[{\"@type\":\"ListItem\",\"position\":1,\"name\":\"Inicio\",\"item\":\"https:\/\/lapatriafutbolera.com.ar\/\"},{\"@type\":\"ListItem\",\"position\":2,\"name\":\"Pa\u00edses Bajos y Ecuador, los perfilados\"}]},{\"@type\":\"WebSite\",\"@id\":\"https:\/\/lapatriafutbolera.com.ar\/#website\",\"url\":\"https:\/\/lapatriafutbolera.com.ar\/\",\"name\":\"LA PATRIA FUTBOLERA\",\"description\":\"\",\"publisher\":{\"@id\":\"https:\/\/lapatriafutbolera.com.ar\/#organization\"},\"potentialAction\":[{\"@type\":\"SearchAction\",\"target\":{\"@type\":\"EntryPoint\",\"urlTemplate\":\"https:\/\/lapatriafutbolera.com.ar\/?s={search_term_string}\"},\"query-input\":\"required name=search_term_string\"}],\"inLanguage\":\"es-AR\"},{\"@type\":\"Organization\",\"@id\":\"https:\/\/lapatriafutbolera.com.ar\/#organization\",\"name\":\"LA PATRIA FUTBOLERA\",\"url\":\"https:\/\/lapatriafutbolera.com.ar\/\",\"sameAs\":[],\"logo\":{\"@type\":\"ImageObject\",\"inLanguage\":\"es-AR\",\"@id\":\"https:\/\/lapatriafutbolera.com.ar\/#\/schema\/logo\/image\/\",\"url\":\"https:\/\/lapatriafutbolera.com.ar\/wp-content\/uploads\/2025\/03\/cropped-LA-PATRIA-14.jpg\",\"contentUrl\":\"https:\/\/lapatriafutbolera.com.ar\/wp-content\/uploads\/2025\/03\/cropped-LA-PATRIA-14.jpg\",\"width\":1308,\"height\":221,\"caption\":\"LA PATRIA FUTBOLERA\"},\"image\":{\"@id\":\"https:\/\/lapatriafutbolera.com.ar\/#\/schema\/logo\/image\/\"}},{\"@type\":\"Person\",\"@id\":\"https:\/\/lapatriafutbolera.com.ar\/#\/schema\/person\/e49f5482d3756b13d01cd253cbc91c9f\",\"name\":\"Diego Joy\",\"image\":{\"@type\":\"ImageObject\",\"inLanguage\":\"es-AR\",\"@id\":\"https:\/\/lapatriafutbolera.com.ar\/#\/schema\/person\/image\/\",\"url\":\"https:\/\/secure.gravatar.com\/avatar\/52a725e9cb5a91747a880972f4bce8fdead4cb339ff6d70a4bf4cccfb55e91fe?s=96&d=mm&r=g\",\"contentUrl\":\"https:\/\/secure.gravatar.com\/avatar\/52a725e9cb5a91747a880972f4bce8fdead4cb339ff6d70a4bf4cccfb55e91fe?s=96&d=mm&r=g\",\"caption\":\"Diego Joy\"},\"url\":\"https:\/\/lapatriafutbolera.com.ar\/index.php\/author\/diego-joy\/\"}]}<\/script>\n<!-- \/ Yoast SEO plugin. -->","yoast_head_json":{"title":"Pa\u00edses Bajos y Ecuador, los perfilados - LA PATRIA FUTBOLERA","robots":{"index":"index","follow":"follow","max-snippet":"max-snippet:-1","max-image-preview":"max-image-preview:large","max-video-preview":"max-video-preview:-1"},"canonical":"https:\/\/lapatriafutbolera.com.ar\/index.php\/2022\/11\/14\/paises-bajos-y-ecuador-los-perfilados\/","og_locale":"es_ES","og_type":"article","og_title":"Pa\u00edses Bajos y Ecuador, los perfilados - LA PATRIA FUTBOLERA","og_description":"C\u00f3mo en esta pagina nos debemos al p\u00fablico, iniciaremos un breve repaso por cada grupo,...","og_url":"https:\/\/lapatriafutbolera.com.ar\/index.php\/2022\/11\/14\/paises-bajos-y-ecuador-los-perfilados\/","og_site_name":"LA PATRIA FUTBOLERA","article_published_time":"2022-11-14T13:14:08+00:00","article_modified_time":"2022-11-14T13:14:51+00:00","og_image":[{"width":1706,"height":960,"url":"https:\/\/lapatriafutbolera.com.ar\/wp-content\/uploads\/2022\/11\/GRUPO-A.jpg","type":"image\/jpeg"}],"author":"Diego Joy","twitter_card":"summary_large_image","twitter_misc":{"Escrito por":"Diego Joy","Tiempo de lectura":"4 minutos"},"schema":{"@context":"https:\/\/schema.org","@graph":[{"@type":"Article","@id":"https:\/\/lapatriafutbolera.com.ar\/index.php\/2022\/11\/14\/paises-bajos-y-ecuador-los-perfilados\/#article","isPartOf":{"@id":"https:\/\/lapatriafutbolera.com.ar\/index.php\/2022\/11\/14\/paises-bajos-y-ecuador-los-perfilados\/"},"author":{"name":"Diego Joy","@id":"https:\/\/lapatriafutbolera.com.ar\/#\/schema\/person\/e49f5482d3756b13d01cd253cbc91c9f"},"headline":"Pa\u00edses Bajos y Ecuador, los perfilados","datePublished":"2022-11-14T13:14:08+00:00","dateModified":"2022-11-14T13:14:51+00:00","mainEntityOfPage":{"@id":"https:\/\/lapatriafutbolera.com.ar\/index.php\/2022\/11\/14\/paises-bajos-y-ecuador-los-perfilados\/"},"wordCount":942,"commentCount":0,"publisher":{"@id":"https:\/\/lapatriafutbolera.com.ar\/#organization"},"articleSection":["Grupo A","Hincha del Juego","Qatar 2022"],"inLanguage":"es-AR","potentialAction":[{"@type":"CommentAction","name":"Comment","target":["https:\/\/lapatriafutbolera.com.ar\/index.php\/2022\/11\/14\/paises-bajos-y-ecuador-los-perfilados\/#respond"]}]},{"@type":"WebPage","@id":"https:\/\/lapatriafutbolera.com.ar\/index.php\/2022\/11\/14\/paises-bajos-y-ecuador-los-perfilados\/","url":"https:\/\/lapatriafutbolera.com.ar\/index.php\/2022\/11\/14\/paises-bajos-y-ecuador-los-perfilados\/","name":"Pa\u00edses Bajos y Ecuador, los perfilados - LA PATRIA FUTBOLERA","isPartOf":{"@id":"https:\/\/lapatriafutbolera.com.ar\/#website"},"datePublished":"2022-11-14T13:14:08+00:00","dateModified":"2022-11-14T13:14:51+00:00","breadcrumb":{"@id":"https:\/\/lapatriafutbolera.com.ar\/index.php\/2022\/11\/14\/paises-bajos-y-ecuador-los-perfilados\/#breadcrumb"},"inLanguage":"es-AR","potentialAction":[{"@type":"ReadAction","target":["https:\/\/lapatriafutbolera.com.ar\/index.php\/2022\/11\/14\/paises-bajos-y-ecuador-los-perfilados\/"]}]},{"@type":"BreadcrumbList","@id":"https:\/\/lapatriafutbolera.com.ar\/index.php\/2022\/11\/14\/paises-bajos-y-ecuador-los-perfilados\/#breadcrumb","itemListElement":[{"@type":"ListItem","position":1,"name":"Inicio","item":"https:\/\/lapatriafutbolera.com.ar\/"},{"@type":"ListItem","position":2,"name":"Pa\u00edses Bajos y Ecuador, los perfilados"}]},{"@type":"WebSite","@id":"https:\/\/lapatriafutbolera.com.ar\/#website","url":"https:\/\/lapatriafutbolera.com.ar\/","name":"LA PATRIA FUTBOLERA","description":"","publisher":{"@id":"https:\/\/lapatriafutbolera.com.ar\/#organization"},"potentialAction":[{"@type":"SearchAction","target":{"@type":"EntryPoint","urlTemplate":"https:\/\/lapatriafutbolera.com.ar\/?s={search_term_string}"},"query-input":"required name=search_term_string"}],"inLanguage":"es-AR"},{"@type":"Organization","@id":"https:\/\/lapatriafutbolera.com.ar\/#organization","name":"LA PATRIA FUTBOLERA","url":"https:\/\/lapatriafutbolera.com.ar\/","sameAs":[],"logo":{"@type":"ImageObject","inLanguage":"es-AR","@id":"https:\/\/lapatriafutbolera.com.ar\/#\/schema\/logo\/image\/","url":"https:\/\/lapatriafutbolera.com.ar\/wp-content\/uploads\/2025\/03\/cropped-LA-PATRIA-14.jpg","contentUrl":"https:\/\/lapatriafutbolera.com.ar\/wp-content\/uploads\/2025\/03\/cropped-LA-PATRIA-14.jpg","width":1308,"height":221,"caption":"LA PATRIA FUTBOLERA"},"image":{"@id":"https:\/\/lapatriafutbolera.com.ar\/#\/schema\/logo\/image\/"}},{"@type":"Person","@id":"https:\/\/lapatriafutbolera.com.ar\/#\/schema\/person\/e49f5482d3756b13d01cd253cbc91c9f","name":"Diego Joy","image":{"@type":"ImageObject","inLanguage":"es-AR","@id":"https:\/\/lapatriafutbolera.com.ar\/#\/schema\/person\/image\/","url":"https:\/\/secure.gravatar.com\/avatar\/52a725e9cb5a91747a880972f4bce8fdead4cb339ff6d70a4bf4cccfb55e91fe?s=96&d=mm&r=g","contentUrl":"https:\/\/secure.gravatar.com\/avatar\/52a725e9cb5a91747a880972f4bce8fdead4cb339ff6d70a4bf4cccfb55e91fe?s=96&d=mm&r=g","caption":"Diego Joy"},"url":"https:\/\/lapatriafutbolera.com.ar\/index.php\/author\/diego-joy\/"}]}},"_links":{"self":[{"href":"https:\/\/lapatriafutbolera.com.ar\/index.php\/wp-json\/wp\/v2\/posts\/726","targetHints":{"allow":["GET"]}}],"collection":[{"href":"https:\/\/lapatriafutbolera.com.ar\/index.php\/wp-json\/wp\/v2\/posts"}],"about":[{"href":"https:\/\/lapatriafutbolera.com.ar\/index.php\/wp-json\/wp\/v2\/types\/post"}],"author":[{"embeddable":true,"href":"https:\/\/lapatriafutbolera.com.ar\/index.php\/wp-json\/wp\/v2\/users\/7"}],"replies":[{"embeddable":true,"href":"https:\/\/lapatriafutbolera.com.ar\/index.php\/wp-json\/wp\/v2\/comments?post=726"}],"version-history":[{"count":2,"href":"https:\/\/lapatriafutbolera.com.ar\/index.php\/wp-json\/wp\/v2\/posts\/726\/revisions"}],"predecessor-version":[{"id":730,"href":"https:\/\/lapatriafutbolera.com.ar\/index.php\/wp-json\/wp\/v2\/posts\/726\/revisions\/730"}],"wp:featuredmedia":[{"embeddable":true,"href":"https:\/\/lapatriafutbolera.com.ar\/index.php\/wp-json\/wp\/v2\/media\/727"}],"wp:attachment":[{"href":"https:\/\/lapatriafutbolera.com.ar\/index.php\/wp-json\/wp\/v2\/media?parent=726"}],"wp:term":[{"taxonomy":"category","embeddable":true,"href":"https:\/\/lapatriafutbolera.com.ar\/index.php\/wp-json\/wp\/v2\/categories?post=726"},{"taxonomy":"post_tag","embeddable":true,"href":"https:\/\/lapatriafutbolera.com.ar\/index.php\/wp-json\/wp\/v2\/tags?post=726"}],"curies":[{"name":"wp","href":"https:\/\/api.w.org\/{rel}","templated":true}]}}