{"id":735,"date":"2022-11-14T11:57:47","date_gmt":"2022-11-14T14:57:47","guid":{"rendered":"https:\/\/lapatriafutbolera.com.ar\/?p=735"},"modified":"2022-11-14T11:57:49","modified_gmt":"2022-11-14T14:57:49","slug":"argentina-y-el-que-sea","status":"publish","type":"post","link":"https:\/\/lapatriafutbolera.com.ar\/index.php\/2022\/11\/14\/argentina-y-el-que-sea\/","title":{"rendered":"Argentina y el que sea&#8230;"},"content":{"rendered":"\n<p>En nuestro habitual repaso por los grupos del Mundial que se avecina, vamos con uno m\u00e1s.<\/p>\n\n\n\n<h2 class=\"wp-block-heading\">Grupo C<\/h2>\n\n\n\n<h2 class=\"wp-block-heading\">Integrantes<\/h2>\n\n\n\n<ul class=\"wp-block-list\">\n<li>Argentina<\/li>\n\n\n\n<li>Arabia Saudita<\/li>\n\n\n\n<li>M\u00e9xico<\/li>\n\n\n\n<li>Polonia<\/li>\n<\/ul>\n\n\n\n<p>El grupo que nos interesa a todos porque entre el invicto, la Copa Am\u00e9rica, la resurrecci\u00f3n de Di Mar\u00eda, Messi borrando a puro talento el vedetismo de Mbapp\u00e9 en PSG y las figuritas llegamos m\u00e1s manija que nunca a Qatar.<\/p>\n\n\n\n<p>Veamos equipo por equipo.<\/p>\n\n\n\n<h2 class=\"wp-block-heading\">ARGENTINA: <\/h2>\n\n\n\n<p>Llega en alza, plena de confianza y con un largo invicto. No faltan los agoreros que explican que ser\u00e1 precisamente esa confianza la que traicionar\u00e1 a la Albiceleste y la mandar\u00e1 de vuelta a casa. Pero las coincidencias entre el hist\u00f3rico y glorioso M\u00e9xico 86 y \u00e9ste Qatar 22 son indisimulables y esperanzadoras.<\/p>\n\n\n\n<p>Seleccionamos unas pocas:<\/p>\n\n\n\n<p>\u2022 Los apellidos de los n\u00famero diez y capitanes de cada plantel empiezan con M!!!!!!<\/p>\n\n\n\n<p>\u2022 La capital de M\u00ebxico, aunque ahora cambi\u00f3 el nombre oficial, era Distrito Federal. La capital de Qatar es Doha. Ambas empiezan con D!!!!!!<\/p>\n\n\n\n<p>\u2022 1986. 1+9+8+6= 24. 2+4= 6 \/\/ 2022. 2+0+2+2= 6!!!!!!<\/p>\n\n\n\n<p>\u2022 Con las tres coincidencias anteriores podemos formar el n\u00famero 1506 (MD en n\u00fameros romanos y seis en ar\u00e1bigos, no nos vamos a poner ahora en exquisitos). 1+5+0+6= 12. 1+2=3. Argentina va en busca de su mundial n\u00famero 3!!!!!<\/p>\n\n\n\n<p>Las se\u00f1ales son muchas. Quiz\u00e1s sea un punto de preocupaci\u00f3n que en aquel tiempo presid\u00eda la Argentina un se\u00f1or de bigotes, radical socialdem\u00f3crata y no muy dado a la confrontaci\u00f3n con las grandes corporaciones econ\u00f3micas, en cambio ahora\u2026. Caramba!!! Que coincidencia!!!<\/p>\n\n\n\n<p>Elegimos creer.<\/p>\n\n\n\n<h2 class=\"wp-block-heading\">ARABIA SAUDITA:<\/h2>\n\n\n\n<p>Una selecci\u00f3n que participa habitualmente en los mundiales pero siempre sin \u00e9xito. Apuestan todo a sentirse como en casa en lo de sus vecinos qatar\u00edes. Es sabido que entre jeques no hay turbantazos.<\/p>\n\n\n\n<h2 class=\"wp-block-heading\">M\u00c9XICO: <\/h2>\n\n\n\n<p>Bajo la cuestionada direcci\u00f3n t\u00e9cnica del Tata Martino llegan con la expectativa de superar la primera rueda. En los c\u00e1lculos previos, su enemigo principal ser\u00eda Polonia. Algo que desorienta hasta lo indecible a los principales analistas puesto que si hay dos pa\u00edses en el mundo entre los que no parece haber hip\u00f3tesis de conflicto es precisamente esos.<\/p>\n\n\n\n<h2 class=\"wp-block-heading\">POLONIA: <\/h2>\n\n\n\n<p>Tras el retiro de Lato y Boniek y la ca\u00edda del Muro de Berl\u00edn no han podido volver a meterse en los primeros planos del balompi\u00e9 internacional. Lo intentar\u00e1n este a\u00f1o de la mano del a\u00fan temible Robert Lewandoski. Su \u00fanica preocupaci\u00f3n era tener que enfrentar a Enzo Francescoli y sus chilenas. En Varsovia se festej\u00f3 ruidosamente el sorteo que no los puso en la misma zona que Uruguay.<\/p>\n\n\n\n<h2 class=\"wp-block-heading\">FIXTURE:<\/h2>\n\n\n\n<h2 class=\"wp-block-heading\">Martes 22\/11\/22, 7 horas: Argentina \u2013 Arabia Saudita<\/h2>\n\n\n\n<p>El d\u00eda del sorteo se vio a centenares, quiz\u00e1s miles, de panaderos argentnos salir a festejar. Dado el horario del debut de la Selecci\u00f3n en Qatar estiman agotar por completo el stock de facturas, bizcochitos de grasa, cuernitos y hay qui\u00e9n se anima a vaticinar que vender\u00e1n hasta las masas secas.<br>Gana Argentina pese al madrug\u00f3n.<\/p>\n\n\n\n<h2 class=\"wp-block-heading\">Martes 22\/11, 13 horas: M\u00e9xico \u2013 Polonia<\/h2>\n\n\n\n<p>Ambos equipos saben que ganar este encuentro los posicionar\u00eda de modo inmejorable de cara a la clasificaci\u00f3n. La tensi\u00f3n ser\u00e1 indisimulable. Un gesto ambiguo de Martino antes de salir al campo de juego provocar\u00e1 la ira del cuerpo t\u00e9cnico polaco. Se van a las manos, enseguida se suman ambos planteles. Una verdadera batalla. Los mexicanos llevan la ventaja en las tarjetas dada su tradicional y valiente escuela box\u00edstica. Los polacos guapean haci\u00e9ndose fuertes en su hist\u00f3rico coraje para la defensa de su tierra. El ring side delira ante la bravura de ambos contendientes. Empate luego de doce sangrientos y agotadores rounds.<\/p>\n\n\n\n<h2 class=\"wp-block-heading\">S\u00e1bado 26\/11, 10 horas: Polonia \u2013 Arabia Saudita<\/h2>\n\n\n\n<p>Hordas de amiguetes argentinos aprovechar\u00e1n el entretiempo de polacos y \u00e1rabes para ir armando el fueguito y el comienzo del segundo tiempo para prenderlo, a la espera del Argentina M\u00e9xico de las cuatro de la tarde. Entre rondas de mate, risotadas y viejas an\u00e9cdotas van matando el tiempo. De fondo, el televisor anuncia el sorpresivo empate de Polonia y Arabia Saudita. No podemos ver el resumen del partido porque hay que echar la carne a la parrilla.<\/p>\n\n\n\n<h2 class=\"wp-block-heading\">S\u00e1bado 26\/11, 16 horas: Argentina \u2013 M\u00e9xico<\/h2>\n\n\n\n<p>Ser\u00e1 el partido del representativo argentino en un Mundial con menos rating de la historia. La inmensa mayor\u00eda de los argentinos har\u00e1 una profunda siesta, producto de la abundante ingesta de asado y vino en la previa del partido. Quiz\u00e1s alguno despierte sobresaltado al grito de \u201cgol! gol argentino!\u201d sin darse cuenta de que son las ocho de la noche y lo que est\u00e1n pasando es un resumen del 4 a 1 a Hungr\u00eda de 1982. En Qatar habr\u00e1 ganado Argentina.<\/p>\n\n\n\n<h2 class=\"wp-block-heading\">Mi\u00e9rcoles 30\/11, 16 horas: Polonia \u2013 Argentina<\/h2>\n\n\n\n<p>El imborrable recuerdo de Fillol par\u00e1ndole un penal a Deyna vuelve a la memoria cuando Polonia tiene un penal con el partido a\u00fan cero a cero. Ataja el Pato Dibu. Luego Messi y Lautaro ponen orden. Gana Argentina.<\/p>\n\n\n\n<h2 class=\"wp-block-heading\">Mi\u00e9rcoles 30\/11, 16 horas: M\u00e9xico \u2013 Arabia Saudita<\/h2>\n\n\n\n<p>A un minuto del final del partido y aprovechando que es hora del rezo y los \u00e1rabes est\u00e1n mirando hacia La Meca, M\u00e9xico convierte el \u00fanico gol del partido y sella su clasificaci\u00f3n.<\/p>\n\n\n\n<h2 class=\"wp-block-heading\">CLASIFICADOS<\/h2>\n\n\n\n<h2 class=\"wp-block-heading\">1 &#8211; Argentina<br>2 &#8211; M\u00e9xico<\/h2>\n","protected":false},"excerpt":{"rendered":"<p>En nuestro habitual repaso por los grupos del Mundial que se avecina, vamos con uno&#8230;<\/p>\n","protected":false},"author":7,"featured_media":737,"comment_status":"open","ping_status":"open","sticky":false,"template":"","format":"standard","meta":{"footnotes":""},"categories":[25,10,17],"tags":[],"class_list":["post-735","post","type-post","status-publish","format-standard","has-post-thumbnail","hentry","category-grupo-c","category-hincha-del-juego","category-qatar-2022"],"yoast_head":"<!-- This site is optimized with the Yoast SEO plugin v19.5.1 - https:\/\/yoast.com\/wordpress\/plugins\/seo\/ -->\n<title>Argentina y el que sea... - LA PATRIA FUTBOLERA<\/title>\n<meta name=\"robots\" content=\"index, follow, max-snippet:-1, max-image-preview:large, max-video-preview:-1\" \/>\n<link rel=\"canonical\" href=\"https:\/\/lapatriafutbolera.com.ar\/index.php\/2022\/11\/14\/argentina-y-el-que-sea\/\" \/>\n<meta property=\"og:locale\" content=\"es_ES\" \/>\n<meta property=\"og:type\" content=\"article\" \/>\n<meta property=\"og:title\" content=\"Argentina y el que sea... - LA PATRIA FUTBOLERA\" \/>\n<meta property=\"og:description\" content=\"En nuestro habitual repaso por los grupos del Mundial que se avecina, vamos con uno...\" \/>\n<meta property=\"og:url\" content=\"https:\/\/lapatriafutbolera.com.ar\/index.php\/2022\/11\/14\/argentina-y-el-que-sea\/\" \/>\n<meta property=\"og:site_name\" content=\"LA PATRIA FUTBOLERA\" \/>\n<meta property=\"article:published_time\" content=\"2022-11-14T14:57:47+00:00\" \/>\n<meta property=\"article:modified_time\" content=\"2022-11-14T14:57:49+00:00\" \/>\n<meta property=\"og:image\" content=\"https:\/\/lapatriafutbolera.com.ar\/wp-content\/uploads\/2022\/11\/GRUPO-C.jpg\" \/>\n\t<meta property=\"og:image:width\" content=\"1920\" \/>\n\t<meta property=\"og:image:height\" content=\"1080\" \/>\n\t<meta property=\"og:image:type\" content=\"image\/jpeg\" \/>\n<meta name=\"author\" content=\"Diego Joy\" \/>\n<meta name=\"twitter:card\" content=\"summary_large_image\" \/>\n<meta name=\"twitter:label1\" content=\"Escrito por\" \/>\n\t<meta name=\"twitter:data1\" content=\"Diego Joy\" \/>\n\t<meta name=\"twitter:label2\" content=\"Tiempo de lectura\" \/>\n\t<meta name=\"twitter:data2\" content=\"4 minutos\" \/>\n<script type=\"application\/ld+json\" class=\"yoast-schema-graph\">{\"@context\":\"https:\/\/schema.org\",\"@graph\":[{\"@type\":\"Article\",\"@id\":\"https:\/\/lapatriafutbolera.com.ar\/index.php\/2022\/11\/14\/argentina-y-el-que-sea\/#article\",\"isPartOf\":{\"@id\":\"https:\/\/lapatriafutbolera.com.ar\/index.php\/2022\/11\/14\/argentina-y-el-que-sea\/\"},\"author\":{\"name\":\"Diego Joy\",\"@id\":\"https:\/\/lapatriafutbolera.com.ar\/#\/schema\/person\/e49f5482d3756b13d01cd253cbc91c9f\"},\"headline\":\"Argentina y el que sea&#8230;\",\"datePublished\":\"2022-11-14T14:57:47+00:00\",\"dateModified\":\"2022-11-14T14:57:49+00:00\",\"mainEntityOfPage\":{\"@id\":\"https:\/\/lapatriafutbolera.com.ar\/index.php\/2022\/11\/14\/argentina-y-el-que-sea\/\"},\"wordCount\":890,\"commentCount\":0,\"publisher\":{\"@id\":\"https:\/\/lapatriafutbolera.com.ar\/#organization\"},\"articleSection\":[\"Grupo C\",\"Hincha del Juego\",\"Qatar 2022\"],\"inLanguage\":\"es-AR\",\"potentialAction\":[{\"@type\":\"CommentAction\",\"name\":\"Comment\",\"target\":[\"https:\/\/lapatriafutbolera.com.ar\/index.php\/2022\/11\/14\/argentina-y-el-que-sea\/#respond\"]}]},{\"@type\":\"WebPage\",\"@id\":\"https:\/\/lapatriafutbolera.com.ar\/index.php\/2022\/11\/14\/argentina-y-el-que-sea\/\",\"url\":\"https:\/\/lapatriafutbolera.com.ar\/index.php\/2022\/11\/14\/argentina-y-el-que-sea\/\",\"name\":\"Argentina y el que sea... - LA PATRIA FUTBOLERA\",\"isPartOf\":{\"@id\":\"https:\/\/lapatriafutbolera.com.ar\/#website\"},\"datePublished\":\"2022-11-14T14:57:47+00:00\",\"dateModified\":\"2022-11-14T14:57:49+00:00\",\"breadcrumb\":{\"@id\":\"https:\/\/lapatriafutbolera.com.ar\/index.php\/2022\/11\/14\/argentina-y-el-que-sea\/#breadcrumb\"},\"inLanguage\":\"es-AR\",\"potentialAction\":[{\"@type\":\"ReadAction\",\"target\":[\"https:\/\/lapatriafutbolera.com.ar\/index.php\/2022\/11\/14\/argentina-y-el-que-sea\/\"]}]},{\"@type\":\"BreadcrumbList\",\"@id\":\"https:\/\/lapatriafutbolera.com.ar\/index.php\/2022\/11\/14\/argentina-y-el-que-sea\/#breadcrumb\",\"itemListElement\":[{\"@type\":\"ListItem\",\"position\":1,\"name\":\"Inicio\",\"item\":\"https:\/\/lapatriafutbolera.com.ar\/\"},{\"@type\":\"ListItem\",\"position\":2,\"name\":\"Argentina y el que sea&#8230;\"}]},{\"@type\":\"WebSite\",\"@id\":\"https:\/\/lapatriafutbolera.com.ar\/#website\",\"url\":\"https:\/\/lapatriafutbolera.com.ar\/\",\"name\":\"LA PATRIA FUTBOLERA\",\"description\":\"\",\"publisher\":{\"@id\":\"https:\/\/lapatriafutbolera.com.ar\/#organization\"},\"potentialAction\":[{\"@type\":\"SearchAction\",\"target\":{\"@type\":\"EntryPoint\",\"urlTemplate\":\"https:\/\/lapatriafutbolera.com.ar\/?s={search_term_string}\"},\"query-input\":\"required name=search_term_string\"}],\"inLanguage\":\"es-AR\"},{\"@type\":\"Organization\",\"@id\":\"https:\/\/lapatriafutbolera.com.ar\/#organization\",\"name\":\"LA PATRIA FUTBOLERA\",\"url\":\"https:\/\/lapatriafutbolera.com.ar\/\",\"sameAs\":[],\"logo\":{\"@type\":\"ImageObject\",\"inLanguage\":\"es-AR\",\"@id\":\"https:\/\/lapatriafutbolera.com.ar\/#\/schema\/logo\/image\/\",\"url\":\"https:\/\/lapatriafutbolera.com.ar\/wp-content\/uploads\/2025\/03\/cropped-LA-PATRIA-14.jpg\",\"contentUrl\":\"https:\/\/lapatriafutbolera.com.ar\/wp-content\/uploads\/2025\/03\/cropped-LA-PATRIA-14.jpg\",\"width\":1308,\"height\":221,\"caption\":\"LA PATRIA FUTBOLERA\"},\"image\":{\"@id\":\"https:\/\/lapatriafutbolera.com.ar\/#\/schema\/logo\/image\/\"}},{\"@type\":\"Person\",\"@id\":\"https:\/\/lapatriafutbolera.com.ar\/#\/schema\/person\/e49f5482d3756b13d01cd253cbc91c9f\",\"name\":\"Diego Joy\",\"image\":{\"@type\":\"ImageObject\",\"inLanguage\":\"es-AR\",\"@id\":\"https:\/\/lapatriafutbolera.com.ar\/#\/schema\/person\/image\/\",\"url\":\"https:\/\/secure.gravatar.com\/avatar\/52a725e9cb5a91747a880972f4bce8fdead4cb339ff6d70a4bf4cccfb55e91fe?s=96&d=mm&r=g\",\"contentUrl\":\"https:\/\/secure.gravatar.com\/avatar\/52a725e9cb5a91747a880972f4bce8fdead4cb339ff6d70a4bf4cccfb55e91fe?s=96&d=mm&r=g\",\"caption\":\"Diego Joy\"},\"url\":\"https:\/\/lapatriafutbolera.com.ar\/index.php\/author\/diego-joy\/\"}]}<\/script>\n<!-- \/ Yoast SEO plugin. -->","yoast_head_json":{"title":"Argentina y el que sea... - LA PATRIA FUTBOLERA","robots":{"index":"index","follow":"follow","max-snippet":"max-snippet:-1","max-image-preview":"max-image-preview:large","max-video-preview":"max-video-preview:-1"},"canonical":"https:\/\/lapatriafutbolera.com.ar\/index.php\/2022\/11\/14\/argentina-y-el-que-sea\/","og_locale":"es_ES","og_type":"article","og_title":"Argentina y el que sea... - LA PATRIA FUTBOLERA","og_description":"En nuestro habitual repaso por los grupos del Mundial que se avecina, vamos con uno...","og_url":"https:\/\/lapatriafutbolera.com.ar\/index.php\/2022\/11\/14\/argentina-y-el-que-sea\/","og_site_name":"LA PATRIA FUTBOLERA","article_published_time":"2022-11-14T14:57:47+00:00","article_modified_time":"2022-11-14T14:57:49+00:00","og_image":[{"width":1920,"height":1080,"url":"https:\/\/lapatriafutbolera.com.ar\/wp-content\/uploads\/2022\/11\/GRUPO-C.jpg","type":"image\/jpeg"}],"author":"Diego Joy","twitter_card":"summary_large_image","twitter_misc":{"Escrito por":"Diego Joy","Tiempo de lectura":"4 minutos"},"schema":{"@context":"https:\/\/schema.org","@graph":[{"@type":"Article","@id":"https:\/\/lapatriafutbolera.com.ar\/index.php\/2022\/11\/14\/argentina-y-el-que-sea\/#article","isPartOf":{"@id":"https:\/\/lapatriafutbolera.com.ar\/index.php\/2022\/11\/14\/argentina-y-el-que-sea\/"},"author":{"name":"Diego Joy","@id":"https:\/\/lapatriafutbolera.com.ar\/#\/schema\/person\/e49f5482d3756b13d01cd253cbc91c9f"},"headline":"Argentina y el que sea&#8230;","datePublished":"2022-11-14T14:57:47+00:00","dateModified":"2022-11-14T14:57:49+00:00","mainEntityOfPage":{"@id":"https:\/\/lapatriafutbolera.com.ar\/index.php\/2022\/11\/14\/argentina-y-el-que-sea\/"},"wordCount":890,"commentCount":0,"publisher":{"@id":"https:\/\/lapatriafutbolera.com.ar\/#organization"},"articleSection":["Grupo C","Hincha del Juego","Qatar 2022"],"inLanguage":"es-AR","potentialAction":[{"@type":"CommentAction","name":"Comment","target":["https:\/\/lapatriafutbolera.com.ar\/index.php\/2022\/11\/14\/argentina-y-el-que-sea\/#respond"]}]},{"@type":"WebPage","@id":"https:\/\/lapatriafutbolera.com.ar\/index.php\/2022\/11\/14\/argentina-y-el-que-sea\/","url":"https:\/\/lapatriafutbolera.com.ar\/index.php\/2022\/11\/14\/argentina-y-el-que-sea\/","name":"Argentina y el que sea... - LA PATRIA FUTBOLERA","isPartOf":{"@id":"https:\/\/lapatriafutbolera.com.ar\/#website"},"datePublished":"2022-11-14T14:57:47+00:00","dateModified":"2022-11-14T14:57:49+00:00","breadcrumb":{"@id":"https:\/\/lapatriafutbolera.com.ar\/index.php\/2022\/11\/14\/argentina-y-el-que-sea\/#breadcrumb"},"inLanguage":"es-AR","potentialAction":[{"@type":"ReadAction","target":["https:\/\/lapatriafutbolera.com.ar\/index.php\/2022\/11\/14\/argentina-y-el-que-sea\/"]}]},{"@type":"BreadcrumbList","@id":"https:\/\/lapatriafutbolera.com.ar\/index.php\/2022\/11\/14\/argentina-y-el-que-sea\/#breadcrumb","itemListElement":[{"@type":"ListItem","position":1,"name":"Inicio","item":"https:\/\/lapatriafutbolera.com.ar\/"},{"@type":"ListItem","position":2,"name":"Argentina y el que sea&#8230;"}]},{"@type":"WebSite","@id":"https:\/\/lapatriafutbolera.com.ar\/#website","url":"https:\/\/lapatriafutbolera.com.ar\/","name":"LA PATRIA FUTBOLERA","description":"","publisher":{"@id":"https:\/\/lapatriafutbolera.com.ar\/#organization"},"potentialAction":[{"@type":"SearchAction","target":{"@type":"EntryPoint","urlTemplate":"https:\/\/lapatriafutbolera.com.ar\/?s={search_term_string}"},"query-input":"required name=search_term_string"}],"inLanguage":"es-AR"},{"@type":"Organization","@id":"https:\/\/lapatriafutbolera.com.ar\/#organization","name":"LA PATRIA FUTBOLERA","url":"https:\/\/lapatriafutbolera.com.ar\/","sameAs":[],"logo":{"@type":"ImageObject","inLanguage":"es-AR","@id":"https:\/\/lapatriafutbolera.com.ar\/#\/schema\/logo\/image\/","url":"https:\/\/lapatriafutbolera.com.ar\/wp-content\/uploads\/2025\/03\/cropped-LA-PATRIA-14.jpg","contentUrl":"https:\/\/lapatriafutbolera.com.ar\/wp-content\/uploads\/2025\/03\/cropped-LA-PATRIA-14.jpg","width":1308,"height":221,"caption":"LA PATRIA FUTBOLERA"},"image":{"@id":"https:\/\/lapatriafutbolera.com.ar\/#\/schema\/logo\/image\/"}},{"@type":"Person","@id":"https:\/\/lapatriafutbolera.com.ar\/#\/schema\/person\/e49f5482d3756b13d01cd253cbc91c9f","name":"Diego Joy","image":{"@type":"ImageObject","inLanguage":"es-AR","@id":"https:\/\/lapatriafutbolera.com.ar\/#\/schema\/person\/image\/","url":"https:\/\/secure.gravatar.com\/avatar\/52a725e9cb5a91747a880972f4bce8fdead4cb339ff6d70a4bf4cccfb55e91fe?s=96&d=mm&r=g","contentUrl":"https:\/\/secure.gravatar.com\/avatar\/52a725e9cb5a91747a880972f4bce8fdead4cb339ff6d70a4bf4cccfb55e91fe?s=96&d=mm&r=g","caption":"Diego Joy"},"url":"https:\/\/lapatriafutbolera.com.ar\/index.php\/author\/diego-joy\/"}]}},"_links":{"self":[{"href":"https:\/\/lapatriafutbolera.com.ar\/index.php\/wp-json\/wp\/v2\/posts\/735","targetHints":{"allow":["GET"]}}],"collection":[{"href":"https:\/\/lapatriafutbolera.com.ar\/index.php\/wp-json\/wp\/v2\/posts"}],"about":[{"href":"https:\/\/lapatriafutbolera.com.ar\/index.php\/wp-json\/wp\/v2\/types\/post"}],"author":[{"embeddable":true,"href":"https:\/\/lapatriafutbolera.com.ar\/index.php\/wp-json\/wp\/v2\/users\/7"}],"replies":[{"embeddable":true,"href":"https:\/\/lapatriafutbolera.com.ar\/index.php\/wp-json\/wp\/v2\/comments?post=735"}],"version-history":[{"count":1,"href":"https:\/\/lapatriafutbolera.com.ar\/index.php\/wp-json\/wp\/v2\/posts\/735\/revisions"}],"predecessor-version":[{"id":738,"href":"https:\/\/lapatriafutbolera.com.ar\/index.php\/wp-json\/wp\/v2\/posts\/735\/revisions\/738"}],"wp:featuredmedia":[{"embeddable":true,"href":"https:\/\/lapatriafutbolera.com.ar\/index.php\/wp-json\/wp\/v2\/media\/737"}],"wp:attachment":[{"href":"https:\/\/lapatriafutbolera.com.ar\/index.php\/wp-json\/wp\/v2\/media?parent=735"}],"wp:term":[{"taxonomy":"category","embeddable":true,"href":"https:\/\/lapatriafutbolera.com.ar\/index.php\/wp-json\/wp\/v2\/categories?post=735"},{"taxonomy":"post_tag","embeddable":true,"href":"https:\/\/lapatriafutbolera.com.ar\/index.php\/wp-json\/wp\/v2\/tags?post=735"}],"curies":[{"name":"wp","href":"https:\/\/api.w.org\/{rel}","templated":true}]}}