{"id":771,"date":"2022-11-14T15:34:26","date_gmt":"2022-11-14T18:34:26","guid":{"rendered":"https:\/\/lapatriafutbolera.com.ar\/?p=771"},"modified":"2022-11-18T09:03:24","modified_gmt":"2022-11-18T12:03:24","slug":"los-principes-de-persia-van-por-su-sueno","status":"publish","type":"post","link":"https:\/\/lapatriafutbolera.com.ar\/index.php\/2022\/11\/14\/los-principes-de-persia-van-por-su-sueno\/","title":{"rendered":"Los Pr\u00edncipes de Persia van por su sue\u00f1o"},"content":{"rendered":"\n<p>Este domingo, <a href=\"https:\/\/www.transfermarkt.com.ar\/carlos-queiroz\/profil\/trainer\/552\">Carlos Queiroz<\/a> revel\u00f3 la n\u00f3mina de todos los futbolistas que representar\u00e1n al la selecci\u00f3n en la Copa del Mundo, en la cual integrar\u00e1 el Grupo B junto a Inglaterra, Estados Unidos y Gales. Parte del pa\u00eds asi\u00e1tico ped\u00eda la exclusi\u00f3n de Sandar Azmoun, que se ha mostrado favorable a las protestas que vive el pa\u00eds.<\/p>\n\n\n<div class=\"wp-block-image\">\n<figure class=\"aligncenter size-large\"><img loading=\"lazy\" decoding=\"async\" width=\"819\" height=\"1024\" src=\"https:\/\/lapatriafutbolera.com.ar\/wp-content\/uploads\/2022\/11\/GRUPO-B-2.-LISTA-IRAN-819x1024.png\" alt=\"\" class=\"wp-image-774\" srcset=\"https:\/\/lapatriafutbolera.com.ar\/wp-content\/uploads\/2022\/11\/GRUPO-B-2.-LISTA-IRAN-819x1024.png 819w, https:\/\/lapatriafutbolera.com.ar\/wp-content\/uploads\/2022\/11\/GRUPO-B-2.-LISTA-IRAN-240x300.png 240w, https:\/\/lapatriafutbolera.com.ar\/wp-content\/uploads\/2022\/11\/GRUPO-B-2.-LISTA-IRAN-768x960.png 768w, https:\/\/lapatriafutbolera.com.ar\/wp-content\/uploads\/2022\/11\/GRUPO-B-2.-LISTA-IRAN.png 862w\" sizes=\"auto, (max-width: 819px) 100vw, 819px\" \/><figcaption class=\"wp-element-caption\"><strong>El plantel irani que viaja a Qatar<\/strong><\/figcaption><\/figure>\n<\/div>\n\n\n<p><strong>Arqueros<\/strong><\/p>\n\n\n\n<p><a href=\"https:\/\/www.transfermarkt.com.ar\/alireza-beiranvand\/profil\/spieler\/229081\">Alireza Beiranvand (Pers\u00e9polis F. C)<\/a><\/p>\n\n\n\n<p><a href=\"https:\/\/www.transfermarkt.com.ar\/amir-abedzadeh\/profil\/spieler\/218431\">Amir Abedzadeh (S. D. Ponferradina)<\/a><\/p>\n\n\n\n<p><a href=\"https:\/\/www.transfermarkt.com.ar\/hossein-hosseini\/profil\/spieler\/132561\">Hossein Hosseini (Esteghlal FC)<\/a><\/p>\n\n\n\n<p><a href=\"https:\/\/www.transfermarkt.com.ar\/payam-niazmand\/profil\/spieler\/343044\">Payam Niazmand (Sepahan F. C)<\/a><\/p>\n\n\n\n<p><strong>Defensores<\/strong><\/p>\n\n\n\n<p><a href=\"https:\/\/www.transfermarkt.com.ar\/majid-hosseini\/profil\/spieler\/294767\">Majid Hosseini (Kayserispor)<\/a><\/p>\n\n\n\n<p><a href=\"https:\/\/www.transfermarkt.com.ar\/majid-hosseini\/profil\/spieler\/294767\">Hossein Kanaani (Al Ahli)<\/a><\/p>\n\n\n\n<p><a href=\"https:\/\/www.transfermarkt.com.ar\/shoja-khalilzadeh\/profil\/spieler\/213715\">Shoja Khalilzadeh (Al Ahli)<\/a><\/p>\n\n\n\n<p><a href=\"https:\/\/www.transfermarkt.com.ar\/morteza-pouraliganji\/transfers\/spieler\/132563\">Morteza Pouraliganj (Pers\u00e9polis F. C)<\/a><\/p>\n\n\n\n<p><a href=\"https:\/\/www.transfermarkt.com.ar\/sadegh-moharrami\/profil\/spieler\/294778\">Sadegh Moharrami (Dinamo Zagreb)<\/a><\/p>\n\n\n\n<p><a href=\"https:\/\/www.transfermarkt.com.ar\/milad-mohammadi\/profil\/spieler\/333355\">Milad Mohammadi (AEK Atenas)<\/a><\/p>\n\n\n\n<p><a href=\"https:\/\/www.transfermarkt.com.ar\/milad-mohammadi\/profil\/spieler\/333355\">Ehsan Hajsafi (AEK Atenas)<\/a><\/p>\n\n\n\n<p><em><a href=\"https:\/\/www.transfermarkt.com.ar\/ramin-rezaeian\/profil\/spieler\/188312\">Ramin Rezaeian (Sepahan S. C)<\/a><\/em><\/p>\n\n\n\n<p><a href=\"https:\/\/www.transfermarkt.com.ar\/abolfazl-jalali\/profil\/spieler\/599240\">Abolfazl Jalali (Esteghlal)<\/a><\/p>\n\n\n\n<p><a href=\"https:\/\/www.transfermarkt.com.ar\/roozbeh-cheshmi\/profil\/spieler\/273879\">Rouzbeh Cheshmi (Esteghlal F. C.)<\/a><\/p>\n\n\n\n<p><strong>Mediocampistas<\/strong><\/p>\n\n\n\n<p><a href=\"https:\/\/www.transfermarkt.com\/saeid-ezatolahi\/profil\/spieler\/249271\">Saeid Ezatolahi (Vejle Boldklub)<\/a><\/p>\n\n\n\n<p><a href=\"https:\/\/www.transfermarkt.com.ar\/ali-karimi\/profil\/spieler\/269393\">Ali Karimi (Persepolis FC)<\/a><\/p>\n\n\n\n<p><a href=\"https:\/\/www.transfermarkt.com.ar\/ahmad-nourollahi\/profil\/spieler\/327140\">Ahmad Nourollahi (Shabab Al-Ahli)<\/a><\/p>\n\n\n\n<p><a href=\"https:\/\/www.transfermarkt.com.ar\/vahid-amiri\/profil\/spieler\/279215\">Vahid Amiri (Pers\u00e9polis F. C)<\/a><\/p>\n\n\n\n<p><a href=\"https:\/\/www.transfermarkt.com.ar\/saman-ghoddos\/profil\/spieler\/204294\">Saman Ghoddos (Brentford F. C.)<\/a><\/p>\n\n\n\n<p><a href=\"https:\/\/www.transfermarkt.com.ar\/alireza-jahanbakhsh\/profil\/spieler\/213268\">Alireza Jahanbakhsh (Feyenoord)<\/a><\/p>\n\n\n\n<p><a href=\"https:\/\/www.transfermarkt.com.ar\/mehdi-torabi\/profil\/spieler\/283833\">Mehdi Torabi (Pers\u00e9polis F. C) <\/a><\/p>\n\n\n\n<p><a href=\"https:\/\/www.transfermarkt.com.ar\/ali-gholizadeh\/profil\/spieler\/294772\">Ali Gholizadeh(Royal Charleroi)<\/a><\/p>\n\n\n\n<p><strong>Delanteros<\/strong><\/p>\n\n\n\n<p><a href=\"https:\/\/www.transfermarkt.com.ar\/ali-gholizadeh\/profil\/spieler\/294772\">Sardar Azmoun (Bayer Leverkusen)<\/a><\/p>\n\n\n\n<p><a href=\"https:\/\/www.transfermarkt.com.ar\/mehdi-taremi\/profil\/spieler\/307058\">Mehdi Taremi (Porto)<\/a><\/p>\n\n\n\n<p><a href=\"https:\/\/www.transfermarkt.com.ar\/karim-ansarifard\/profil\/spieler\/133838\">Karim Ansarifard (Omonia)<\/a><\/p>\n\n\n<div class=\"wp-block-image\">\n<figure class=\"aligncenter\"><img decoding=\"async\" src=\"https:\/\/media.tycsports.com\/files\/2022\/11\/13\/504575\/lista-de-26-de-iran_w416.webp\" alt=\"Lista de 26 de Ir\u00e1n\" title=\"Lista de 26 de Ir\u00e1n\"\/><figcaption class=\"wp-element-caption\">El plantel irani que disputara el Grupo B del Mundial<\/figcaption><\/figure>\n<\/div>","protected":false},"excerpt":{"rendered":"<p>Este domingo, Carlos Queiroz revel\u00f3 la n\u00f3mina de todos los futbolistas que representar\u00e1n al la&#8230;<\/p>\n","protected":false},"author":4,"featured_media":775,"comment_status":"open","ping_status":"open","sticky":false,"template":"","format":"standard","meta":{"footnotes":""},"categories":[24,36,17],"tags":[],"class_list":["post-771","post","type-post","status-publish","format-standard","has-post-thumbnail","hentry","category-grupo-b","category-iran","category-qatar-2022"],"yoast_head":"<!-- This site is optimized with the Yoast SEO plugin v19.5.1 - https:\/\/yoast.com\/wordpress\/plugins\/seo\/ -->\n<title>Los Pr\u00edncipes de Persia van por su sue\u00f1o - LA PATRIA FUTBOLERA<\/title>\n<meta name=\"robots\" content=\"index, follow, max-snippet:-1, max-image-preview:large, max-video-preview:-1\" \/>\n<link rel=\"canonical\" href=\"https:\/\/lapatriafutbolera.com.ar\/index.php\/2022\/11\/14\/los-principes-de-persia-van-por-su-sueno\/\" \/>\n<meta property=\"og:locale\" content=\"es_ES\" \/>\n<meta property=\"og:type\" content=\"article\" \/>\n<meta property=\"og:title\" content=\"Los Pr\u00edncipes de Persia van por su sue\u00f1o - LA PATRIA FUTBOLERA\" \/>\n<meta property=\"og:description\" content=\"Este domingo, Carlos Queiroz revel\u00f3 la n\u00f3mina de todos los futbolistas que representar\u00e1n al la...\" \/>\n<meta property=\"og:url\" content=\"https:\/\/lapatriafutbolera.com.ar\/index.php\/2022\/11\/14\/los-principes-de-persia-van-por-su-sueno\/\" \/>\n<meta property=\"og:site_name\" content=\"LA PATRIA FUTBOLERA\" \/>\n<meta property=\"article:published_time\" content=\"2022-11-14T18:34:26+00:00\" \/>\n<meta property=\"article:modified_time\" content=\"2022-11-18T12:03:24+00:00\" \/>\n<meta property=\"og:image\" content=\"https:\/\/lapatriafutbolera.com.ar\/wp-content\/uploads\/2022\/11\/iran-en-qatar.jpg\" \/>\n\t<meta property=\"og:image:width\" content=\"275\" \/>\n\t<meta property=\"og:image:height\" content=\"183\" \/>\n\t<meta property=\"og:image:type\" content=\"image\/jpeg\" \/>\n<meta name=\"author\" content=\"Redacci\u00f3n LPF\" \/>\n<meta name=\"twitter:card\" content=\"summary_large_image\" \/>\n<meta name=\"twitter:label1\" content=\"Escrito por\" \/>\n\t<meta name=\"twitter:data1\" content=\"Redacci\u00f3n LPF\" \/>\n\t<meta name=\"twitter:label2\" content=\"Tiempo de lectura\" \/>\n\t<meta name=\"twitter:data2\" content=\"2 minutos\" \/>\n<script type=\"application\/ld+json\" class=\"yoast-schema-graph\">{\"@context\":\"https:\/\/schema.org\",\"@graph\":[{\"@type\":\"Article\",\"@id\":\"https:\/\/lapatriafutbolera.com.ar\/index.php\/2022\/11\/14\/los-principes-de-persia-van-por-su-sueno\/#article\",\"isPartOf\":{\"@id\":\"https:\/\/lapatriafutbolera.com.ar\/index.php\/2022\/11\/14\/los-principes-de-persia-van-por-su-sueno\/\"},\"author\":{\"name\":\"Redacci\u00f3n LPF\",\"@id\":\"https:\/\/lapatriafutbolera.com.ar\/#\/schema\/person\/eb56fb3a7e76133611d5b2d9f706bd97\"},\"headline\":\"Los Pr\u00edncipes de Persia van por su sue\u00f1o\",\"datePublished\":\"2022-11-14T18:34:26+00:00\",\"dateModified\":\"2022-11-18T12:03:24+00:00\",\"mainEntityOfPage\":{\"@id\":\"https:\/\/lapatriafutbolera.com.ar\/index.php\/2022\/11\/14\/los-principes-de-persia-van-por-su-sueno\/\"},\"wordCount\":204,\"commentCount\":0,\"publisher\":{\"@id\":\"https:\/\/lapatriafutbolera.com.ar\/#organization\"},\"articleSection\":[\"Grupo B\",\"Iran\",\"Qatar 2022\"],\"inLanguage\":\"es-AR\",\"potentialAction\":[{\"@type\":\"CommentAction\",\"name\":\"Comment\",\"target\":[\"https:\/\/lapatriafutbolera.com.ar\/index.php\/2022\/11\/14\/los-principes-de-persia-van-por-su-sueno\/#respond\"]}]},{\"@type\":\"WebPage\",\"@id\":\"https:\/\/lapatriafutbolera.com.ar\/index.php\/2022\/11\/14\/los-principes-de-persia-van-por-su-sueno\/\",\"url\":\"https:\/\/lapatriafutbolera.com.ar\/index.php\/2022\/11\/14\/los-principes-de-persia-van-por-su-sueno\/\",\"name\":\"Los Pr\u00edncipes de Persia van por su sue\u00f1o - LA PATRIA FUTBOLERA\",\"isPartOf\":{\"@id\":\"https:\/\/lapatriafutbolera.com.ar\/#website\"},\"datePublished\":\"2022-11-14T18:34:26+00:00\",\"dateModified\":\"2022-11-18T12:03:24+00:00\",\"breadcrumb\":{\"@id\":\"https:\/\/lapatriafutbolera.com.ar\/index.php\/2022\/11\/14\/los-principes-de-persia-van-por-su-sueno\/#breadcrumb\"},\"inLanguage\":\"es-AR\",\"potentialAction\":[{\"@type\":\"ReadAction\",\"target\":[\"https:\/\/lapatriafutbolera.com.ar\/index.php\/2022\/11\/14\/los-principes-de-persia-van-por-su-sueno\/\"]}]},{\"@type\":\"BreadcrumbList\",\"@id\":\"https:\/\/lapatriafutbolera.com.ar\/index.php\/2022\/11\/14\/los-principes-de-persia-van-por-su-sueno\/#breadcrumb\",\"itemListElement\":[{\"@type\":\"ListItem\",\"position\":1,\"name\":\"Inicio\",\"item\":\"https:\/\/lapatriafutbolera.com.ar\/\"},{\"@type\":\"ListItem\",\"position\":2,\"name\":\"Los Pr\u00edncipes de Persia van por su sue\u00f1o\"}]},{\"@type\":\"WebSite\",\"@id\":\"https:\/\/lapatriafutbolera.com.ar\/#website\",\"url\":\"https:\/\/lapatriafutbolera.com.ar\/\",\"name\":\"LA PATRIA FUTBOLERA\",\"description\":\"\",\"publisher\":{\"@id\":\"https:\/\/lapatriafutbolera.com.ar\/#organization\"},\"potentialAction\":[{\"@type\":\"SearchAction\",\"target\":{\"@type\":\"EntryPoint\",\"urlTemplate\":\"https:\/\/lapatriafutbolera.com.ar\/?s={search_term_string}\"},\"query-input\":\"required name=search_term_string\"}],\"inLanguage\":\"es-AR\"},{\"@type\":\"Organization\",\"@id\":\"https:\/\/lapatriafutbolera.com.ar\/#organization\",\"name\":\"LA PATRIA FUTBOLERA\",\"url\":\"https:\/\/lapatriafutbolera.com.ar\/\",\"sameAs\":[],\"logo\":{\"@type\":\"ImageObject\",\"inLanguage\":\"es-AR\",\"@id\":\"https:\/\/lapatriafutbolera.com.ar\/#\/schema\/logo\/image\/\",\"url\":\"https:\/\/lapatriafutbolera.com.ar\/wp-content\/uploads\/2025\/03\/cropped-LA-PATRIA-14.jpg\",\"contentUrl\":\"https:\/\/lapatriafutbolera.com.ar\/wp-content\/uploads\/2025\/03\/cropped-LA-PATRIA-14.jpg\",\"width\":1308,\"height\":221,\"caption\":\"LA PATRIA FUTBOLERA\"},\"image\":{\"@id\":\"https:\/\/lapatriafutbolera.com.ar\/#\/schema\/logo\/image\/\"}},{\"@type\":\"Person\",\"@id\":\"https:\/\/lapatriafutbolera.com.ar\/#\/schema\/person\/eb56fb3a7e76133611d5b2d9f706bd97\",\"name\":\"Redacci\u00f3n LPF\",\"image\":{\"@type\":\"ImageObject\",\"inLanguage\":\"es-AR\",\"@id\":\"https:\/\/lapatriafutbolera.com.ar\/#\/schema\/person\/image\/\",\"url\":\"https:\/\/secure.gravatar.com\/avatar\/57dc12e3750972170624cd118ca21d4157841e9e7b211e6dfe7a00b61088d285?s=96&d=mm&r=g\",\"contentUrl\":\"https:\/\/secure.gravatar.com\/avatar\/57dc12e3750972170624cd118ca21d4157841e9e7b211e6dfe7a00b61088d285?s=96&d=mm&r=g\",\"caption\":\"Redacci\u00f3n LPF\"},\"sameAs\":[\"http:\/\/lapatriafutbolera.com.ar\"],\"url\":\"https:\/\/lapatriafutbolera.com.ar\/index.php\/author\/redaccion-lpf\/\"}]}<\/script>\n<!-- \/ Yoast SEO plugin. -->","yoast_head_json":{"title":"Los Pr\u00edncipes de Persia van por su sue\u00f1o - LA PATRIA FUTBOLERA","robots":{"index":"index","follow":"follow","max-snippet":"max-snippet:-1","max-image-preview":"max-image-preview:large","max-video-preview":"max-video-preview:-1"},"canonical":"https:\/\/lapatriafutbolera.com.ar\/index.php\/2022\/11\/14\/los-principes-de-persia-van-por-su-sueno\/","og_locale":"es_ES","og_type":"article","og_title":"Los Pr\u00edncipes de Persia van por su sue\u00f1o - LA PATRIA FUTBOLERA","og_description":"Este domingo, Carlos Queiroz revel\u00f3 la n\u00f3mina de todos los futbolistas que representar\u00e1n al la...","og_url":"https:\/\/lapatriafutbolera.com.ar\/index.php\/2022\/11\/14\/los-principes-de-persia-van-por-su-sueno\/","og_site_name":"LA PATRIA FUTBOLERA","article_published_time":"2022-11-14T18:34:26+00:00","article_modified_time":"2022-11-18T12:03:24+00:00","og_image":[{"width":275,"height":183,"url":"https:\/\/lapatriafutbolera.com.ar\/wp-content\/uploads\/2022\/11\/iran-en-qatar.jpg","type":"image\/jpeg"}],"author":"Redacci\u00f3n LPF","twitter_card":"summary_large_image","twitter_misc":{"Escrito por":"Redacci\u00f3n LPF","Tiempo de lectura":"2 minutos"},"schema":{"@context":"https:\/\/schema.org","@graph":[{"@type":"Article","@id":"https:\/\/lapatriafutbolera.com.ar\/index.php\/2022\/11\/14\/los-principes-de-persia-van-por-su-sueno\/#article","isPartOf":{"@id":"https:\/\/lapatriafutbolera.com.ar\/index.php\/2022\/11\/14\/los-principes-de-persia-van-por-su-sueno\/"},"author":{"name":"Redacci\u00f3n LPF","@id":"https:\/\/lapatriafutbolera.com.ar\/#\/schema\/person\/eb56fb3a7e76133611d5b2d9f706bd97"},"headline":"Los Pr\u00edncipes de Persia van por su sue\u00f1o","datePublished":"2022-11-14T18:34:26+00:00","dateModified":"2022-11-18T12:03:24+00:00","mainEntityOfPage":{"@id":"https:\/\/lapatriafutbolera.com.ar\/index.php\/2022\/11\/14\/los-principes-de-persia-van-por-su-sueno\/"},"wordCount":204,"commentCount":0,"publisher":{"@id":"https:\/\/lapatriafutbolera.com.ar\/#organization"},"articleSection":["Grupo B","Iran","Qatar 2022"],"inLanguage":"es-AR","potentialAction":[{"@type":"CommentAction","name":"Comment","target":["https:\/\/lapatriafutbolera.com.ar\/index.php\/2022\/11\/14\/los-principes-de-persia-van-por-su-sueno\/#respond"]}]},{"@type":"WebPage","@id":"https:\/\/lapatriafutbolera.com.ar\/index.php\/2022\/11\/14\/los-principes-de-persia-van-por-su-sueno\/","url":"https:\/\/lapatriafutbolera.com.ar\/index.php\/2022\/11\/14\/los-principes-de-persia-van-por-su-sueno\/","name":"Los Pr\u00edncipes de Persia van por su sue\u00f1o - LA PATRIA FUTBOLERA","isPartOf":{"@id":"https:\/\/lapatriafutbolera.com.ar\/#website"},"datePublished":"2022-11-14T18:34:26+00:00","dateModified":"2022-11-18T12:03:24+00:00","breadcrumb":{"@id":"https:\/\/lapatriafutbolera.com.ar\/index.php\/2022\/11\/14\/los-principes-de-persia-van-por-su-sueno\/#breadcrumb"},"inLanguage":"es-AR","potentialAction":[{"@type":"ReadAction","target":["https:\/\/lapatriafutbolera.com.ar\/index.php\/2022\/11\/14\/los-principes-de-persia-van-por-su-sueno\/"]}]},{"@type":"BreadcrumbList","@id":"https:\/\/lapatriafutbolera.com.ar\/index.php\/2022\/11\/14\/los-principes-de-persia-van-por-su-sueno\/#breadcrumb","itemListElement":[{"@type":"ListItem","position":1,"name":"Inicio","item":"https:\/\/lapatriafutbolera.com.ar\/"},{"@type":"ListItem","position":2,"name":"Los Pr\u00edncipes de Persia van por su sue\u00f1o"}]},{"@type":"WebSite","@id":"https:\/\/lapatriafutbolera.com.ar\/#website","url":"https:\/\/lapatriafutbolera.com.ar\/","name":"LA PATRIA FUTBOLERA","description":"","publisher":{"@id":"https:\/\/lapatriafutbolera.com.ar\/#organization"},"potentialAction":[{"@type":"SearchAction","target":{"@type":"EntryPoint","urlTemplate":"https:\/\/lapatriafutbolera.com.ar\/?s={search_term_string}"},"query-input":"required name=search_term_string"}],"inLanguage":"es-AR"},{"@type":"Organization","@id":"https:\/\/lapatriafutbolera.com.ar\/#organization","name":"LA PATRIA FUTBOLERA","url":"https:\/\/lapatriafutbolera.com.ar\/","sameAs":[],"logo":{"@type":"ImageObject","inLanguage":"es-AR","@id":"https:\/\/lapatriafutbolera.com.ar\/#\/schema\/logo\/image\/","url":"https:\/\/lapatriafutbolera.com.ar\/wp-content\/uploads\/2025\/03\/cropped-LA-PATRIA-14.jpg","contentUrl":"https:\/\/lapatriafutbolera.com.ar\/wp-content\/uploads\/2025\/03\/cropped-LA-PATRIA-14.jpg","width":1308,"height":221,"caption":"LA PATRIA FUTBOLERA"},"image":{"@id":"https:\/\/lapatriafutbolera.com.ar\/#\/schema\/logo\/image\/"}},{"@type":"Person","@id":"https:\/\/lapatriafutbolera.com.ar\/#\/schema\/person\/eb56fb3a7e76133611d5b2d9f706bd97","name":"Redacci\u00f3n LPF","image":{"@type":"ImageObject","inLanguage":"es-AR","@id":"https:\/\/lapatriafutbolera.com.ar\/#\/schema\/person\/image\/","url":"https:\/\/secure.gravatar.com\/avatar\/57dc12e3750972170624cd118ca21d4157841e9e7b211e6dfe7a00b61088d285?s=96&d=mm&r=g","contentUrl":"https:\/\/secure.gravatar.com\/avatar\/57dc12e3750972170624cd118ca21d4157841e9e7b211e6dfe7a00b61088d285?s=96&d=mm&r=g","caption":"Redacci\u00f3n LPF"},"sameAs":["http:\/\/lapatriafutbolera.com.ar"],"url":"https:\/\/lapatriafutbolera.com.ar\/index.php\/author\/redaccion-lpf\/"}]}},"_links":{"self":[{"href":"https:\/\/lapatriafutbolera.com.ar\/index.php\/wp-json\/wp\/v2\/posts\/771","targetHints":{"allow":["GET"]}}],"collection":[{"href":"https:\/\/lapatriafutbolera.com.ar\/index.php\/wp-json\/wp\/v2\/posts"}],"about":[{"href":"https:\/\/lapatriafutbolera.com.ar\/index.php\/wp-json\/wp\/v2\/types\/post"}],"author":[{"embeddable":true,"href":"https:\/\/lapatriafutbolera.com.ar\/index.php\/wp-json\/wp\/v2\/users\/4"}],"replies":[{"embeddable":true,"href":"https:\/\/lapatriafutbolera.com.ar\/index.php\/wp-json\/wp\/v2\/comments?post=771"}],"version-history":[{"count":2,"href":"https:\/\/lapatriafutbolera.com.ar\/index.php\/wp-json\/wp\/v2\/posts\/771\/revisions"}],"predecessor-version":[{"id":776,"href":"https:\/\/lapatriafutbolera.com.ar\/index.php\/wp-json\/wp\/v2\/posts\/771\/revisions\/776"}],"wp:featuredmedia":[{"embeddable":true,"href":"https:\/\/lapatriafutbolera.com.ar\/index.php\/wp-json\/wp\/v2\/media\/775"}],"wp:attachment":[{"href":"https:\/\/lapatriafutbolera.com.ar\/index.php\/wp-json\/wp\/v2\/media?parent=771"}],"wp:term":[{"taxonomy":"category","embeddable":true,"href":"https:\/\/lapatriafutbolera.com.ar\/index.php\/wp-json\/wp\/v2\/categories?post=771"},{"taxonomy":"post_tag","embeddable":true,"href":"https:\/\/lapatriafutbolera.com.ar\/index.php\/wp-json\/wp\/v2\/tags?post=771"}],"curies":[{"name":"wp","href":"https:\/\/api.w.org\/{rel}","templated":true}]}}