{"id":793,"date":"2022-11-14T15:38:04","date_gmt":"2022-11-14T18:38:04","guid":{"rendered":"https:\/\/lapatriafutbolera.com.ar\/?p=793"},"modified":"2022-11-18T09:02:44","modified_gmt":"2022-11-18T12:02:44","slug":"las-aguilas-blancas-quieren-volar-alto-en-qatar","status":"publish","type":"post","link":"https:\/\/lapatriafutbolera.com.ar\/index.php\/2022\/11\/14\/las-aguilas-blancas-quieren-volar-alto-en-qatar\/","title":{"rendered":"Las Aguilas Blancas quieren volar alto en Qatar"},"content":{"rendered":"\n<p><strong><a href=\"https:\/\/www.transfermarkt.com.ar\/dragan-stojkovic\/profil\/trainer\/5528\">Dragan Stojkovi\u0107<\/a><\/strong>\u00a0revel\u00f3 la n\u00f3mina de todos los futbolistas que representar\u00e1n al combinado europeo en la Copa del Mundo, en la cual integrar\u00e1 el\u00a0<strong>Grupo G\u00a0<\/strong>junto a\u00a0<strong>Brasil<\/strong>,\u00a0<strong>Suiza\u00a0<\/strong>y\u00a0<strong>Camer\u00fan<\/strong>.<\/p>\n\n\n<div class=\"wp-block-image\">\n<figure class=\"aligncenter is-resized\"><img loading=\"lazy\" decoding=\"async\" src=\"https:\/\/media.tycsports.com\/files\/2022\/11\/11\/503738\/serbia-lista-de-convocados-para-el-mundial-de-qatar-2022_w416.webp\" alt=\"Serbia - lista de convocados para el Mundial de Qatar 2022\" width=\"683\" height=\"855\" title=\"Serbia - lista de convocados para el Mundial de Qatar 2022\"\/><\/figure>\n<\/div>\n\n\n<h2 class=\"wp-block-heading\">Arqueros<\/h2>\n\n\n\n<ul class=\"wp-block-list\">\n<li><a href=\"https:\/\/www.transfermarkt.com.ar\/marko-dmitrovi%C4%87\/profil\/spieler\/94308\">Marko\u00a0<strong>Dmitrovi\u0107\u00a0<\/strong>(Sevilla)<\/a><\/li>\n\n\n\n<li><a href=\"https:\/\/www.transfermarkt.com.ar\/predrag-rajkovi%C4%87\/profil\/spieler\/190263\">Predrag\u00a0<strong>Rajkovi\u0107<\/strong>\u00a0(Mallorca)<\/a><\/li>\n\n\n\n<li><a href=\"https:\/\/www.transfermarkt.com\/vanja-milinkovi%C4%87-savi%C4%87\/profil\/spieler\/257474\">Vanja\u00a0<strong>Milinkovi\u0107-Savi\u0107<\/strong>\u00a0(Torino)<\/a><\/li>\n<\/ul>\n\n\n\n<h2 class=\"wp-block-heading\">Defensores<\/h2>\n\n\n\n<ul class=\"wp-block-list\">\n<li><a href=\"https:\/\/www.transfermarkt.com\/vanja-milinkovi%C4%87-savi%C4%87\/profil\/spieler\/257474\">Stefan\u00a0<strong>Mitrovi\u0107<\/strong>\u00a0(Getafe)<\/a><\/li>\n\n\n\n<li><a href=\"https:\/\/www.transfermarkt.com.ar\/nikola-milenkovi%C4%87\/profil\/spieler\/413507\">Nikola\u00a0<strong>Milenkovi\u0107\u00a0<\/strong>(Fiorentina)<\/a><\/li>\n\n\n\n<li><a href=\"https:\/\/www.transfermarkt.com.ar\/strahinja-pavlovic\/profil\/spieler\/574671\">Strahinja\u00a0<strong>Pavlovi\u0107<\/strong>\u00a0(Salzburgo)<\/a><\/li>\n\n\n\n<li><a href=\"https:\/\/www.transfermarkt.com.ar\/milo-scaron-veljkovi%C4%87\/profil\/spieler\/202228\">Milo\u0161\u00a0<strong>Veljkovi\u0107\u00a0<\/strong>(Werder Bremen)<\/a><\/li>\n\n\n\n<li><a href=\"https:\/\/www.transfermarkt.com.ar\/filip-mladenovic\/profil\/spieler\/168063\">Filip\u00a0<strong>Mladenovi\u0107<\/strong>\u00a0(Legia Varsovia)<\/a><\/li>\n\n\n\n<li><a href=\"https:\/\/www.transfermarkt.com.ar\/filip-mladenovic\/profil\/spieler\/168063\">Strahinja\u00a0<strong>Erakovi\u0107<\/strong>\u00a0(Estrella Roja) <\/a><\/li>\n\n\n\n<li><a href=\"https:\/\/www.transfermarkt.com.ar\/srdjan-babic\/profil\/spieler\/222805\">Sr\u0111an\u00a0<strong>Babi\u0107<\/strong>\u00a0(Almeria)<\/a><\/li>\n<\/ul>\n\n\n\n<h2 class=\"wp-block-heading\">Mediocampistas<\/h2>\n\n\n\n<ul class=\"wp-block-list\">\n<li><a href=\"https:\/\/www.transfermarkt.com.ar\/nemanja-gudelj\/profil\/spieler\/74294\">Nemanja\u00a0<strong>Gudelj\u00a0<\/strong>(Sevilla)<\/a><\/li>\n\n\n\n<li><a href=\"https:\/\/www.transfermarkt.com\/sergej-milinkovi%C4%87-savi%C4%87\/profil\/spieler\/266302\">Sergej\u00a0<strong>Milinkovi\u0107-Savi\u0107<\/strong>\u00a0(Lazio)<\/a><\/li>\n\n\n\n<li><a href=\"https:\/\/www.transfermarkt.com.ar\/sa-scaron-a-luki%C4%87\/profil\/spieler\/245056\">Sa\u0161a\u00a0<strong>Luki\u0107<\/strong>\u00a0(Torino)<\/a><\/li>\n\n\n\n<li><a href=\"https:\/\/www.transfermarkt.com.ar\/marko-gruji%C4%87\/profil\/spieler\/222813\">Marko\u00a0<strong>Gruji\u0107<\/strong>\u00a0(Porto)<\/a><\/li>\n\n\n\n<li><a href=\"https:\/\/www.transfermarkt.com.ar\/filip-kosti%C4%87\/profil\/spieler\/161011\">Filip\u00a0<strong>Kosti\u0107\u00a0<\/strong>(Juventus)<\/a><\/li>\n\n\n\n<li><a href=\"https:\/\/www.transfermarkt.com.ar\/uro-scaron-ra%C4%8Di%C4%87\/profil\/spieler\/417575\">Uro\u0161\u00a0<strong>Ra\u010di\u0107<\/strong>\u00a0(Braga)<\/a><\/li>\n\n\n\n<li><a href=\"https:\/\/www.transfermarkt.com.ar\/nemanja-maksimovi%C4%87\/profil\/spieler\/273152\">Nemanja\u00a0<strong>Maksimovi\u0107\u00a0<\/strong>(Getafe)<\/a><\/li>\n\n\n\n<li><a href=\"https:\/\/www.transfermarkt.es\/ivan-ilic\/profil\/spieler\/470794\">Ivan\u00a0<strong>Ili\u0107\u00a0<\/strong>(Hellas Verona)<\/a><\/li>\n\n\n\n<li><a href=\"https:\/\/www.transfermarkt.com.ar\/andrija-zivkovic\/profil\/spieler\/206843\">Andrija\u00a0<strong>\u017divkovi\u0107\u00a0<\/strong>(PAOK Salonicco)<\/a><\/li>\n\n\n\n<li><a href=\"https:\/\/www.transfermarkt.com.ar\/darko-lazovi%C4%87\/profil\/spieler\/70411\">Darko\u00a0<strong>Lazovi\u0107\u00a0<\/strong>(Hellas Verona)<\/a><\/li>\n<\/ul>\n\n\n\n<h2 class=\"wp-block-heading\">Delanteros <\/h2>\n\n\n\n<ul class=\"wp-block-list\">\n<li><a href=\"https:\/\/www.transfermarkt.com.ar\/dusan-tadi%C4%87\/profil\/spieler\/36139\">Du\u0161an\u00a0<strong>Tadi\u0107\u00a0<\/strong>(Ajax)<\/a><\/li>\n\n\n\n<li><a href=\"https:\/\/www.transfermarkt.com.ar\/aleksandar-mitrovi%C4%87\/profil\/spieler\/51152\">Aleksandar\u00a0<strong>Mitrovi\u0107<\/strong>\u00a0(Fulham)<\/a><\/li>\n\n\n\n<li><a href=\"https:\/\/www.transfermarkt.com.ar\/du-scaron-an-vlahovi%C4%87\/profil\/spieler\/357498\">Du\u0161an\u00a0<strong>Vlahovi\u0107<\/strong>\u00a0(Juventus)<\/a><\/li>\n\n\n\n<li><a href=\"https:\/\/www.transfermarkt.com.ar\/filip-djuricic\/profil\/spieler\/94307\">Filip\u00a0<strong>\u0110uri\u010di\u0107<\/strong>\u00a0(Sampdoria)<\/a><\/li>\n\n\n\n<li><a href=\"https:\/\/www.transfermarkt.com.ar\/luka-jovi%C4%87\/profil\/spieler\/257462\">Luka\u00a0<strong>Jovi\u0107<\/strong>\u00a0(Fiorentina)<\/a><\/li>\n\n\n\n<li><a href=\"https:\/\/www.transfermarkt.com.ar\/nemanja-radonji%C4%87\/profil\/spieler\/245078\">Nemanja\u00a0<strong>Radonji\u0107\u00a0<\/strong>(Torino)<\/a><\/li>\n<\/ul>\n","protected":false},"excerpt":{"rendered":"<p>Dragan Stojkovi\u0107\u00a0revel\u00f3 la n\u00f3mina de todos los futbolistas que representar\u00e1n al combinado europeo en la&#8230;<\/p>\n","protected":false},"author":4,"featured_media":794,"comment_status":"open","ping_status":"open","sticky":false,"template":"","format":"standard","meta":{"footnotes":""},"categories":[29,17,56],"tags":[],"class_list":["post-793","post","type-post","status-publish","format-standard","has-post-thumbnail","hentry","category-grupo-g","category-qatar-2022","category-serbia"],"yoast_head":"<!-- This site is optimized with the Yoast SEO plugin v19.5.1 - https:\/\/yoast.com\/wordpress\/plugins\/seo\/ -->\n<title>Las Aguilas Blancas quieren volar alto en Qatar - LA PATRIA FUTBOLERA<\/title>\n<meta name=\"robots\" content=\"index, follow, max-snippet:-1, max-image-preview:large, max-video-preview:-1\" \/>\n<link rel=\"canonical\" href=\"https:\/\/lapatriafutbolera.com.ar\/index.php\/2022\/11\/14\/las-aguilas-blancas-quieren-volar-alto-en-qatar\/\" \/>\n<meta property=\"og:locale\" content=\"es_ES\" \/>\n<meta property=\"og:type\" content=\"article\" \/>\n<meta property=\"og:title\" content=\"Las Aguilas Blancas quieren volar alto en Qatar - LA PATRIA FUTBOLERA\" \/>\n<meta property=\"og:description\" content=\"Dragan Stojkovi\u0107\u00a0revel\u00f3 la n\u00f3mina de todos los futbolistas que representar\u00e1n al combinado europeo en la...\" \/>\n<meta property=\"og:url\" content=\"https:\/\/lapatriafutbolera.com.ar\/index.php\/2022\/11\/14\/las-aguilas-blancas-quieren-volar-alto-en-qatar\/\" \/>\n<meta property=\"og:site_name\" content=\"LA PATRIA FUTBOLERA\" \/>\n<meta property=\"article:published_time\" content=\"2022-11-14T18:38:04+00:00\" \/>\n<meta property=\"article:modified_time\" content=\"2022-11-18T12:02:44+00:00\" \/>\n<meta property=\"og:image\" content=\"https:\/\/lapatriafutbolera.com.ar\/wp-content\/uploads\/2022\/11\/Serbia-1.jpg\" \/>\n\t<meta property=\"og:image:width\" content=\"1200\" \/>\n\t<meta property=\"og:image:height\" content=\"630\" \/>\n\t<meta property=\"og:image:type\" content=\"image\/jpeg\" \/>\n<meta name=\"author\" content=\"Redacci\u00f3n LPF\" \/>\n<meta name=\"twitter:card\" content=\"summary_large_image\" \/>\n<meta name=\"twitter:label1\" content=\"Escrito por\" \/>\n\t<meta name=\"twitter:data1\" content=\"Redacci\u00f3n LPF\" \/>\n\t<meta name=\"twitter:label2\" content=\"Tiempo de lectura\" \/>\n\t<meta name=\"twitter:data2\" content=\"1 minuto\" \/>\n<script type=\"application\/ld+json\" class=\"yoast-schema-graph\">{\"@context\":\"https:\/\/schema.org\",\"@graph\":[{\"@type\":\"Article\",\"@id\":\"https:\/\/lapatriafutbolera.com.ar\/index.php\/2022\/11\/14\/las-aguilas-blancas-quieren-volar-alto-en-qatar\/#article\",\"isPartOf\":{\"@id\":\"https:\/\/lapatriafutbolera.com.ar\/index.php\/2022\/11\/14\/las-aguilas-blancas-quieren-volar-alto-en-qatar\/\"},\"author\":{\"name\":\"Redacci\u00f3n LPF\",\"@id\":\"https:\/\/lapatriafutbolera.com.ar\/#\/schema\/person\/eb56fb3a7e76133611d5b2d9f706bd97\"},\"headline\":\"Las Aguilas Blancas quieren volar alto en Qatar\",\"datePublished\":\"2022-11-14T18:38:04+00:00\",\"dateModified\":\"2022-11-18T12:02:44+00:00\",\"mainEntityOfPage\":{\"@id\":\"https:\/\/lapatriafutbolera.com.ar\/index.php\/2022\/11\/14\/las-aguilas-blancas-quieren-volar-alto-en-qatar\/\"},\"wordCount\":139,\"commentCount\":0,\"publisher\":{\"@id\":\"https:\/\/lapatriafutbolera.com.ar\/#organization\"},\"articleSection\":[\"Grupo G\",\"Qatar 2022\",\"Serbia\"],\"inLanguage\":\"es-AR\",\"potentialAction\":[{\"@type\":\"CommentAction\",\"name\":\"Comment\",\"target\":[\"https:\/\/lapatriafutbolera.com.ar\/index.php\/2022\/11\/14\/las-aguilas-blancas-quieren-volar-alto-en-qatar\/#respond\"]}]},{\"@type\":\"WebPage\",\"@id\":\"https:\/\/lapatriafutbolera.com.ar\/index.php\/2022\/11\/14\/las-aguilas-blancas-quieren-volar-alto-en-qatar\/\",\"url\":\"https:\/\/lapatriafutbolera.com.ar\/index.php\/2022\/11\/14\/las-aguilas-blancas-quieren-volar-alto-en-qatar\/\",\"name\":\"Las Aguilas Blancas quieren volar alto en Qatar - LA PATRIA FUTBOLERA\",\"isPartOf\":{\"@id\":\"https:\/\/lapatriafutbolera.com.ar\/#website\"},\"datePublished\":\"2022-11-14T18:38:04+00:00\",\"dateModified\":\"2022-11-18T12:02:44+00:00\",\"breadcrumb\":{\"@id\":\"https:\/\/lapatriafutbolera.com.ar\/index.php\/2022\/11\/14\/las-aguilas-blancas-quieren-volar-alto-en-qatar\/#breadcrumb\"},\"inLanguage\":\"es-AR\",\"potentialAction\":[{\"@type\":\"ReadAction\",\"target\":[\"https:\/\/lapatriafutbolera.com.ar\/index.php\/2022\/11\/14\/las-aguilas-blancas-quieren-volar-alto-en-qatar\/\"]}]},{\"@type\":\"BreadcrumbList\",\"@id\":\"https:\/\/lapatriafutbolera.com.ar\/index.php\/2022\/11\/14\/las-aguilas-blancas-quieren-volar-alto-en-qatar\/#breadcrumb\",\"itemListElement\":[{\"@type\":\"ListItem\",\"position\":1,\"name\":\"Inicio\",\"item\":\"https:\/\/lapatriafutbolera.com.ar\/\"},{\"@type\":\"ListItem\",\"position\":2,\"name\":\"Las Aguilas Blancas quieren volar alto en Qatar\"}]},{\"@type\":\"WebSite\",\"@id\":\"https:\/\/lapatriafutbolera.com.ar\/#website\",\"url\":\"https:\/\/lapatriafutbolera.com.ar\/\",\"name\":\"LA PATRIA FUTBOLERA\",\"description\":\"\",\"publisher\":{\"@id\":\"https:\/\/lapatriafutbolera.com.ar\/#organization\"},\"potentialAction\":[{\"@type\":\"SearchAction\",\"target\":{\"@type\":\"EntryPoint\",\"urlTemplate\":\"https:\/\/lapatriafutbolera.com.ar\/?s={search_term_string}\"},\"query-input\":\"required name=search_term_string\"}],\"inLanguage\":\"es-AR\"},{\"@type\":\"Organization\",\"@id\":\"https:\/\/lapatriafutbolera.com.ar\/#organization\",\"name\":\"LA PATRIA FUTBOLERA\",\"url\":\"https:\/\/lapatriafutbolera.com.ar\/\",\"sameAs\":[],\"logo\":{\"@type\":\"ImageObject\",\"inLanguage\":\"es-AR\",\"@id\":\"https:\/\/lapatriafutbolera.com.ar\/#\/schema\/logo\/image\/\",\"url\":\"https:\/\/lapatriafutbolera.com.ar\/wp-content\/uploads\/2025\/03\/cropped-LA-PATRIA-14.jpg\",\"contentUrl\":\"https:\/\/lapatriafutbolera.com.ar\/wp-content\/uploads\/2025\/03\/cropped-LA-PATRIA-14.jpg\",\"width\":1308,\"height\":221,\"caption\":\"LA PATRIA FUTBOLERA\"},\"image\":{\"@id\":\"https:\/\/lapatriafutbolera.com.ar\/#\/schema\/logo\/image\/\"}},{\"@type\":\"Person\",\"@id\":\"https:\/\/lapatriafutbolera.com.ar\/#\/schema\/person\/eb56fb3a7e76133611d5b2d9f706bd97\",\"name\":\"Redacci\u00f3n LPF\",\"image\":{\"@type\":\"ImageObject\",\"inLanguage\":\"es-AR\",\"@id\":\"https:\/\/lapatriafutbolera.com.ar\/#\/schema\/person\/image\/\",\"url\":\"https:\/\/secure.gravatar.com\/avatar\/57dc12e3750972170624cd118ca21d4157841e9e7b211e6dfe7a00b61088d285?s=96&d=mm&r=g\",\"contentUrl\":\"https:\/\/secure.gravatar.com\/avatar\/57dc12e3750972170624cd118ca21d4157841e9e7b211e6dfe7a00b61088d285?s=96&d=mm&r=g\",\"caption\":\"Redacci\u00f3n LPF\"},\"sameAs\":[\"http:\/\/lapatriafutbolera.com.ar\"],\"url\":\"https:\/\/lapatriafutbolera.com.ar\/index.php\/author\/redaccion-lpf\/\"}]}<\/script>\n<!-- \/ Yoast SEO plugin. -->","yoast_head_json":{"title":"Las Aguilas Blancas quieren volar alto en Qatar - LA PATRIA FUTBOLERA","robots":{"index":"index","follow":"follow","max-snippet":"max-snippet:-1","max-image-preview":"max-image-preview:large","max-video-preview":"max-video-preview:-1"},"canonical":"https:\/\/lapatriafutbolera.com.ar\/index.php\/2022\/11\/14\/las-aguilas-blancas-quieren-volar-alto-en-qatar\/","og_locale":"es_ES","og_type":"article","og_title":"Las Aguilas Blancas quieren volar alto en Qatar - LA PATRIA FUTBOLERA","og_description":"Dragan Stojkovi\u0107\u00a0revel\u00f3 la n\u00f3mina de todos los futbolistas que representar\u00e1n al combinado europeo en la...","og_url":"https:\/\/lapatriafutbolera.com.ar\/index.php\/2022\/11\/14\/las-aguilas-blancas-quieren-volar-alto-en-qatar\/","og_site_name":"LA PATRIA FUTBOLERA","article_published_time":"2022-11-14T18:38:04+00:00","article_modified_time":"2022-11-18T12:02:44+00:00","og_image":[{"width":1200,"height":630,"url":"https:\/\/lapatriafutbolera.com.ar\/wp-content\/uploads\/2022\/11\/Serbia-1.jpg","type":"image\/jpeg"}],"author":"Redacci\u00f3n LPF","twitter_card":"summary_large_image","twitter_misc":{"Escrito por":"Redacci\u00f3n LPF","Tiempo de lectura":"1 minuto"},"schema":{"@context":"https:\/\/schema.org","@graph":[{"@type":"Article","@id":"https:\/\/lapatriafutbolera.com.ar\/index.php\/2022\/11\/14\/las-aguilas-blancas-quieren-volar-alto-en-qatar\/#article","isPartOf":{"@id":"https:\/\/lapatriafutbolera.com.ar\/index.php\/2022\/11\/14\/las-aguilas-blancas-quieren-volar-alto-en-qatar\/"},"author":{"name":"Redacci\u00f3n LPF","@id":"https:\/\/lapatriafutbolera.com.ar\/#\/schema\/person\/eb56fb3a7e76133611d5b2d9f706bd97"},"headline":"Las Aguilas Blancas quieren volar alto en Qatar","datePublished":"2022-11-14T18:38:04+00:00","dateModified":"2022-11-18T12:02:44+00:00","mainEntityOfPage":{"@id":"https:\/\/lapatriafutbolera.com.ar\/index.php\/2022\/11\/14\/las-aguilas-blancas-quieren-volar-alto-en-qatar\/"},"wordCount":139,"commentCount":0,"publisher":{"@id":"https:\/\/lapatriafutbolera.com.ar\/#organization"},"articleSection":["Grupo G","Qatar 2022","Serbia"],"inLanguage":"es-AR","potentialAction":[{"@type":"CommentAction","name":"Comment","target":["https:\/\/lapatriafutbolera.com.ar\/index.php\/2022\/11\/14\/las-aguilas-blancas-quieren-volar-alto-en-qatar\/#respond"]}]},{"@type":"WebPage","@id":"https:\/\/lapatriafutbolera.com.ar\/index.php\/2022\/11\/14\/las-aguilas-blancas-quieren-volar-alto-en-qatar\/","url":"https:\/\/lapatriafutbolera.com.ar\/index.php\/2022\/11\/14\/las-aguilas-blancas-quieren-volar-alto-en-qatar\/","name":"Las Aguilas Blancas quieren volar alto en Qatar - LA PATRIA FUTBOLERA","isPartOf":{"@id":"https:\/\/lapatriafutbolera.com.ar\/#website"},"datePublished":"2022-11-14T18:38:04+00:00","dateModified":"2022-11-18T12:02:44+00:00","breadcrumb":{"@id":"https:\/\/lapatriafutbolera.com.ar\/index.php\/2022\/11\/14\/las-aguilas-blancas-quieren-volar-alto-en-qatar\/#breadcrumb"},"inLanguage":"es-AR","potentialAction":[{"@type":"ReadAction","target":["https:\/\/lapatriafutbolera.com.ar\/index.php\/2022\/11\/14\/las-aguilas-blancas-quieren-volar-alto-en-qatar\/"]}]},{"@type":"BreadcrumbList","@id":"https:\/\/lapatriafutbolera.com.ar\/index.php\/2022\/11\/14\/las-aguilas-blancas-quieren-volar-alto-en-qatar\/#breadcrumb","itemListElement":[{"@type":"ListItem","position":1,"name":"Inicio","item":"https:\/\/lapatriafutbolera.com.ar\/"},{"@type":"ListItem","position":2,"name":"Las Aguilas Blancas quieren volar alto en Qatar"}]},{"@type":"WebSite","@id":"https:\/\/lapatriafutbolera.com.ar\/#website","url":"https:\/\/lapatriafutbolera.com.ar\/","name":"LA PATRIA FUTBOLERA","description":"","publisher":{"@id":"https:\/\/lapatriafutbolera.com.ar\/#organization"},"potentialAction":[{"@type":"SearchAction","target":{"@type":"EntryPoint","urlTemplate":"https:\/\/lapatriafutbolera.com.ar\/?s={search_term_string}"},"query-input":"required name=search_term_string"}],"inLanguage":"es-AR"},{"@type":"Organization","@id":"https:\/\/lapatriafutbolera.com.ar\/#organization","name":"LA PATRIA FUTBOLERA","url":"https:\/\/lapatriafutbolera.com.ar\/","sameAs":[],"logo":{"@type":"ImageObject","inLanguage":"es-AR","@id":"https:\/\/lapatriafutbolera.com.ar\/#\/schema\/logo\/image\/","url":"https:\/\/lapatriafutbolera.com.ar\/wp-content\/uploads\/2025\/03\/cropped-LA-PATRIA-14.jpg","contentUrl":"https:\/\/lapatriafutbolera.com.ar\/wp-content\/uploads\/2025\/03\/cropped-LA-PATRIA-14.jpg","width":1308,"height":221,"caption":"LA PATRIA FUTBOLERA"},"image":{"@id":"https:\/\/lapatriafutbolera.com.ar\/#\/schema\/logo\/image\/"}},{"@type":"Person","@id":"https:\/\/lapatriafutbolera.com.ar\/#\/schema\/person\/eb56fb3a7e76133611d5b2d9f706bd97","name":"Redacci\u00f3n LPF","image":{"@type":"ImageObject","inLanguage":"es-AR","@id":"https:\/\/lapatriafutbolera.com.ar\/#\/schema\/person\/image\/","url":"https:\/\/secure.gravatar.com\/avatar\/57dc12e3750972170624cd118ca21d4157841e9e7b211e6dfe7a00b61088d285?s=96&d=mm&r=g","contentUrl":"https:\/\/secure.gravatar.com\/avatar\/57dc12e3750972170624cd118ca21d4157841e9e7b211e6dfe7a00b61088d285?s=96&d=mm&r=g","caption":"Redacci\u00f3n LPF"},"sameAs":["http:\/\/lapatriafutbolera.com.ar"],"url":"https:\/\/lapatriafutbolera.com.ar\/index.php\/author\/redaccion-lpf\/"}]}},"_links":{"self":[{"href":"https:\/\/lapatriafutbolera.com.ar\/index.php\/wp-json\/wp\/v2\/posts\/793","targetHints":{"allow":["GET"]}}],"collection":[{"href":"https:\/\/lapatriafutbolera.com.ar\/index.php\/wp-json\/wp\/v2\/posts"}],"about":[{"href":"https:\/\/lapatriafutbolera.com.ar\/index.php\/wp-json\/wp\/v2\/types\/post"}],"author":[{"embeddable":true,"href":"https:\/\/lapatriafutbolera.com.ar\/index.php\/wp-json\/wp\/v2\/users\/4"}],"replies":[{"embeddable":true,"href":"https:\/\/lapatriafutbolera.com.ar\/index.php\/wp-json\/wp\/v2\/comments?post=793"}],"version-history":[{"count":1,"href":"https:\/\/lapatriafutbolera.com.ar\/index.php\/wp-json\/wp\/v2\/posts\/793\/revisions"}],"predecessor-version":[{"id":795,"href":"https:\/\/lapatriafutbolera.com.ar\/index.php\/wp-json\/wp\/v2\/posts\/793\/revisions\/795"}],"wp:featuredmedia":[{"embeddable":true,"href":"https:\/\/lapatriafutbolera.com.ar\/index.php\/wp-json\/wp\/v2\/media\/794"}],"wp:attachment":[{"href":"https:\/\/lapatriafutbolera.com.ar\/index.php\/wp-json\/wp\/v2\/media?parent=793"}],"wp:term":[{"taxonomy":"category","embeddable":true,"href":"https:\/\/lapatriafutbolera.com.ar\/index.php\/wp-json\/wp\/v2\/categories?post=793"},{"taxonomy":"post_tag","embeddable":true,"href":"https:\/\/lapatriafutbolera.com.ar\/index.php\/wp-json\/wp\/v2\/tags?post=793"}],"curies":[{"name":"wp","href":"https:\/\/api.w.org\/{rel}","templated":true}]}}