{"id":895,"date":"2022-11-23T12:43:00","date_gmt":"2022-11-23T15:43:00","guid":{"rendered":"https:\/\/lapatriafutbolera.com.ar\/?p=895"},"modified":"2022-11-23T19:54:59","modified_gmt":"2022-11-23T22:54:59","slug":"la-disciplina-de-japon-pudo-mas-que-la-tradicion-mundialista-de-alemania","status":"publish","type":"post","link":"https:\/\/lapatriafutbolera.com.ar\/index.php\/2022\/11\/23\/la-disciplina-de-japon-pudo-mas-que-la-tradicion-mundialista-de-alemania\/","title":{"rendered":"La disciplina de Jap\u00f3n pudo mas que la tradici\u00f3n mundialista de Alemania"},"content":{"rendered":"\n<p>Al terminar el partido una multitud sali\u00f3 a celebrar la hist\u00f3rica victoria en un contexto de civismo y m\u00e1ximo respeto a las normas, sobre todo en las calles, lo que se evidenci\u00f3 en un curioso metraje, documentado por los medios de ese pa\u00eds en el<strong>&nbsp;famoso Cruce de Shibuya, uno de los sitios m\u00e1s emblem\u00e1ticos de Tokio<\/strong>&nbsp;y considerado el m\u00e1s transitado del planeta.<\/p>\n\n\n\n<p>Los hinchas, antes de atravesar la zona permitida para los peatones,<strong>\u00a0aguardaron a que el sem\u00e1foro vehicular pasara a rojo<\/strong>, con el fin de pasar sin mayores inconvenientes y desde all\u00ed celebrar, lejos de los festejos desaforados que normalmente se ven cuando los simpatizantes invaden las calles.<\/p>\n\n\n\n<p><strong>La selecci\u00f3n de Jap\u00f3n obtuvo una de sus victorias m\u00e1s importantes en los Mundiales<\/strong>, ya que tras perder 1-0 en la etapa inicial remontaron la adversidad y obtuvieron una sorpresiva victoria.<\/p>\n\n\n\n<p>Con los tantos de&nbsp;<strong>Ritsu D\u014dan<\/strong>&nbsp;(75\u2032) y&nbsp;<strong>Takuma Asano<\/strong>&nbsp;(83\u2032) el cuadro asi\u00e1tico se recuper\u00f3 y sorprendi\u00f3 a los alemanes para concretar una victoria que quedar\u00e1 grabada en la mente de los japoneses, una de las m\u00e1s recordada de su historia futbolera.<\/p>\n","protected":false},"excerpt":{"rendered":"<p>Al terminar el partido una multitud sali\u00f3 a celebrar la hist\u00f3rica victoria en un contexto&#8230;<\/p>\n","protected":false},"author":4,"featured_media":896,"comment_status":"open","ping_status":"open","sticky":false,"template":"","format":"standard","meta":{"footnotes":""},"categories":[49,27,50,17],"tags":[],"class_list":["post-895","post","type-post","status-publish","format-standard","has-post-thumbnail","hentry","category-alemania","category-grupo-e","category-japon","category-qatar-2022"],"yoast_head":"<!-- This site is optimized with the Yoast SEO plugin v19.5.1 - https:\/\/yoast.com\/wordpress\/plugins\/seo\/ -->\n<title>La disciplina de Jap\u00f3n pudo mas que la tradici\u00f3n mundialista de Alemania - LA PATRIA FUTBOLERA<\/title>\n<meta name=\"robots\" content=\"index, follow, max-snippet:-1, max-image-preview:large, max-video-preview:-1\" \/>\n<link rel=\"canonical\" href=\"https:\/\/lapatriafutbolera.com.ar\/index.php\/2022\/11\/23\/la-disciplina-de-japon-pudo-mas-que-la-tradicion-mundialista-de-alemania\/\" \/>\n<meta property=\"og:locale\" content=\"es_ES\" \/>\n<meta property=\"og:type\" content=\"article\" \/>\n<meta property=\"og:title\" content=\"La disciplina de Jap\u00f3n pudo mas que la tradici\u00f3n mundialista de Alemania - LA PATRIA FUTBOLERA\" \/>\n<meta property=\"og:description\" content=\"Al terminar el partido una multitud sali\u00f3 a celebrar la hist\u00f3rica victoria en un contexto...\" \/>\n<meta property=\"og:url\" content=\"https:\/\/lapatriafutbolera.com.ar\/index.php\/2022\/11\/23\/la-disciplina-de-japon-pudo-mas-que-la-tradicion-mundialista-de-alemania\/\" \/>\n<meta property=\"og:site_name\" content=\"LA PATRIA FUTBOLERA\" \/>\n<meta property=\"article:published_time\" content=\"2022-11-23T15:43:00+00:00\" \/>\n<meta property=\"article:modified_time\" content=\"2022-11-23T22:54:59+00:00\" \/>\n<meta property=\"og:image\" content=\"https:\/\/lapatriafutbolera.com.ar\/wp-content\/uploads\/2022\/11\/japon-alemania.jpg\" \/>\n\t<meta property=\"og:image:width\" content=\"1600\" \/>\n\t<meta property=\"og:image:height\" content=\"900\" \/>\n\t<meta property=\"og:image:type\" content=\"image\/jpeg\" \/>\n<meta name=\"author\" content=\"Redacci\u00f3n LPF\" \/>\n<meta name=\"twitter:card\" content=\"summary_large_image\" \/>\n<meta name=\"twitter:label1\" content=\"Escrito por\" \/>\n\t<meta name=\"twitter:data1\" content=\"Redacci\u00f3n LPF\" \/>\n\t<meta name=\"twitter:label2\" content=\"Tiempo de lectura\" \/>\n\t<meta name=\"twitter:data2\" content=\"1 minuto\" \/>\n<script type=\"application\/ld+json\" class=\"yoast-schema-graph\">{\"@context\":\"https:\/\/schema.org\",\"@graph\":[{\"@type\":\"Article\",\"@id\":\"https:\/\/lapatriafutbolera.com.ar\/index.php\/2022\/11\/23\/la-disciplina-de-japon-pudo-mas-que-la-tradicion-mundialista-de-alemania\/#article\",\"isPartOf\":{\"@id\":\"https:\/\/lapatriafutbolera.com.ar\/index.php\/2022\/11\/23\/la-disciplina-de-japon-pudo-mas-que-la-tradicion-mundialista-de-alemania\/\"},\"author\":{\"name\":\"Redacci\u00f3n LPF\",\"@id\":\"https:\/\/lapatriafutbolera.com.ar\/#\/schema\/person\/eb56fb3a7e76133611d5b2d9f706bd97\"},\"headline\":\"La disciplina de Jap\u00f3n pudo mas que la tradici\u00f3n mundialista de Alemania\",\"datePublished\":\"2022-11-23T15:43:00+00:00\",\"dateModified\":\"2022-11-23T22:54:59+00:00\",\"mainEntityOfPage\":{\"@id\":\"https:\/\/lapatriafutbolera.com.ar\/index.php\/2022\/11\/23\/la-disciplina-de-japon-pudo-mas-que-la-tradicion-mundialista-de-alemania\/\"},\"wordCount\":216,\"commentCount\":0,\"publisher\":{\"@id\":\"https:\/\/lapatriafutbolera.com.ar\/#organization\"},\"articleSection\":[\"Alemania\",\"Grupo E\",\"Jap\u00f3n\",\"Qatar 2022\"],\"inLanguage\":\"es-AR\",\"potentialAction\":[{\"@type\":\"CommentAction\",\"name\":\"Comment\",\"target\":[\"https:\/\/lapatriafutbolera.com.ar\/index.php\/2022\/11\/23\/la-disciplina-de-japon-pudo-mas-que-la-tradicion-mundialista-de-alemania\/#respond\"]}]},{\"@type\":\"WebPage\",\"@id\":\"https:\/\/lapatriafutbolera.com.ar\/index.php\/2022\/11\/23\/la-disciplina-de-japon-pudo-mas-que-la-tradicion-mundialista-de-alemania\/\",\"url\":\"https:\/\/lapatriafutbolera.com.ar\/index.php\/2022\/11\/23\/la-disciplina-de-japon-pudo-mas-que-la-tradicion-mundialista-de-alemania\/\",\"name\":\"La disciplina de Jap\u00f3n pudo mas que la tradici\u00f3n mundialista de Alemania - LA PATRIA FUTBOLERA\",\"isPartOf\":{\"@id\":\"https:\/\/lapatriafutbolera.com.ar\/#website\"},\"datePublished\":\"2022-11-23T15:43:00+00:00\",\"dateModified\":\"2022-11-23T22:54:59+00:00\",\"breadcrumb\":{\"@id\":\"https:\/\/lapatriafutbolera.com.ar\/index.php\/2022\/11\/23\/la-disciplina-de-japon-pudo-mas-que-la-tradicion-mundialista-de-alemania\/#breadcrumb\"},\"inLanguage\":\"es-AR\",\"potentialAction\":[{\"@type\":\"ReadAction\",\"target\":[\"https:\/\/lapatriafutbolera.com.ar\/index.php\/2022\/11\/23\/la-disciplina-de-japon-pudo-mas-que-la-tradicion-mundialista-de-alemania\/\"]}]},{\"@type\":\"BreadcrumbList\",\"@id\":\"https:\/\/lapatriafutbolera.com.ar\/index.php\/2022\/11\/23\/la-disciplina-de-japon-pudo-mas-que-la-tradicion-mundialista-de-alemania\/#breadcrumb\",\"itemListElement\":[{\"@type\":\"ListItem\",\"position\":1,\"name\":\"Inicio\",\"item\":\"https:\/\/lapatriafutbolera.com.ar\/\"},{\"@type\":\"ListItem\",\"position\":2,\"name\":\"La disciplina de Jap\u00f3n pudo mas que la tradici\u00f3n mundialista de Alemania\"}]},{\"@type\":\"WebSite\",\"@id\":\"https:\/\/lapatriafutbolera.com.ar\/#website\",\"url\":\"https:\/\/lapatriafutbolera.com.ar\/\",\"name\":\"LA PATRIA FUTBOLERA\",\"description\":\"\",\"publisher\":{\"@id\":\"https:\/\/lapatriafutbolera.com.ar\/#organization\"},\"potentialAction\":[{\"@type\":\"SearchAction\",\"target\":{\"@type\":\"EntryPoint\",\"urlTemplate\":\"https:\/\/lapatriafutbolera.com.ar\/?s={search_term_string}\"},\"query-input\":\"required name=search_term_string\"}],\"inLanguage\":\"es-AR\"},{\"@type\":\"Organization\",\"@id\":\"https:\/\/lapatriafutbolera.com.ar\/#organization\",\"name\":\"LA PATRIA FUTBOLERA\",\"url\":\"https:\/\/lapatriafutbolera.com.ar\/\",\"sameAs\":[],\"logo\":{\"@type\":\"ImageObject\",\"inLanguage\":\"es-AR\",\"@id\":\"https:\/\/lapatriafutbolera.com.ar\/#\/schema\/logo\/image\/\",\"url\":\"https:\/\/lapatriafutbolera.com.ar\/wp-content\/uploads\/2025\/03\/cropped-LA-PATRIA-14.jpg\",\"contentUrl\":\"https:\/\/lapatriafutbolera.com.ar\/wp-content\/uploads\/2025\/03\/cropped-LA-PATRIA-14.jpg\",\"width\":1308,\"height\":221,\"caption\":\"LA PATRIA FUTBOLERA\"},\"image\":{\"@id\":\"https:\/\/lapatriafutbolera.com.ar\/#\/schema\/logo\/image\/\"}},{\"@type\":\"Person\",\"@id\":\"https:\/\/lapatriafutbolera.com.ar\/#\/schema\/person\/eb56fb3a7e76133611d5b2d9f706bd97\",\"name\":\"Redacci\u00f3n LPF\",\"image\":{\"@type\":\"ImageObject\",\"inLanguage\":\"es-AR\",\"@id\":\"https:\/\/lapatriafutbolera.com.ar\/#\/schema\/person\/image\/\",\"url\":\"https:\/\/secure.gravatar.com\/avatar\/57dc12e3750972170624cd118ca21d4157841e9e7b211e6dfe7a00b61088d285?s=96&d=mm&r=g\",\"contentUrl\":\"https:\/\/secure.gravatar.com\/avatar\/57dc12e3750972170624cd118ca21d4157841e9e7b211e6dfe7a00b61088d285?s=96&d=mm&r=g\",\"caption\":\"Redacci\u00f3n LPF\"},\"sameAs\":[\"http:\/\/lapatriafutbolera.com.ar\"],\"url\":\"https:\/\/lapatriafutbolera.com.ar\/index.php\/author\/redaccion-lpf\/\"}]}<\/script>\n<!-- \/ Yoast SEO plugin. -->","yoast_head_json":{"title":"La disciplina de Jap\u00f3n pudo mas que la tradici\u00f3n mundialista de Alemania - LA PATRIA FUTBOLERA","robots":{"index":"index","follow":"follow","max-snippet":"max-snippet:-1","max-image-preview":"max-image-preview:large","max-video-preview":"max-video-preview:-1"},"canonical":"https:\/\/lapatriafutbolera.com.ar\/index.php\/2022\/11\/23\/la-disciplina-de-japon-pudo-mas-que-la-tradicion-mundialista-de-alemania\/","og_locale":"es_ES","og_type":"article","og_title":"La disciplina de Jap\u00f3n pudo mas que la tradici\u00f3n mundialista de Alemania - LA PATRIA FUTBOLERA","og_description":"Al terminar el partido una multitud sali\u00f3 a celebrar la hist\u00f3rica victoria en un contexto...","og_url":"https:\/\/lapatriafutbolera.com.ar\/index.php\/2022\/11\/23\/la-disciplina-de-japon-pudo-mas-que-la-tradicion-mundialista-de-alemania\/","og_site_name":"LA PATRIA FUTBOLERA","article_published_time":"2022-11-23T15:43:00+00:00","article_modified_time":"2022-11-23T22:54:59+00:00","og_image":[{"width":1600,"height":900,"url":"https:\/\/lapatriafutbolera.com.ar\/wp-content\/uploads\/2022\/11\/japon-alemania.jpg","type":"image\/jpeg"}],"author":"Redacci\u00f3n LPF","twitter_card":"summary_large_image","twitter_misc":{"Escrito por":"Redacci\u00f3n LPF","Tiempo de lectura":"1 minuto"},"schema":{"@context":"https:\/\/schema.org","@graph":[{"@type":"Article","@id":"https:\/\/lapatriafutbolera.com.ar\/index.php\/2022\/11\/23\/la-disciplina-de-japon-pudo-mas-que-la-tradicion-mundialista-de-alemania\/#article","isPartOf":{"@id":"https:\/\/lapatriafutbolera.com.ar\/index.php\/2022\/11\/23\/la-disciplina-de-japon-pudo-mas-que-la-tradicion-mundialista-de-alemania\/"},"author":{"name":"Redacci\u00f3n LPF","@id":"https:\/\/lapatriafutbolera.com.ar\/#\/schema\/person\/eb56fb3a7e76133611d5b2d9f706bd97"},"headline":"La disciplina de Jap\u00f3n pudo mas que la tradici\u00f3n mundialista de Alemania","datePublished":"2022-11-23T15:43:00+00:00","dateModified":"2022-11-23T22:54:59+00:00","mainEntityOfPage":{"@id":"https:\/\/lapatriafutbolera.com.ar\/index.php\/2022\/11\/23\/la-disciplina-de-japon-pudo-mas-que-la-tradicion-mundialista-de-alemania\/"},"wordCount":216,"commentCount":0,"publisher":{"@id":"https:\/\/lapatriafutbolera.com.ar\/#organization"},"articleSection":["Alemania","Grupo E","Jap\u00f3n","Qatar 2022"],"inLanguage":"es-AR","potentialAction":[{"@type":"CommentAction","name":"Comment","target":["https:\/\/lapatriafutbolera.com.ar\/index.php\/2022\/11\/23\/la-disciplina-de-japon-pudo-mas-que-la-tradicion-mundialista-de-alemania\/#respond"]}]},{"@type":"WebPage","@id":"https:\/\/lapatriafutbolera.com.ar\/index.php\/2022\/11\/23\/la-disciplina-de-japon-pudo-mas-que-la-tradicion-mundialista-de-alemania\/","url":"https:\/\/lapatriafutbolera.com.ar\/index.php\/2022\/11\/23\/la-disciplina-de-japon-pudo-mas-que-la-tradicion-mundialista-de-alemania\/","name":"La disciplina de Jap\u00f3n pudo mas que la tradici\u00f3n mundialista de Alemania - LA PATRIA FUTBOLERA","isPartOf":{"@id":"https:\/\/lapatriafutbolera.com.ar\/#website"},"datePublished":"2022-11-23T15:43:00+00:00","dateModified":"2022-11-23T22:54:59+00:00","breadcrumb":{"@id":"https:\/\/lapatriafutbolera.com.ar\/index.php\/2022\/11\/23\/la-disciplina-de-japon-pudo-mas-que-la-tradicion-mundialista-de-alemania\/#breadcrumb"},"inLanguage":"es-AR","potentialAction":[{"@type":"ReadAction","target":["https:\/\/lapatriafutbolera.com.ar\/index.php\/2022\/11\/23\/la-disciplina-de-japon-pudo-mas-que-la-tradicion-mundialista-de-alemania\/"]}]},{"@type":"BreadcrumbList","@id":"https:\/\/lapatriafutbolera.com.ar\/index.php\/2022\/11\/23\/la-disciplina-de-japon-pudo-mas-que-la-tradicion-mundialista-de-alemania\/#breadcrumb","itemListElement":[{"@type":"ListItem","position":1,"name":"Inicio","item":"https:\/\/lapatriafutbolera.com.ar\/"},{"@type":"ListItem","position":2,"name":"La disciplina de Jap\u00f3n pudo mas que la tradici\u00f3n mundialista de Alemania"}]},{"@type":"WebSite","@id":"https:\/\/lapatriafutbolera.com.ar\/#website","url":"https:\/\/lapatriafutbolera.com.ar\/","name":"LA PATRIA FUTBOLERA","description":"","publisher":{"@id":"https:\/\/lapatriafutbolera.com.ar\/#organization"},"potentialAction":[{"@type":"SearchAction","target":{"@type":"EntryPoint","urlTemplate":"https:\/\/lapatriafutbolera.com.ar\/?s={search_term_string}"},"query-input":"required name=search_term_string"}],"inLanguage":"es-AR"},{"@type":"Organization","@id":"https:\/\/lapatriafutbolera.com.ar\/#organization","name":"LA PATRIA FUTBOLERA","url":"https:\/\/lapatriafutbolera.com.ar\/","sameAs":[],"logo":{"@type":"ImageObject","inLanguage":"es-AR","@id":"https:\/\/lapatriafutbolera.com.ar\/#\/schema\/logo\/image\/","url":"https:\/\/lapatriafutbolera.com.ar\/wp-content\/uploads\/2025\/03\/cropped-LA-PATRIA-14.jpg","contentUrl":"https:\/\/lapatriafutbolera.com.ar\/wp-content\/uploads\/2025\/03\/cropped-LA-PATRIA-14.jpg","width":1308,"height":221,"caption":"LA PATRIA FUTBOLERA"},"image":{"@id":"https:\/\/lapatriafutbolera.com.ar\/#\/schema\/logo\/image\/"}},{"@type":"Person","@id":"https:\/\/lapatriafutbolera.com.ar\/#\/schema\/person\/eb56fb3a7e76133611d5b2d9f706bd97","name":"Redacci\u00f3n LPF","image":{"@type":"ImageObject","inLanguage":"es-AR","@id":"https:\/\/lapatriafutbolera.com.ar\/#\/schema\/person\/image\/","url":"https:\/\/secure.gravatar.com\/avatar\/57dc12e3750972170624cd118ca21d4157841e9e7b211e6dfe7a00b61088d285?s=96&d=mm&r=g","contentUrl":"https:\/\/secure.gravatar.com\/avatar\/57dc12e3750972170624cd118ca21d4157841e9e7b211e6dfe7a00b61088d285?s=96&d=mm&r=g","caption":"Redacci\u00f3n LPF"},"sameAs":["http:\/\/lapatriafutbolera.com.ar"],"url":"https:\/\/lapatriafutbolera.com.ar\/index.php\/author\/redaccion-lpf\/"}]}},"_links":{"self":[{"href":"https:\/\/lapatriafutbolera.com.ar\/index.php\/wp-json\/wp\/v2\/posts\/895","targetHints":{"allow":["GET"]}}],"collection":[{"href":"https:\/\/lapatriafutbolera.com.ar\/index.php\/wp-json\/wp\/v2\/posts"}],"about":[{"href":"https:\/\/lapatriafutbolera.com.ar\/index.php\/wp-json\/wp\/v2\/types\/post"}],"author":[{"embeddable":true,"href":"https:\/\/lapatriafutbolera.com.ar\/index.php\/wp-json\/wp\/v2\/users\/4"}],"replies":[{"embeddable":true,"href":"https:\/\/lapatriafutbolera.com.ar\/index.php\/wp-json\/wp\/v2\/comments?post=895"}],"version-history":[{"count":1,"href":"https:\/\/lapatriafutbolera.com.ar\/index.php\/wp-json\/wp\/v2\/posts\/895\/revisions"}],"predecessor-version":[{"id":897,"href":"https:\/\/lapatriafutbolera.com.ar\/index.php\/wp-json\/wp\/v2\/posts\/895\/revisions\/897"}],"wp:featuredmedia":[{"embeddable":true,"href":"https:\/\/lapatriafutbolera.com.ar\/index.php\/wp-json\/wp\/v2\/media\/896"}],"wp:attachment":[{"href":"https:\/\/lapatriafutbolera.com.ar\/index.php\/wp-json\/wp\/v2\/media?parent=895"}],"wp:term":[{"taxonomy":"category","embeddable":true,"href":"https:\/\/lapatriafutbolera.com.ar\/index.php\/wp-json\/wp\/v2\/categories?post=895"},{"taxonomy":"post_tag","embeddable":true,"href":"https:\/\/lapatriafutbolera.com.ar\/index.php\/wp-json\/wp\/v2\/tags?post=895"}],"curies":[{"name":"wp","href":"https:\/\/api.w.org\/{rel}","templated":true}]}}