{"id":958,"date":"2022-11-25T19:49:45","date_gmt":"2022-11-25T22:49:45","guid":{"rendered":"https:\/\/lapatriafutbolera.com.ar\/?p=958"},"modified":"2022-11-25T19:49:47","modified_gmt":"2022-11-25T22:49:47","slug":"cero-en-futbol","status":"publish","type":"post","link":"https:\/\/lapatriafutbolera.com.ar\/index.php\/2022\/11\/25\/cero-en-futbol\/","title":{"rendered":"Cero en futbol"},"content":{"rendered":"\n<h3 class=\"wp-block-heading\">El conjunto de\u00a0Gareth Southgate buscaba su\u00a0pasaje a octavos en el\u00a0estadio Al Bayt frente al equipo norteamericano, que ven\u00eda de empatar con Gales<\/h3>\n\n\n\n<p>Inglaterra y Estados Unidos empataron esta tarde 0-0, en un encuentro con pocas acciones de riesgo, que se disput\u00f3 en el estadio Al Bayt, de la localidad de Al Khor, y que dej\u00f3 al grupo B con una definici\u00f3n abierta, ya que todos sus integrantes tienen posibilidades num\u00e9ricas de pasar a octavos.<\/p>\n\n\n\n<p>Con esta igualdad, Inglaterra se sit\u00faa en el primer puesto con 4 puntos, seguido por Ir\u00e1n con 3, Estados Unidos con 2 y Gales con 1.<\/p>\n\n\n\n<p>El grupo&nbsp;<strong>se definir\u00e1 el martes 29 con los encuentros entre Ir\u00e1n-Estados Unidos y el cl\u00e1sico brit\u00e1nico Gales-Inglaterra<\/strong>.<\/p>\n\n\n\n<p>El cotejo de este viernes mostr\u00f3 mucha movilidad de ambos equipos y una presi\u00f3n alta, pero muy pocos tiros al arco y una gran cantidad de centros que terminaron en la cabeza de los defensores rivales.<\/p>\n\n\n\n<p>Al comienzo se pudo ver una&nbsp;<strong>r\u00e1pida presi\u00f3n inglesa para aprovechar las dudas estadounidenses<\/strong>, aunque ambos equipos buscaban llegar al campo rival de manera veloz, con lanzamientos largos para que Kane y Wright, las torres de ambos combinados, las bajaran para sus compa\u00f1eros.<\/p>\n\n\n\n<figure class=\"wp-block-image\"><a href=\"javascript:void(0);\"><img decoding=\"async\" src=\"https:\/\/www.telam.com.ar\/thumbs\/bluesteel\/advf\/imagenes\/2022\/11\/63811570866dc_1200.jpg\" alt=\"Foto AFP\"\/><\/a><figcaption class=\"wp-element-caption\">Foto: AFP.<\/figcaption><\/figure>\n\n\n\n<p>Ante la falta de eficacia del primer&nbsp;<a href=\"https:\/\/www.telam.com.ar\/notas\/202211\/611552-estados-unidos-gales-debut-mundial.html\" target=\"_blank\" rel=\"noreferrer noopener\">duelo con Gales (1-1)<\/a>, el t\u00e9cnico yanqui Berhalter movi\u00f3 las fichas y envi\u00f3 a la cancha a Wright, goleador del Antalyaspor, de Turqu\u00eda.<\/p>\n\n\n\n<p>Pero&nbsp;<strong>los ingleses fueron volcando el campo a su favor<\/strong>&nbsp;y a los 9m. tuvieron una oportunidad, con una buena triangulaci\u00f3n entre Bellingham y Saka, que deriv\u00f3 en un tiro de Kane que encontr\u00f3 la pierna de un defensor rival para evitar la conquista<\/p>\n\n\n\n<p>Estados Unidos apost\u00f3 a un cerrojo defensivo firme en cercan\u00edas de su arquero Turner hasta que a los 30m. dispuso de una chance clara, con un disparo en el travesa\u00f1o de Christian Pulisic, el mediocentro del Chelsea.<\/p>\n\n\n\n<p>Ni el t\u00e9cnico Gareth Southgate ni sus conducidos pudieron evitar que los estadounidenses tomaran el control de juego en la parte final del primer tiempo, aunque sin generar demasiada zozobra para Pickford.<\/p>\n\n\n\n<p>Como contrapartida,&nbsp;<strong>en el tiempo adicionado de la etapa inaugural, Mason Mount dispuso de un buen disparo, pero Turner la mand\u00f3 al c\u00f3rner.<\/strong><\/p>\n\n\n\n<figure class=\"wp-block-image\"><a href=\"javascript:void(0);\"><img decoding=\"async\" src=\"https:\/\/www.telam.com.ar\/thumbs\/bluesteel\/advf\/imagenes\/2022\/11\/6381318d246d3_1200.jpg\" alt=\"Foto AFP\"\/><\/a><figcaption class=\"wp-element-caption\">Foto: AFP.<\/figcaption><\/figure>\n\n\n\n<p>El segundo tiempo mostr\u00f3 c\u00f3mo&nbsp;<strong>Estados Unidos hab\u00eda emparejado el juego<\/strong>, tomando el control, aunque sin provocar riesgos, porque Inglaterra, a trav\u00e9s de la cabeza de Harry Maguire desbarat\u00f3 todos los centros del elenco norteamericano.<\/p>\n\n\n\n<p>Con el paso de los minutos, Southgate cambi\u00f3 a sus extremos para colocar &#8216;gente fresca&#8217; y -de esa manera- frenar el avance de los laterales estadounidenses.<\/p>\n\n\n\n<p>Los dos equipos&nbsp;<strong>empezaron a sentirse c\u00f3modos con el resultado<\/strong>, a partir de la falta de pericia de los ingleses m\u00e1s la carencia de audacia y baja resoluci\u00f3n en los metros finales de los estadounidenses.<\/p>\n\n\n\n<p>En el historial, Inglaterra y Estados Unidos se enfrentaron 12 veces; con 8 triunfos de los europeos, 2 de los norteamericanos y 2 empates.<\/p>\n\n\n\n<p>Esta&nbsp;<strong>fue la tercera vez que se cruzaron en un Mundial, ya lo hicieron en Brasil 1950, en el que se llev\u00f3 el partido Estados Unidos por 1 a 0 (y protagoniz\u00f3 uno de los batacazos hist\u00f3ricos en las Copas del Mundo), y el m\u00e1s reciente en Sud\u00e1frica 2010, donde igualaron 1 a 1.<\/strong><\/p>\n\n\n\n<h2 class=\"wp-block-heading\">S\u00edntesis<\/h2>\n\n\n\n<p><strong>Inglaterra:<\/strong>&nbsp;Jordan Pickford; Kieran Trippier, John Stones, Harry Maguire y Luke Shaw; Declan Rice, Jude Bellingham y Bukayo Saka; Raheem Sterling, Mason Mount y Harry Kane. DT: Gareth Southgate.<\/p>\n\n\n\n<p><strong>Estados Unidos:&nbsp;<\/strong>Matt Turner; Sergi\u00f1o Dest, Walker Zimmerman, Tim Ream y Antonee Robinson; Weston McKennie, Tyler Adams, Yunus Musah; Haji Wright; Timothy Weah y Christian Pulisic. DT: Gregg Berhalter.<\/p>\n\n\n\n<p><strong>Cambios en el segundo tiempo:&nbsp;<\/strong>22m Jordan Henderson por Bellingham y Jack Grealish por Sterling (I); 31m Brendan Aaronson por McKennie y Shaquell Moore por Dest (EEUU); 32m Marcus Rashford por Saka (I); 37m Giovanni Reyna por Weah y Josh Sargent por Wright (EEUU).<\/p>\n\n\n\n<p><strong>\u00c1rbitro:<\/strong>&nbsp;Jes\u00fas Valenzuela (Venezuela).<\/p>\n\n\n\n<p><strong>Estadio:<\/strong>&nbsp;Al Bayt (Al Khor).<\/p>\n\n\n\n<figure class=\"wp-block-embed\"><div class=\"wp-block-embed__wrapper\">\nhttps:\/\/qatar2022.telam.com.ar\/info-estadisticas-partido.php?c=mundial&#038;v=605157&#038;f=vertical\n<\/div><\/figure>\n","protected":false},"excerpt":{"rendered":"<p>El conjunto de\u00a0Gareth Southgate buscaba su\u00a0pasaje a octavos en el\u00a0estadio Al Bayt frente al equipo&#8230;<\/p>\n","protected":false},"author":4,"featured_media":959,"comment_status":"open","ping_status":"open","sticky":false,"template":"","format":"standard","meta":{"footnotes":""},"categories":[37,24,35,17],"tags":[],"class_list":["post-958","post","type-post","status-publish","format-standard","has-post-thumbnail","hentry","category-estados-unidos","category-grupo-b","category-inglaterra","category-qatar-2022"],"yoast_head":"<!-- This site is optimized with the Yoast SEO plugin v19.5.1 - https:\/\/yoast.com\/wordpress\/plugins\/seo\/ -->\n<title>Cero en futbol - LA PATRIA FUTBOLERA<\/title>\n<meta name=\"robots\" content=\"index, follow, max-snippet:-1, max-image-preview:large, max-video-preview:-1\" \/>\n<link rel=\"canonical\" href=\"https:\/\/lapatriafutbolera.com.ar\/index.php\/2022\/11\/25\/cero-en-futbol\/\" \/>\n<meta property=\"og:locale\" content=\"es_ES\" \/>\n<meta property=\"og:type\" content=\"article\" \/>\n<meta property=\"og:title\" content=\"Cero en futbol - LA PATRIA FUTBOLERA\" \/>\n<meta property=\"og:description\" content=\"El conjunto de\u00a0Gareth Southgate buscaba su\u00a0pasaje a octavos en el\u00a0estadio Al Bayt frente al equipo...\" \/>\n<meta property=\"og:url\" content=\"https:\/\/lapatriafutbolera.com.ar\/index.php\/2022\/11\/25\/cero-en-futbol\/\" \/>\n<meta property=\"og:site_name\" content=\"LA PATRIA FUTBOLERA\" \/>\n<meta property=\"article:published_time\" content=\"2022-11-25T22:49:45+00:00\" \/>\n<meta property=\"article:modified_time\" content=\"2022-11-25T22:49:47+00:00\" \/>\n<meta property=\"og:image\" content=\"https:\/\/lapatriafutbolera.com.ar\/wp-content\/uploads\/2022\/11\/638115706a560_1200.jpg\" \/>\n\t<meta property=\"og:image:width\" content=\"1200\" \/>\n\t<meta property=\"og:image:height\" content=\"675\" \/>\n\t<meta property=\"og:image:type\" content=\"image\/jpeg\" \/>\n<meta name=\"author\" content=\"Redacci\u00f3n LPF\" \/>\n<meta name=\"twitter:card\" content=\"summary_large_image\" \/>\n<meta name=\"twitter:label1\" content=\"Escrito por\" \/>\n\t<meta name=\"twitter:data1\" content=\"Redacci\u00f3n LPF\" \/>\n\t<meta name=\"twitter:label2\" content=\"Tiempo de lectura\" \/>\n\t<meta name=\"twitter:data2\" content=\"4 minutos\" \/>\n<script type=\"application\/ld+json\" class=\"yoast-schema-graph\">{\"@context\":\"https:\/\/schema.org\",\"@graph\":[{\"@type\":\"Article\",\"@id\":\"https:\/\/lapatriafutbolera.com.ar\/index.php\/2022\/11\/25\/cero-en-futbol\/#article\",\"isPartOf\":{\"@id\":\"https:\/\/lapatriafutbolera.com.ar\/index.php\/2022\/11\/25\/cero-en-futbol\/\"},\"author\":{\"name\":\"Redacci\u00f3n LPF\",\"@id\":\"https:\/\/lapatriafutbolera.com.ar\/#\/schema\/person\/eb56fb3a7e76133611d5b2d9f706bd97\"},\"headline\":\"Cero en futbol\",\"datePublished\":\"2022-11-25T22:49:45+00:00\",\"dateModified\":\"2022-11-25T22:49:47+00:00\",\"mainEntityOfPage\":{\"@id\":\"https:\/\/lapatriafutbolera.com.ar\/index.php\/2022\/11\/25\/cero-en-futbol\/\"},\"wordCount\":703,\"commentCount\":0,\"publisher\":{\"@id\":\"https:\/\/lapatriafutbolera.com.ar\/#organization\"},\"articleSection\":[\"Estados Unidos\",\"Grupo B\",\"Inglaterra\",\"Qatar 2022\"],\"inLanguage\":\"es-AR\",\"potentialAction\":[{\"@type\":\"CommentAction\",\"name\":\"Comment\",\"target\":[\"https:\/\/lapatriafutbolera.com.ar\/index.php\/2022\/11\/25\/cero-en-futbol\/#respond\"]}]},{\"@type\":\"WebPage\",\"@id\":\"https:\/\/lapatriafutbolera.com.ar\/index.php\/2022\/11\/25\/cero-en-futbol\/\",\"url\":\"https:\/\/lapatriafutbolera.com.ar\/index.php\/2022\/11\/25\/cero-en-futbol\/\",\"name\":\"Cero en futbol - LA PATRIA FUTBOLERA\",\"isPartOf\":{\"@id\":\"https:\/\/lapatriafutbolera.com.ar\/#website\"},\"datePublished\":\"2022-11-25T22:49:45+00:00\",\"dateModified\":\"2022-11-25T22:49:47+00:00\",\"breadcrumb\":{\"@id\":\"https:\/\/lapatriafutbolera.com.ar\/index.php\/2022\/11\/25\/cero-en-futbol\/#breadcrumb\"},\"inLanguage\":\"es-AR\",\"potentialAction\":[{\"@type\":\"ReadAction\",\"target\":[\"https:\/\/lapatriafutbolera.com.ar\/index.php\/2022\/11\/25\/cero-en-futbol\/\"]}]},{\"@type\":\"BreadcrumbList\",\"@id\":\"https:\/\/lapatriafutbolera.com.ar\/index.php\/2022\/11\/25\/cero-en-futbol\/#breadcrumb\",\"itemListElement\":[{\"@type\":\"ListItem\",\"position\":1,\"name\":\"Inicio\",\"item\":\"https:\/\/lapatriafutbolera.com.ar\/\"},{\"@type\":\"ListItem\",\"position\":2,\"name\":\"Cero en futbol\"}]},{\"@type\":\"WebSite\",\"@id\":\"https:\/\/lapatriafutbolera.com.ar\/#website\",\"url\":\"https:\/\/lapatriafutbolera.com.ar\/\",\"name\":\"LA PATRIA FUTBOLERA\",\"description\":\"\",\"publisher\":{\"@id\":\"https:\/\/lapatriafutbolera.com.ar\/#organization\"},\"potentialAction\":[{\"@type\":\"SearchAction\",\"target\":{\"@type\":\"EntryPoint\",\"urlTemplate\":\"https:\/\/lapatriafutbolera.com.ar\/?s={search_term_string}\"},\"query-input\":\"required name=search_term_string\"}],\"inLanguage\":\"es-AR\"},{\"@type\":\"Organization\",\"@id\":\"https:\/\/lapatriafutbolera.com.ar\/#organization\",\"name\":\"LA PATRIA FUTBOLERA\",\"url\":\"https:\/\/lapatriafutbolera.com.ar\/\",\"sameAs\":[],\"logo\":{\"@type\":\"ImageObject\",\"inLanguage\":\"es-AR\",\"@id\":\"https:\/\/lapatriafutbolera.com.ar\/#\/schema\/logo\/image\/\",\"url\":\"https:\/\/lapatriafutbolera.com.ar\/wp-content\/uploads\/2025\/03\/cropped-LA-PATRIA-14.jpg\",\"contentUrl\":\"https:\/\/lapatriafutbolera.com.ar\/wp-content\/uploads\/2025\/03\/cropped-LA-PATRIA-14.jpg\",\"width\":1308,\"height\":221,\"caption\":\"LA PATRIA FUTBOLERA\"},\"image\":{\"@id\":\"https:\/\/lapatriafutbolera.com.ar\/#\/schema\/logo\/image\/\"}},{\"@type\":\"Person\",\"@id\":\"https:\/\/lapatriafutbolera.com.ar\/#\/schema\/person\/eb56fb3a7e76133611d5b2d9f706bd97\",\"name\":\"Redacci\u00f3n LPF\",\"image\":{\"@type\":\"ImageObject\",\"inLanguage\":\"es-AR\",\"@id\":\"https:\/\/lapatriafutbolera.com.ar\/#\/schema\/person\/image\/\",\"url\":\"https:\/\/secure.gravatar.com\/avatar\/57dc12e3750972170624cd118ca21d4157841e9e7b211e6dfe7a00b61088d285?s=96&d=mm&r=g\",\"contentUrl\":\"https:\/\/secure.gravatar.com\/avatar\/57dc12e3750972170624cd118ca21d4157841e9e7b211e6dfe7a00b61088d285?s=96&d=mm&r=g\",\"caption\":\"Redacci\u00f3n LPF\"},\"sameAs\":[\"http:\/\/lapatriafutbolera.com.ar\"],\"url\":\"https:\/\/lapatriafutbolera.com.ar\/index.php\/author\/redaccion-lpf\/\"}]}<\/script>\n<!-- \/ Yoast SEO plugin. -->","yoast_head_json":{"title":"Cero en futbol - LA PATRIA FUTBOLERA","robots":{"index":"index","follow":"follow","max-snippet":"max-snippet:-1","max-image-preview":"max-image-preview:large","max-video-preview":"max-video-preview:-1"},"canonical":"https:\/\/lapatriafutbolera.com.ar\/index.php\/2022\/11\/25\/cero-en-futbol\/","og_locale":"es_ES","og_type":"article","og_title":"Cero en futbol - LA PATRIA FUTBOLERA","og_description":"El conjunto de\u00a0Gareth Southgate buscaba su\u00a0pasaje a octavos en el\u00a0estadio Al Bayt frente al equipo...","og_url":"https:\/\/lapatriafutbolera.com.ar\/index.php\/2022\/11\/25\/cero-en-futbol\/","og_site_name":"LA PATRIA FUTBOLERA","article_published_time":"2022-11-25T22:49:45+00:00","article_modified_time":"2022-11-25T22:49:47+00:00","og_image":[{"width":1200,"height":675,"url":"https:\/\/lapatriafutbolera.com.ar\/wp-content\/uploads\/2022\/11\/638115706a560_1200.jpg","type":"image\/jpeg"}],"author":"Redacci\u00f3n LPF","twitter_card":"summary_large_image","twitter_misc":{"Escrito por":"Redacci\u00f3n LPF","Tiempo de lectura":"4 minutos"},"schema":{"@context":"https:\/\/schema.org","@graph":[{"@type":"Article","@id":"https:\/\/lapatriafutbolera.com.ar\/index.php\/2022\/11\/25\/cero-en-futbol\/#article","isPartOf":{"@id":"https:\/\/lapatriafutbolera.com.ar\/index.php\/2022\/11\/25\/cero-en-futbol\/"},"author":{"name":"Redacci\u00f3n LPF","@id":"https:\/\/lapatriafutbolera.com.ar\/#\/schema\/person\/eb56fb3a7e76133611d5b2d9f706bd97"},"headline":"Cero en futbol","datePublished":"2022-11-25T22:49:45+00:00","dateModified":"2022-11-25T22:49:47+00:00","mainEntityOfPage":{"@id":"https:\/\/lapatriafutbolera.com.ar\/index.php\/2022\/11\/25\/cero-en-futbol\/"},"wordCount":703,"commentCount":0,"publisher":{"@id":"https:\/\/lapatriafutbolera.com.ar\/#organization"},"articleSection":["Estados Unidos","Grupo B","Inglaterra","Qatar 2022"],"inLanguage":"es-AR","potentialAction":[{"@type":"CommentAction","name":"Comment","target":["https:\/\/lapatriafutbolera.com.ar\/index.php\/2022\/11\/25\/cero-en-futbol\/#respond"]}]},{"@type":"WebPage","@id":"https:\/\/lapatriafutbolera.com.ar\/index.php\/2022\/11\/25\/cero-en-futbol\/","url":"https:\/\/lapatriafutbolera.com.ar\/index.php\/2022\/11\/25\/cero-en-futbol\/","name":"Cero en futbol - LA PATRIA FUTBOLERA","isPartOf":{"@id":"https:\/\/lapatriafutbolera.com.ar\/#website"},"datePublished":"2022-11-25T22:49:45+00:00","dateModified":"2022-11-25T22:49:47+00:00","breadcrumb":{"@id":"https:\/\/lapatriafutbolera.com.ar\/index.php\/2022\/11\/25\/cero-en-futbol\/#breadcrumb"},"inLanguage":"es-AR","potentialAction":[{"@type":"ReadAction","target":["https:\/\/lapatriafutbolera.com.ar\/index.php\/2022\/11\/25\/cero-en-futbol\/"]}]},{"@type":"BreadcrumbList","@id":"https:\/\/lapatriafutbolera.com.ar\/index.php\/2022\/11\/25\/cero-en-futbol\/#breadcrumb","itemListElement":[{"@type":"ListItem","position":1,"name":"Inicio","item":"https:\/\/lapatriafutbolera.com.ar\/"},{"@type":"ListItem","position":2,"name":"Cero en futbol"}]},{"@type":"WebSite","@id":"https:\/\/lapatriafutbolera.com.ar\/#website","url":"https:\/\/lapatriafutbolera.com.ar\/","name":"LA PATRIA FUTBOLERA","description":"","publisher":{"@id":"https:\/\/lapatriafutbolera.com.ar\/#organization"},"potentialAction":[{"@type":"SearchAction","target":{"@type":"EntryPoint","urlTemplate":"https:\/\/lapatriafutbolera.com.ar\/?s={search_term_string}"},"query-input":"required name=search_term_string"}],"inLanguage":"es-AR"},{"@type":"Organization","@id":"https:\/\/lapatriafutbolera.com.ar\/#organization","name":"LA PATRIA FUTBOLERA","url":"https:\/\/lapatriafutbolera.com.ar\/","sameAs":[],"logo":{"@type":"ImageObject","inLanguage":"es-AR","@id":"https:\/\/lapatriafutbolera.com.ar\/#\/schema\/logo\/image\/","url":"https:\/\/lapatriafutbolera.com.ar\/wp-content\/uploads\/2025\/03\/cropped-LA-PATRIA-14.jpg","contentUrl":"https:\/\/lapatriafutbolera.com.ar\/wp-content\/uploads\/2025\/03\/cropped-LA-PATRIA-14.jpg","width":1308,"height":221,"caption":"LA PATRIA FUTBOLERA"},"image":{"@id":"https:\/\/lapatriafutbolera.com.ar\/#\/schema\/logo\/image\/"}},{"@type":"Person","@id":"https:\/\/lapatriafutbolera.com.ar\/#\/schema\/person\/eb56fb3a7e76133611d5b2d9f706bd97","name":"Redacci\u00f3n LPF","image":{"@type":"ImageObject","inLanguage":"es-AR","@id":"https:\/\/lapatriafutbolera.com.ar\/#\/schema\/person\/image\/","url":"https:\/\/secure.gravatar.com\/avatar\/57dc12e3750972170624cd118ca21d4157841e9e7b211e6dfe7a00b61088d285?s=96&d=mm&r=g","contentUrl":"https:\/\/secure.gravatar.com\/avatar\/57dc12e3750972170624cd118ca21d4157841e9e7b211e6dfe7a00b61088d285?s=96&d=mm&r=g","caption":"Redacci\u00f3n LPF"},"sameAs":["http:\/\/lapatriafutbolera.com.ar"],"url":"https:\/\/lapatriafutbolera.com.ar\/index.php\/author\/redaccion-lpf\/"}]}},"_links":{"self":[{"href":"https:\/\/lapatriafutbolera.com.ar\/index.php\/wp-json\/wp\/v2\/posts\/958","targetHints":{"allow":["GET"]}}],"collection":[{"href":"https:\/\/lapatriafutbolera.com.ar\/index.php\/wp-json\/wp\/v2\/posts"}],"about":[{"href":"https:\/\/lapatriafutbolera.com.ar\/index.php\/wp-json\/wp\/v2\/types\/post"}],"author":[{"embeddable":true,"href":"https:\/\/lapatriafutbolera.com.ar\/index.php\/wp-json\/wp\/v2\/users\/4"}],"replies":[{"embeddable":true,"href":"https:\/\/lapatriafutbolera.com.ar\/index.php\/wp-json\/wp\/v2\/comments?post=958"}],"version-history":[{"count":1,"href":"https:\/\/lapatriafutbolera.com.ar\/index.php\/wp-json\/wp\/v2\/posts\/958\/revisions"}],"predecessor-version":[{"id":960,"href":"https:\/\/lapatriafutbolera.com.ar\/index.php\/wp-json\/wp\/v2\/posts\/958\/revisions\/960"}],"wp:featuredmedia":[{"embeddable":true,"href":"https:\/\/lapatriafutbolera.com.ar\/index.php\/wp-json\/wp\/v2\/media\/959"}],"wp:attachment":[{"href":"https:\/\/lapatriafutbolera.com.ar\/index.php\/wp-json\/wp\/v2\/media?parent=958"}],"wp:term":[{"taxonomy":"category","embeddable":true,"href":"https:\/\/lapatriafutbolera.com.ar\/index.php\/wp-json\/wp\/v2\/categories?post=958"},{"taxonomy":"post_tag","embeddable":true,"href":"https:\/\/lapatriafutbolera.com.ar\/index.php\/wp-json\/wp\/v2\/tags?post=958"}],"curies":[{"name":"wp","href":"https:\/\/api.w.org\/{rel}","templated":true}]}}