{"id":966,"date":"2022-11-25T21:25:00","date_gmt":"2022-11-26T00:25:00","guid":{"rendered":"https:\/\/lapatriafutbolera.com.ar\/?p=966"},"modified":"2022-11-26T07:28:59","modified_gmt":"2022-11-26T10:28:59","slug":"a-que-diego-evocamos-cuando-evocamos-a-diego","status":"publish","type":"post","link":"https:\/\/lapatriafutbolera.com.ar\/index.php\/2022\/11\/25\/a-que-diego-evocamos-cuando-evocamos-a-diego\/","title":{"rendered":"\u00bfA qu\u00e9 Diego evocamos cuando evocamos a Diego?"},"content":{"rendered":"\n<p>\u00bfTe acord\u00e1s de Chaplin? Carlitos deportista, Carlitos bombero, Carlitos boxeador\u2026<br>Tenemos a Diego futbolista, Diego declarante, Diego combativo, Diego actor, Diego entrenador, Diego conductor, Diego cantor, Diego amigo, Diego padre\u2026 Son miles.<br>Hoy estuve todo el d\u00eda recordando a Diego desobediente. Ese Diego que nunca hace lo que se espera de \u00e9l y que, adem\u00e1s, cuando llegan las consecuencias las espera a pie firme y con el cuero desnudo. C\u00f3mo si supiera que en esa valent\u00eda, en ese coraje, radica el legado del desobediente mucho m\u00e1s que en la desobediencia en s\u00ed.<br>Ese Diego es muy Diego pero es muy nuestro. Es Diego-Hebe que marcha y denuncia, denuncia y marcha a\u00fan a riesgo de cometer alguna injusticia. \u00bfY? \u00bfA qui\u00e9n le importa un exabrupto cuando esa marcha denuncia mantuvo el fuego encendido? A las conciencias blancas y bobas, quiz\u00e1s. A esas conciencias que siempre estar\u00e1n enfrente.<br>Ese Diego es Diego-Belgrano que levant\u00f3 la bandera en el momento y el lugar que los cuello duros de Buenos Aires le prohibieron. Esa bandera que march\u00f3 al norte y que defendi\u00f3 un enorme pedazo de Patria.<br>Ese Diego es Diego-Evita, que para los eternos due\u00f1os de la manija de esta tierra nunca debi\u00f3 promover un enorme tejido social que puso juguetes en manos de los pibes, herramientas en manos de los laburantes y casas en manos de las familias que no las ten\u00edan, aunque en realidad lo que les dio es la profunda conciencia de la propia dignidad.<br>Ese Diego es Diego-Charly que un d\u00eda hizo todo lo nunca hay que ni pensar en hacer y que despu\u00e9s de aquel vuelo inmortal aclar\u00f3 que &#8220;me tir\u00e9 por vos&#8221;.<br>Ese Diego es Diego-N\u00e9stor que cuando un fulano con \u00ednfulas le aclar\u00f3 que gobernar\u00eda por un a\u00f1o construy\u00f3 a puro coraje el reverdecer argentino que en alg\u00fan momento cre\u00edmos imposible.<br>Ese Diego desobediente es el m\u00e1s argentino, m\u00e1s hermoso y m\u00e1s entra\u00f1able de los Diegos. Porque es el que cay\u00f3 y se levant\u00f3. Pero cuando se levant\u00f3 no puso cara de autoayuda ni se volvi\u00f3 puritano. Cada vez que se levant\u00f3 fue y se cay\u00f3 otra vez. O se tir\u00f3. Porque si por algo lo han castigado es por no responder a las expectativas, por negarse a pontificar, por escupir la cara de los trajeados y abrazar a los pibes en Fiorito. A\u00fan cuando se puso las mejores ropas, tuvo los mejores autos y viaj\u00f3 por los mejores rincones se comport\u00f3 como uno de los nuestros. Como uno de los mejores de los nuestros. Y como uno de los peores.<br>Con el agregado de que Diego lo hizo a pura intuici\u00f3n. Una inteligencia silvestre pero imponente. Una sabidur\u00eda extra\u00f1a, diagonal, por fuera de cualquier manual, pero asombrosa.<br>Nuestra Hebe, nuestro Belgrano, nuestra Evita, nuestro Charly, nuestro N\u00e9stor y tantos de los nuestros son, tambi\u00e9n, nuestro Diego. Ese aleph de la argentinidad. Ese que nos abarca, nos expone, nos duele y nos enorgullece. Ese que nos hace \u00fanicos a la vez que iguales al resto. Diego humano hasta el absurdo.<br>Diego desobediente hoy elijo evocarte.<\/p>\n","protected":false},"excerpt":{"rendered":"<p>\u00bfTe acord\u00e1s de Chaplin? Carlitos deportista, Carlitos bombero, Carlitos boxeador\u2026Tenemos a Diego futbolista, Diego declarante,&#8230;<\/p>\n","protected":false},"author":7,"featured_media":967,"comment_status":"open","ping_status":"open","sticky":false,"template":"","format":"standard","meta":{"footnotes":""},"categories":[82,10],"tags":[],"class_list":["post-966","post","type-post","status-publish","format-standard","has-post-thumbnail","hentry","category-d10s","category-hincha-del-juego"],"yoast_head":"<!-- This site is optimized with the Yoast SEO plugin v19.5.1 - https:\/\/yoast.com\/wordpress\/plugins\/seo\/ -->\n<title>\u00bfA qu\u00e9 Diego evocamos cuando evocamos a Diego? - LA PATRIA FUTBOLERA<\/title>\n<meta name=\"robots\" content=\"index, follow, max-snippet:-1, max-image-preview:large, max-video-preview:-1\" \/>\n<link rel=\"canonical\" href=\"https:\/\/lapatriafutbolera.com.ar\/index.php\/2022\/11\/25\/a-que-diego-evocamos-cuando-evocamos-a-diego\/\" \/>\n<meta property=\"og:locale\" content=\"es_ES\" \/>\n<meta property=\"og:type\" content=\"article\" \/>\n<meta property=\"og:title\" content=\"\u00bfA qu\u00e9 Diego evocamos cuando evocamos a Diego? - LA PATRIA FUTBOLERA\" \/>\n<meta property=\"og:description\" content=\"\u00bfTe acord\u00e1s de Chaplin? Carlitos deportista, Carlitos bombero, Carlitos boxeador\u2026Tenemos a Diego futbolista, Diego declarante,...\" \/>\n<meta property=\"og:url\" content=\"https:\/\/lapatriafutbolera.com.ar\/index.php\/2022\/11\/25\/a-que-diego-evocamos-cuando-evocamos-a-diego\/\" \/>\n<meta property=\"og:site_name\" content=\"LA PATRIA FUTBOLERA\" \/>\n<meta property=\"article:published_time\" content=\"2022-11-26T00:25:00+00:00\" \/>\n<meta property=\"article:modified_time\" content=\"2022-11-26T10:28:59+00:00\" \/>\n<meta property=\"og:image\" content=\"https:\/\/lapatriafutbolera.com.ar\/wp-content\/uploads\/2022\/11\/EljGVm8W0AMHfWf.jpg\" \/>\n\t<meta property=\"og:image:width\" content=\"1080\" \/>\n\t<meta property=\"og:image:height\" content=\"1080\" \/>\n\t<meta property=\"og:image:type\" content=\"image\/jpeg\" \/>\n<meta name=\"author\" content=\"Diego Joy\" \/>\n<meta name=\"twitter:card\" content=\"summary_large_image\" \/>\n<meta name=\"twitter:label1\" content=\"Escrito por\" \/>\n\t<meta name=\"twitter:data1\" content=\"Diego Joy\" \/>\n\t<meta name=\"twitter:label2\" content=\"Tiempo de lectura\" \/>\n\t<meta name=\"twitter:data2\" content=\"3 minutos\" \/>\n<script type=\"application\/ld+json\" class=\"yoast-schema-graph\">{\"@context\":\"https:\/\/schema.org\",\"@graph\":[{\"@type\":\"Article\",\"@id\":\"https:\/\/lapatriafutbolera.com.ar\/index.php\/2022\/11\/25\/a-que-diego-evocamos-cuando-evocamos-a-diego\/#article\",\"isPartOf\":{\"@id\":\"https:\/\/lapatriafutbolera.com.ar\/index.php\/2022\/11\/25\/a-que-diego-evocamos-cuando-evocamos-a-diego\/\"},\"author\":{\"name\":\"Diego Joy\",\"@id\":\"https:\/\/lapatriafutbolera.com.ar\/#\/schema\/person\/e49f5482d3756b13d01cd253cbc91c9f\"},\"headline\":\"\u00bfA qu\u00e9 Diego evocamos cuando evocamos a Diego?\",\"datePublished\":\"2022-11-26T00:25:00+00:00\",\"dateModified\":\"2022-11-26T10:28:59+00:00\",\"mainEntityOfPage\":{\"@id\":\"https:\/\/lapatriafutbolera.com.ar\/index.php\/2022\/11\/25\/a-que-diego-evocamos-cuando-evocamos-a-diego\/\"},\"wordCount\":546,\"commentCount\":0,\"publisher\":{\"@id\":\"https:\/\/lapatriafutbolera.com.ar\/#organization\"},\"articleSection\":[\"DIEGO\",\"Hincha del Juego\"],\"inLanguage\":\"es-AR\",\"potentialAction\":[{\"@type\":\"CommentAction\",\"name\":\"Comment\",\"target\":[\"https:\/\/lapatriafutbolera.com.ar\/index.php\/2022\/11\/25\/a-que-diego-evocamos-cuando-evocamos-a-diego\/#respond\"]}]},{\"@type\":\"WebPage\",\"@id\":\"https:\/\/lapatriafutbolera.com.ar\/index.php\/2022\/11\/25\/a-que-diego-evocamos-cuando-evocamos-a-diego\/\",\"url\":\"https:\/\/lapatriafutbolera.com.ar\/index.php\/2022\/11\/25\/a-que-diego-evocamos-cuando-evocamos-a-diego\/\",\"name\":\"\u00bfA qu\u00e9 Diego evocamos cuando evocamos a Diego? - LA PATRIA FUTBOLERA\",\"isPartOf\":{\"@id\":\"https:\/\/lapatriafutbolera.com.ar\/#website\"},\"datePublished\":\"2022-11-26T00:25:00+00:00\",\"dateModified\":\"2022-11-26T10:28:59+00:00\",\"breadcrumb\":{\"@id\":\"https:\/\/lapatriafutbolera.com.ar\/index.php\/2022\/11\/25\/a-que-diego-evocamos-cuando-evocamos-a-diego\/#breadcrumb\"},\"inLanguage\":\"es-AR\",\"potentialAction\":[{\"@type\":\"ReadAction\",\"target\":[\"https:\/\/lapatriafutbolera.com.ar\/index.php\/2022\/11\/25\/a-que-diego-evocamos-cuando-evocamos-a-diego\/\"]}]},{\"@type\":\"BreadcrumbList\",\"@id\":\"https:\/\/lapatriafutbolera.com.ar\/index.php\/2022\/11\/25\/a-que-diego-evocamos-cuando-evocamos-a-diego\/#breadcrumb\",\"itemListElement\":[{\"@type\":\"ListItem\",\"position\":1,\"name\":\"Inicio\",\"item\":\"https:\/\/lapatriafutbolera.com.ar\/\"},{\"@type\":\"ListItem\",\"position\":2,\"name\":\"\u00bfA qu\u00e9 Diego evocamos cuando evocamos a Diego?\"}]},{\"@type\":\"WebSite\",\"@id\":\"https:\/\/lapatriafutbolera.com.ar\/#website\",\"url\":\"https:\/\/lapatriafutbolera.com.ar\/\",\"name\":\"LA PATRIA FUTBOLERA\",\"description\":\"\",\"publisher\":{\"@id\":\"https:\/\/lapatriafutbolera.com.ar\/#organization\"},\"potentialAction\":[{\"@type\":\"SearchAction\",\"target\":{\"@type\":\"EntryPoint\",\"urlTemplate\":\"https:\/\/lapatriafutbolera.com.ar\/?s={search_term_string}\"},\"query-input\":\"required name=search_term_string\"}],\"inLanguage\":\"es-AR\"},{\"@type\":\"Organization\",\"@id\":\"https:\/\/lapatriafutbolera.com.ar\/#organization\",\"name\":\"LA PATRIA FUTBOLERA\",\"url\":\"https:\/\/lapatriafutbolera.com.ar\/\",\"sameAs\":[],\"logo\":{\"@type\":\"ImageObject\",\"inLanguage\":\"es-AR\",\"@id\":\"https:\/\/lapatriafutbolera.com.ar\/#\/schema\/logo\/image\/\",\"url\":\"https:\/\/lapatriafutbolera.com.ar\/wp-content\/uploads\/2025\/03\/cropped-LA-PATRIA-14.jpg\",\"contentUrl\":\"https:\/\/lapatriafutbolera.com.ar\/wp-content\/uploads\/2025\/03\/cropped-LA-PATRIA-14.jpg\",\"width\":1308,\"height\":221,\"caption\":\"LA PATRIA FUTBOLERA\"},\"image\":{\"@id\":\"https:\/\/lapatriafutbolera.com.ar\/#\/schema\/logo\/image\/\"}},{\"@type\":\"Person\",\"@id\":\"https:\/\/lapatriafutbolera.com.ar\/#\/schema\/person\/e49f5482d3756b13d01cd253cbc91c9f\",\"name\":\"Diego Joy\",\"image\":{\"@type\":\"ImageObject\",\"inLanguage\":\"es-AR\",\"@id\":\"https:\/\/lapatriafutbolera.com.ar\/#\/schema\/person\/image\/\",\"url\":\"https:\/\/secure.gravatar.com\/avatar\/52a725e9cb5a91747a880972f4bce8fdead4cb339ff6d70a4bf4cccfb55e91fe?s=96&d=mm&r=g\",\"contentUrl\":\"https:\/\/secure.gravatar.com\/avatar\/52a725e9cb5a91747a880972f4bce8fdead4cb339ff6d70a4bf4cccfb55e91fe?s=96&d=mm&r=g\",\"caption\":\"Diego Joy\"},\"url\":\"https:\/\/lapatriafutbolera.com.ar\/index.php\/author\/diego-joy\/\"}]}<\/script>\n<!-- \/ Yoast SEO plugin. -->","yoast_head_json":{"title":"\u00bfA qu\u00e9 Diego evocamos cuando evocamos a Diego? - LA PATRIA FUTBOLERA","robots":{"index":"index","follow":"follow","max-snippet":"max-snippet:-1","max-image-preview":"max-image-preview:large","max-video-preview":"max-video-preview:-1"},"canonical":"https:\/\/lapatriafutbolera.com.ar\/index.php\/2022\/11\/25\/a-que-diego-evocamos-cuando-evocamos-a-diego\/","og_locale":"es_ES","og_type":"article","og_title":"\u00bfA qu\u00e9 Diego evocamos cuando evocamos a Diego? - LA PATRIA FUTBOLERA","og_description":"\u00bfTe acord\u00e1s de Chaplin? Carlitos deportista, Carlitos bombero, Carlitos boxeador\u2026Tenemos a Diego futbolista, Diego declarante,...","og_url":"https:\/\/lapatriafutbolera.com.ar\/index.php\/2022\/11\/25\/a-que-diego-evocamos-cuando-evocamos-a-diego\/","og_site_name":"LA PATRIA FUTBOLERA","article_published_time":"2022-11-26T00:25:00+00:00","article_modified_time":"2022-11-26T10:28:59+00:00","og_image":[{"width":1080,"height":1080,"url":"https:\/\/lapatriafutbolera.com.ar\/wp-content\/uploads\/2022\/11\/EljGVm8W0AMHfWf.jpg","type":"image\/jpeg"}],"author":"Diego Joy","twitter_card":"summary_large_image","twitter_misc":{"Escrito por":"Diego Joy","Tiempo de lectura":"3 minutos"},"schema":{"@context":"https:\/\/schema.org","@graph":[{"@type":"Article","@id":"https:\/\/lapatriafutbolera.com.ar\/index.php\/2022\/11\/25\/a-que-diego-evocamos-cuando-evocamos-a-diego\/#article","isPartOf":{"@id":"https:\/\/lapatriafutbolera.com.ar\/index.php\/2022\/11\/25\/a-que-diego-evocamos-cuando-evocamos-a-diego\/"},"author":{"name":"Diego Joy","@id":"https:\/\/lapatriafutbolera.com.ar\/#\/schema\/person\/e49f5482d3756b13d01cd253cbc91c9f"},"headline":"\u00bfA qu\u00e9 Diego evocamos cuando evocamos a Diego?","datePublished":"2022-11-26T00:25:00+00:00","dateModified":"2022-11-26T10:28:59+00:00","mainEntityOfPage":{"@id":"https:\/\/lapatriafutbolera.com.ar\/index.php\/2022\/11\/25\/a-que-diego-evocamos-cuando-evocamos-a-diego\/"},"wordCount":546,"commentCount":0,"publisher":{"@id":"https:\/\/lapatriafutbolera.com.ar\/#organization"},"articleSection":["DIEGO","Hincha del Juego"],"inLanguage":"es-AR","potentialAction":[{"@type":"CommentAction","name":"Comment","target":["https:\/\/lapatriafutbolera.com.ar\/index.php\/2022\/11\/25\/a-que-diego-evocamos-cuando-evocamos-a-diego\/#respond"]}]},{"@type":"WebPage","@id":"https:\/\/lapatriafutbolera.com.ar\/index.php\/2022\/11\/25\/a-que-diego-evocamos-cuando-evocamos-a-diego\/","url":"https:\/\/lapatriafutbolera.com.ar\/index.php\/2022\/11\/25\/a-que-diego-evocamos-cuando-evocamos-a-diego\/","name":"\u00bfA qu\u00e9 Diego evocamos cuando evocamos a Diego? - LA PATRIA FUTBOLERA","isPartOf":{"@id":"https:\/\/lapatriafutbolera.com.ar\/#website"},"datePublished":"2022-11-26T00:25:00+00:00","dateModified":"2022-11-26T10:28:59+00:00","breadcrumb":{"@id":"https:\/\/lapatriafutbolera.com.ar\/index.php\/2022\/11\/25\/a-que-diego-evocamos-cuando-evocamos-a-diego\/#breadcrumb"},"inLanguage":"es-AR","potentialAction":[{"@type":"ReadAction","target":["https:\/\/lapatriafutbolera.com.ar\/index.php\/2022\/11\/25\/a-que-diego-evocamos-cuando-evocamos-a-diego\/"]}]},{"@type":"BreadcrumbList","@id":"https:\/\/lapatriafutbolera.com.ar\/index.php\/2022\/11\/25\/a-que-diego-evocamos-cuando-evocamos-a-diego\/#breadcrumb","itemListElement":[{"@type":"ListItem","position":1,"name":"Inicio","item":"https:\/\/lapatriafutbolera.com.ar\/"},{"@type":"ListItem","position":2,"name":"\u00bfA qu\u00e9 Diego evocamos cuando evocamos a Diego?"}]},{"@type":"WebSite","@id":"https:\/\/lapatriafutbolera.com.ar\/#website","url":"https:\/\/lapatriafutbolera.com.ar\/","name":"LA PATRIA FUTBOLERA","description":"","publisher":{"@id":"https:\/\/lapatriafutbolera.com.ar\/#organization"},"potentialAction":[{"@type":"SearchAction","target":{"@type":"EntryPoint","urlTemplate":"https:\/\/lapatriafutbolera.com.ar\/?s={search_term_string}"},"query-input":"required name=search_term_string"}],"inLanguage":"es-AR"},{"@type":"Organization","@id":"https:\/\/lapatriafutbolera.com.ar\/#organization","name":"LA PATRIA FUTBOLERA","url":"https:\/\/lapatriafutbolera.com.ar\/","sameAs":[],"logo":{"@type":"ImageObject","inLanguage":"es-AR","@id":"https:\/\/lapatriafutbolera.com.ar\/#\/schema\/logo\/image\/","url":"https:\/\/lapatriafutbolera.com.ar\/wp-content\/uploads\/2025\/03\/cropped-LA-PATRIA-14.jpg","contentUrl":"https:\/\/lapatriafutbolera.com.ar\/wp-content\/uploads\/2025\/03\/cropped-LA-PATRIA-14.jpg","width":1308,"height":221,"caption":"LA PATRIA FUTBOLERA"},"image":{"@id":"https:\/\/lapatriafutbolera.com.ar\/#\/schema\/logo\/image\/"}},{"@type":"Person","@id":"https:\/\/lapatriafutbolera.com.ar\/#\/schema\/person\/e49f5482d3756b13d01cd253cbc91c9f","name":"Diego Joy","image":{"@type":"ImageObject","inLanguage":"es-AR","@id":"https:\/\/lapatriafutbolera.com.ar\/#\/schema\/person\/image\/","url":"https:\/\/secure.gravatar.com\/avatar\/52a725e9cb5a91747a880972f4bce8fdead4cb339ff6d70a4bf4cccfb55e91fe?s=96&d=mm&r=g","contentUrl":"https:\/\/secure.gravatar.com\/avatar\/52a725e9cb5a91747a880972f4bce8fdead4cb339ff6d70a4bf4cccfb55e91fe?s=96&d=mm&r=g","caption":"Diego Joy"},"url":"https:\/\/lapatriafutbolera.com.ar\/index.php\/author\/diego-joy\/"}]}},"_links":{"self":[{"href":"https:\/\/lapatriafutbolera.com.ar\/index.php\/wp-json\/wp\/v2\/posts\/966","targetHints":{"allow":["GET"]}}],"collection":[{"href":"https:\/\/lapatriafutbolera.com.ar\/index.php\/wp-json\/wp\/v2\/posts"}],"about":[{"href":"https:\/\/lapatriafutbolera.com.ar\/index.php\/wp-json\/wp\/v2\/types\/post"}],"author":[{"embeddable":true,"href":"https:\/\/lapatriafutbolera.com.ar\/index.php\/wp-json\/wp\/v2\/users\/7"}],"replies":[{"embeddable":true,"href":"https:\/\/lapatriafutbolera.com.ar\/index.php\/wp-json\/wp\/v2\/comments?post=966"}],"version-history":[{"count":1,"href":"https:\/\/lapatriafutbolera.com.ar\/index.php\/wp-json\/wp\/v2\/posts\/966\/revisions"}],"predecessor-version":[{"id":968,"href":"https:\/\/lapatriafutbolera.com.ar\/index.php\/wp-json\/wp\/v2\/posts\/966\/revisions\/968"}],"wp:featuredmedia":[{"embeddable":true,"href":"https:\/\/lapatriafutbolera.com.ar\/index.php\/wp-json\/wp\/v2\/media\/967"}],"wp:attachment":[{"href":"https:\/\/lapatriafutbolera.com.ar\/index.php\/wp-json\/wp\/v2\/media?parent=966"}],"wp:term":[{"taxonomy":"category","embeddable":true,"href":"https:\/\/lapatriafutbolera.com.ar\/index.php\/wp-json\/wp\/v2\/categories?post=966"},{"taxonomy":"post_tag","embeddable":true,"href":"https:\/\/lapatriafutbolera.com.ar\/index.php\/wp-json\/wp\/v2\/tags?post=966"}],"curies":[{"name":"wp","href":"https:\/\/api.w.org\/{rel}","templated":true}]}}